{"id":1375,"date":"2020-11-20T15:57:49","date_gmt":"2020-11-20T21:57:49","guid":{"rendered":"http:\/\/losperiodistas.com.mx\/portal\/?p=1375"},"modified":"2020-11-20T16:01:33","modified_gmt":"2020-11-20T22:01:33","slug":"sigamos-haciendo-de-puebla-una-ciudad-revolucionaria-claudia-rivera-vivanco","status":"publish","type":"post","link":"https:\/\/losperiodistas.com.mx\/portal\/sigamos-haciendo-de-puebla-una-ciudad-revolucionaria-claudia-rivera-vivanco\/","title":{"rendered":"\u00abSigamos haciendo de Puebla una Ciudad revolucionaria\u201d: Claudia Rivera Vivanco"},"content":{"rendered":"\n<p class=\"has-vivid-cyan-blue-color has-text-color has-medium-font-size\">REDACCI\u00d3N<\/p>\n\n\n\n<p>La Presidenta Municipal de Puebla, Claudia Rivera Vivanco, encabez\u00f3 la ceremonia conmemorativa del 110 aniversario de la Revoluci\u00f3n Mexicana, celebrada en la plancha del Z\u00f3calo de la Ciudad.<\/p>\n\n\n\n<p>En su discurso, la alcaldesa destac\u00f3 la importancia de recordar las haza\u00f1as hist\u00f3ricas que mantienen vigentes los ideales libertarios y las luchas por la democracia y la justicia social.<\/p>\n\n\n\n<p>Refiri\u00f3 que, bajo un contexto neoliberalista, persisten las disputas entre fuerzas progresistas y conservadoras, como en el pasado; con resistencias sist\u00e9micas que tratan de impedir que se termine el r\u00e9gimen de privilegios de unos cuantos.<\/p>\n\n\n\n<p>\u00abEs hora de lanzarnos con ese pasado que a\u00fan est\u00e1 vivo y que nos llama a buscar nuevas formas de transformar nuestra realidad\u00bb, mencion\u00f3.<\/p>\n\n\n\n<p>De igual forma, concluy\u00f3 con un llamado a la ciudadan\u00eda poblana a no olvidar el legado revolucionario de 1910 que representa la soberan\u00eda de toda una naci\u00f3n. \u00abHoy, por eso nosotras y nosotros estamos aqu\u00ed, para revitalizar esa herencia, para despertar toda su fuerza y toda su energ\u00eda transformadora\u00bb.<\/p>\n\n\n\n<p>La ceremonia conmemorativa del 110 aniversario de la Revoluci\u00f3n Mexicana cont\u00f3 con la presencia de integrantes del Gabinete Municipal, as\u00ed como de los integrantes del Cuerpo Edilicio.<\/p>\n\n\n\n<p>Fuente: <a rel=\"noreferrer noopener\" href=\"https:\/\/bit.ly\/35NTSnw\" target=\"_blank\">https:\/\/bit.ly\/35NTSnw<\/a><\/p>\n","protected":false},"excerpt":{"rendered":"<p>REDACCI\u00d3N La Presidenta Municipal de Puebla, Claudia Rivera Vivanco, encabez\u00f3 la ceremonia conmemorativa del 110 aniversario de la Revoluci\u00f3n Mexicana, [&hellip;]<\/p>\n","protected":false},"author":1,"featured_media":1376,"comment_status":"open","ping_status":"open","sticky":false,"template":"","format":"standard","meta":{"site-sidebar-layout":"default","site-content-layout":"","ast-site-content-layout":"default","site-content-style":"default","site-sidebar-style":"default","ast-global-header-display":"","ast-banner-title-visibility":"","ast-main-header-display":"","ast-hfb-above-header-display":"","ast-hfb-below-header-display":"","ast-hfb-mobile-header-display":"","site-post-title":"","ast-breadcrumbs-content":"","ast-featured-img":"","footer-sml-layout":"","theme-transparent-header-meta":"","adv-header-id-meta":"","stick-header-meta":"","header-above-stick-meta":"","header-main-stick-meta":"","header-below-stick-meta":"","astra-migrate-meta-layouts":"default","ast-page-background-enabled":"default","ast-page-background-meta":{"desktop":{"background-color":"var(--ast-global-color-4)","background-image":"","background-repeat":"repeat","background-position":"center center","background-size":"auto","background-attachment":"scroll","background-type":"","background-media":"","overlay-type":"","overlay-color":"","overlay-opacity":"","overlay-gradient":""},"tablet":{"background-color":"","background-image":"","background-repeat":"repeat","background-position":"center center","background-size":"auto","background-attachment":"scroll","background-type":"","background-media":"","overlay-type":"","overlay-color":"","overlay-opacity":"","overlay-gradient":""},"mobile":{"background-color":"","background-image":"","background-repeat":"repeat","background-position":"center center","background-size":"auto","background-attachment":"scroll","background-type":"","background-media":"","overlay-type":"","overlay-color":"","overlay-opacity":"","overlay-gradient":""}},"ast-content-background-meta":{"desktop":{"background-color":"var(--ast-global-color-5)","background-image":"","background-repeat":"repeat","background-position":"center center","background-size":"auto","background-attachment":"scroll","background-type":"","background-media":"","overlay-type":"","overlay-color":"","overlay-opacity":"","overlay-gradient":""},"tablet":{"background-color":"var(--ast-global-color-5)","background-image":"","background-repeat":"repeat","background-position":"center center","background-size":"auto","background-attachment":"scroll","background-type":"","background-media":"","overlay-type":"","overlay-color":"","overlay-opacity":"","overlay-gradient":""},"mobile":{"background-color":"var(--ast-global-color-5)","background-image":"","background-repeat":"repeat","background-position":"center center","background-size":"auto","background-attachment":"scroll","background-type":"","background-media":"","overlay-type":"","overlay-color":"","overlay-opacity":"","overlay-gradient":""}},"footnotes":""},"categories":[8],"tags":[],"class_list":["post-1375","post","type-post","status-publish","format-standard","has-post-thumbnail","hentry","category-noticias"],"_links":{"self":[{"href":"https:\/\/losperiodistas.com.mx\/portal\/wp-json\/wp\/v2\/posts\/1375","targetHints":{"allow":["GET"]}}],"collection":[{"href":"https:\/\/losperiodistas.com.mx\/portal\/wp-json\/wp\/v2\/posts"}],"about":[{"href":"https:\/\/losperiodistas.com.mx\/portal\/wp-json\/wp\/v2\/types\/post"}],"author":[{"embeddable":true,"href":"https:\/\/losperiodistas.com.mx\/portal\/wp-json\/wp\/v2\/users\/1"}],"replies":[{"embeddable":true,"href":"https:\/\/losperiodistas.com.mx\/portal\/wp-json\/wp\/v2\/comments?post=1375"}],"version-history":[{"count":2,"href":"https:\/\/losperiodistas.com.mx\/portal\/wp-json\/wp\/v2\/posts\/1375\/revisions"}],"predecessor-version":[{"id":1378,"href":"https:\/\/losperiodistas.com.mx\/portal\/wp-json\/wp\/v2\/posts\/1375\/revisions\/1378"}],"wp:featuredmedia":[{"embeddable":true,"href":"https:\/\/losperiodistas.com.mx\/portal\/wp-json\/wp\/v2\/media\/1376"}],"wp:attachment":[{"href":"https:\/\/losperiodistas.com.mx\/portal\/wp-json\/wp\/v2\/media?parent=1375"}],"wp:term":[{"taxonomy":"category","embeddable":true,"href":"https:\/\/losperiodistas.com.mx\/portal\/wp-json\/wp\/v2\/categories?post=1375"},{"taxonomy":"post_tag","embeddable":true,"href":"https:\/\/losperiodistas.com.mx\/portal\/wp-json\/wp\/v2\/tags?post=1375"}],"curies":[{"name":"wp","href":"https:\/\/api.w.org\/{rel}","templated":true}]}}