{"id":13699,"date":"2021-09-28T05:45:54","date_gmt":"2021-09-28T10:45:54","guid":{"rendered":"http:\/\/losperiodistas.com.mx\/portal\/?p=13699"},"modified":"2021-09-28T05:45:55","modified_gmt":"2021-09-28T10:45:55","slug":"fue-una-celebracion-de-la-elite-asi-fue-el-discurso-de-amlo-en-festejos-de-la-independencia-infobae","status":"publish","type":"post","link":"https:\/\/losperiodistas.com.mx\/portal\/fue-una-celebracion-de-la-elite-asi-fue-el-discurso-de-amlo-en-festejos-de-la-independencia-infobae\/","title":{"rendered":"\u201cFue una celebraci\u00f3n de la \u00e9lite\u201d: as\u00ed fue el discurso de AMLO en festejos de la Independencia | Infobae"},"content":{"rendered":"\n<p style=\"font-size:18px\"><em>Luego de 200 a\u00f1os, la bandera del Ejercito Trigarante onde\u00f3 en la explanada de Z\u00f3calo, en el coraz\u00f3n de la Ciudad de M\u00e9xico<\/em><\/p>\n\n\n\n<p><\/p>\n\n\n\n<figure class=\"wp-block-image size-large\"><img fetchpriority=\"high\" decoding=\"async\" width=\"1024\" height=\"685\" src=\"https:\/\/losperiodistas.com.mx\/portal\/wp-content\/uploads\/2021\/09\/Captura-de-Pantalla-2021-09-28-a-las-5.42.36-1024x685.jpg\" alt=\"\" class=\"wp-image-13700\" srcset=\"https:\/\/losperiodistas.com.mx\/portal\/wp-content\/uploads\/2021\/09\/Captura-de-Pantalla-2021-09-28-a-las-5.42.36-1024x685.jpg 1024w, https:\/\/losperiodistas.com.mx\/portal\/wp-content\/uploads\/2021\/09\/Captura-de-Pantalla-2021-09-28-a-las-5.42.36-300x201.jpg 300w, https:\/\/losperiodistas.com.mx\/portal\/wp-content\/uploads\/2021\/09\/Captura-de-Pantalla-2021-09-28-a-las-5.42.36-768x514.jpg 768w, https:\/\/losperiodistas.com.mx\/portal\/wp-content\/uploads\/2021\/09\/Captura-de-Pantalla-2021-09-28-a-las-5.42.36.jpg 1512w\" sizes=\"(max-width: 1024px) 100vw, 1024px\" \/><figcaption>L\u00f3pez Obrador reconoci\u00f3 que aquel 27 de septiembre de 1821 Agust\u00edn de Iturbide \u201ccabalg\u00f3 triunfante, pero muy atr\u00e1s ven\u00edan los liberales, quienes ni siquiera firmaron el acta de Independencia\u201d. (Foto: REUTERS\/Henry Romero)<\/figcaption><\/figure>\n\n\n\n<p class=\"has-vivid-cyan-blue-color has-text-color has-medium-font-size\">INFOBAE<\/p>\n\n\n\n<p>En el marco del&nbsp;<strong>Bicentenario de la Consumaci\u00f3n de la Independencia de M\u00e9xico<\/strong>, el presidente&nbsp;<strong>Andr\u00e9s Manuel L\u00f3pez Obrador<\/strong>&nbsp;ofreci\u00f3 un discurso desde el Z\u00f3calo de la Ciudad de M\u00e9xico (CDMX) dedicado a aquella gesta hist\u00f3rica del&nbsp;<strong>27 de septiembre de 1821.<\/strong><\/p>\n\n\n\n<p>De acuerdo con las palabras del mandatario,\u00a0<strong>\u201cla \u00e9lite pol\u00edtica y militar\u201d\u00a0<\/strong>fue la que march\u00f3 al frente del denominado\u00a0<strong>Ejercito Trigarante<\/strong>, dejando atr\u00e1s a los liberales encabezados por<strong>\u00a0Vicente Guerrero.<\/strong><\/p>\n\n\n\n<p>\u201cA\u00fan cuando la entrada del Ejercito Trigarante a la Ciudad de M\u00e9xico fue un festejo de la \u00e9lite militar y pol\u00edtica, y con poca o ninguna significaci\u00f3n social. No deja de ser el acontecimiento formal en el que desembocaron los acuerdo de Iguala y los Tratados de C\u00f3rdoba\u201d, declar\u00f3 el titular del Ejecutivo en una ceremonia acompa\u00f1ado de<strong>&nbsp;Beatriz Guti\u00e9rrez M\u00fcller<\/strong>, los secretarios de Relaciones Exteriores,&nbsp;<strong>Marcelo Ebrard<\/strong>; de la Defensa Nacional, Luis Crescencio Sandoval y la Jefa de Gobierno de la CDMX,&nbsp;<strong>Claudia Sheinbaum.<\/strong><\/p>\n\n\n\n<p>L\u00f3pez Obrador reconoci\u00f3 que aquel 27 de septiembre de 1821&nbsp;<strong>Agust\u00edn de Iturbide<\/strong>&nbsp;\u201ccabalg\u00f3 triunfante, pero muy atr\u00e1s ven\u00edan los liberales, quienes ni siquiera firmaron el acta de Independencia\u201d.<\/p>\n\n\n\n<p>De igual forma, AMLO dijo que ning\u00fan&nbsp;<strong>pol\u00edtico conservador<\/strong>&nbsp;volvi\u00f3 a \u201centregar\u201d al pueblo de M\u00e9xico ante varios intentos de reconquista y mantener la subordinaci\u00f3n de la Monarqu\u00eda.<img decoding=\"async\" alt=\"Luego de 200 a\u00f1os, la bandera del Ejercito Trigarante onde\u00f3 en la explanada de Z\u00f3calo, en el coraz\u00f3n de la Ciudad de M\u00e9xico\n(Foto: Cortes\u00eda Presidencia)\" src=\"https:\/\/www.infobae.com\/new-resizer\/UfAI7KBz83QTanpeeE3cKq9gIxw=\/420x280\/filters:format(jpg):quality(85)\/cloudfront-us-east-1.images.arcpublishing.com\/infobae\/PAKYDJUKHNE65KSYIDLWCX5IYI.jpeg%20420w\" height=\"681\" width=\"1024\" srcset=\"https:\/\/www.infobae.com\/new-resizer\/UfAI7KBz83QTanpeeE3cKq9gIxw=\/420x280\/filters:format(jpg):quality(85)\/cloudfront-us-east-1.images.arcpublishing.com\/infobae\/PAKYDJUKHNE65KSYIDLWCX5IYI.jpeg 420w,https:\/\/www.infobae.com\/new-resizer\/Ku3QCo9T8ZjcOHypCaYvjq5VAVU=\/768x512\/filters:format(jpg):quality(85)\/cloudfront-us-east-1.images.arcpublishing.com\/infobae\/PAKYDJUKHNE65KSYIDLWCX5IYI.jpeg 768w,https:\/\/www.infobae.com\/new-resizer\/tTI3mK79yMEjKZjupltYS20FF9c=\/992x661\/filters:format(jpg):quality(85)\/cloudfront-us-east-1.images.arcpublishing.com\/infobae\/PAKYDJUKHNE65KSYIDLWCX5IYI.jpeg 992w,https:\/\/www.infobae.com\/new-resizer\/3zHxjF3WAbxxa3F6yfOQYZUuq20=\/1200x800\/filters:format(jpg):quality(85)\/cloudfront-us-east-1.images.arcpublishing.com\/infobae\/PAKYDJUKHNE65KSYIDLWCX5IYI.jpeg 1200w,https:\/\/www.infobae.com\/new-resizer\/QgmDlJs9uATEkfDDcPsPQRGmYDc=\/1440x960\/filters:format(jpg):quality(85)\/cloudfront-us-east-1.images.arcpublishing.com\/infobae\/PAKYDJUKHNE65KSYIDLWCX5IYI.jpeg 1440w\">Luego de 200 a\u00f1os, la bandera del Ejercito Trigarante onde\u00f3 en la explanada de Z\u00f3calo, en el coraz\u00f3n de la Ciudad de M\u00e9xico (Foto: Cortes\u00eda Presidencia)<\/p>\n\n\n\n<p>Adem\u00e1s, se resalt\u00f3 que en la actualidad se tienen buenas relaciones con la Iglesia Cat\u00f3lica. Incluso se inform\u00f3 sobre una carta que envi\u00f3 el&nbsp;<strong>Papa Francisco al Gobierno de M\u00e9xico&nbsp;<\/strong>para pedir disculpas sobre las acciones del pasado.<\/p>\n\n\n\n<p>\u201cEl papa<strong>&nbsp;Francisco es un verdadero cristiano<\/strong>, un defensor de los pobres, y ha enviado una carta a los cat\u00f3licos, en la cual reconoce los errores cometidos en el pasado que han sido muy dolorosos\u201d; detall\u00f3 el mandatario.<\/p>\n\n\n\n<p><strong>DIFERENCIAS CON OTROS PAISES<\/strong><\/p>\n\n\n\n<p>En el discurso del Z\u00f3calo, L\u00f3pez Obrador habl\u00f3 sobre algunos sucesos y relaciones hist\u00f3ricas que tiene M\u00e9xico con determinadas naciones.<\/p>\n\n\n\n<p>El presidente mexicano declar\u00f3 que no hay ning\u00fan reclamo con el gobierno de Rusia, pese a que fueron ellos quienes espiaron, siguieron y asesinaron a Le\u00f3n Trotsky, l\u00edder pol\u00edtico refugiado en M\u00e9xico.<\/p>\n\n\n\n<p>\u201cSi hasta en la Guerra Fr\u00eda tuvimos buenas relaciones. Ahora de manera muy diplom\u00e1tica y elegante nos env\u00edan felicitaciones desde su espacio\u201d, agreg\u00f3.<\/p>\n\n\n\n<p>Tampoco, dijo L\u00f3pez Obrador, existen diferencias con Francia, naci\u00f3n que \u201cha respetado al pueblo mexicano aportando objetos a la m\u00e1s reciente exposici\u00f3n.<\/p>\n\n\n\n<p>En su libro \u201cA la Mitad del Camino\u201d, se narra que&nbsp;<strong>Vladimir Putin<\/strong>&nbsp;fue de los mandatarios que levantaron la mano y con un gesto de amistad le ofrecieron ayuda m\u00e9dica al titular del Ejecutivo en M\u00e9xico.<\/p>\n\n\n\n<p>Por otro lado, al conocer el caso de enfermedad de AMLO, Vladimir Putin, su hom\u00f3logo de Rusia, se comunic\u00f3 con \u00e9l para ofrecerle un equipo de m\u00e9dicos rusos para tratarlo.<\/p>\n\n\n\n<p>Sin embargo, ante la negativa del tabasque\u00f1o, Putin le confes\u00f3 a AMLO que estar\u00eda \u201cdentro de sus oraciones\u201d.<img decoding=\"async\" alt=\"AMLO Consumaci\u00f3n de la Independencia (Foto: Cuartoscuro)\" src=\"https:\/\/www.infobae.com\/new-resizer\/U4hpbVZuqmyMMiofVq2xU4UoU1A=\/420x280\/filters:format(jpg):quality(85)\/cloudfront-us-east-1.images.arcpublishing.com\/infobae\/AVMSHD7QYBHTPO46A74BVWP5NY.jpeg%20420w\" height=\"1280\" width=\"1920\" srcset=\"https:\/\/www.infobae.com\/new-resizer\/U4hpbVZuqmyMMiofVq2xU4UoU1A=\/420x280\/filters:format(jpg):quality(85)\/cloudfront-us-east-1.images.arcpublishing.com\/infobae\/AVMSHD7QYBHTPO46A74BVWP5NY.jpeg 420w,https:\/\/www.infobae.com\/new-resizer\/bUFkBJz62BnhWg4UMKJhV8BlKdY=\/768x512\/filters:format(jpg):quality(85)\/cloudfront-us-east-1.images.arcpublishing.com\/infobae\/AVMSHD7QYBHTPO46A74BVWP5NY.jpeg 768w,https:\/\/www.infobae.com\/new-resizer\/GAlM8_92ZdEvFOiVA1N_qll5GDw=\/992x661\/filters:format(jpg):quality(85)\/cloudfront-us-east-1.images.arcpublishing.com\/infobae\/AVMSHD7QYBHTPO46A74BVWP5NY.jpeg 992w,https:\/\/www.infobae.com\/new-resizer\/QTlIDr4lAIoGMfEutpeVXUYtagw=\/1200x800\/filters:format(jpg):quality(85)\/cloudfront-us-east-1.images.arcpublishing.com\/infobae\/AVMSHD7QYBHTPO46A74BVWP5NY.jpeg 1200w,https:\/\/www.infobae.com\/new-resizer\/tvDOJLEvXvZRsdz10F-FUKRm9OA=\/1440x960\/filters:format(jpg):quality(85)\/cloudfront-us-east-1.images.arcpublishing.com\/infobae\/AVMSHD7QYBHTPO46A74BVWP5NY.jpeg 1440w\">AMLO Consumaci\u00f3n de la Independencia (Foto: Cuartoscuro)<\/p>\n\n\n\n<p>\u201cCuando me contagi\u00e9 de&nbsp;<strong>COVID-19<\/strong>&nbsp;recib\u00ed, entre otras muestras de solidaridad de mexicanos y amigos de otros pa\u00edses, una llamada, que me dio mucho gusto, del Presidente de Rusia,<strong>&nbsp;Vladimir Putin<\/strong>, quien en contraste con su fama de hombre duro me ofreci\u00f3 con generosa insistencia enviar a M\u00e9xico a un grupo de m\u00e9dicos especialistas para atenderme y, aun m\u00e1s, al final de la conversaci\u00f3n me expres\u00f3 que orar\u00eda por m\u00ed\u201d,<\/p>\n\n\n\n<p>El presidente Andr\u00e9s Manuel L\u00f3pez Obrador se\u00f1ala que cuando se conoci\u00f3 su diagn\u00f3stico, m\u00e9dicos mexicanos que le atendieron le suministraron&nbsp;<strong>Remdesivir y Baricitinib,<\/strong>&nbsp;ambos f\u00e1rmacos que le ayudaron a salir de la enfermedad.<\/p>\n\n\n\n<p>El\u00a0<strong>Presidente L\u00f3pez Obrador<\/strong>\u00a0inform\u00f3 el 24 de enero que dio\u00a0<strong>positivo<\/strong>\u00a0a\u00a0<strong>COVID-19<\/strong>\u00a0y present\u00f3 s\u00edntomas leves. El mandatario retom\u00f3 sus conferencias matutinas y eventos p\u00fablicos el 8 de febrero.<\/p>\n\n\n\n<p>Fuente: https:\/\/www.infobae.com\/america\/mexico\/2021\/09\/28\/fue-una-celebracion-de-la-elite-asi-fue-el-discurso-de-amlo-en-festejos-de-la-independencia\/<\/p>\n","protected":false},"excerpt":{"rendered":"<p>Luego de 200 a\u00f1os, la bandera del Ejercito Trigarante onde\u00f3 en la explanada de Z\u00f3calo, en el coraz\u00f3n de la [&hellip;]<\/p>\n","protected":false},"author":1,"featured_media":13700,"comment_status":"open","ping_status":"open","sticky":false,"template":"","format":"standard","meta":{"site-sidebar-layout":"default","site-content-layout":"","ast-site-content-layout":"default","site-content-style":"default","site-sidebar-style":"default","ast-global-header-display":"","ast-banner-title-visibility":"","ast-main-header-display":"","ast-hfb-above-header-display":"","ast-hfb-below-header-display":"","ast-hfb-mobile-header-display":"","site-post-title":"","ast-breadcrumbs-content":"","ast-featured-img":"","footer-sml-layout":"","theme-transparent-header-meta":"","adv-header-id-meta":"","stick-header-meta":"","header-above-stick-meta":"","header-main-stick-meta":"","header-below-stick-meta":"","astra-migrate-meta-layouts":"default","ast-page-background-enabled":"default","ast-page-background-meta":{"desktop":{"background-color":"var(--ast-global-color-4)","background-image":"","background-repeat":"repeat","background-position":"center center","background-size":"auto","background-attachment":"scroll","background-type":"","background-media":"","overlay-type":"","overlay-color":"","overlay-opacity":"","overlay-gradient":""},"tablet":{"background-color":"","background-image":"","background-repeat":"repeat","background-position":"center center","background-size":"auto","background-attachment":"scroll","background-type":"","background-media":"","overlay-type":"","overlay-color":"","overlay-opacity":"","overlay-gradient":""},"mobile":{"background-color":"","background-image":"","background-repeat":"repeat","background-position":"center center","background-size":"auto","background-attachment":"scroll","background-type":"","background-media":"","overlay-type":"","overlay-color":"","overlay-opacity":"","overlay-gradient":""}},"ast-content-background-meta":{"desktop":{"background-color":"var(--ast-global-color-5)","background-image":"","background-repeat":"repeat","background-position":"center center","background-size":"auto","background-attachment":"scroll","background-type":"","background-media":"","overlay-type":"","overlay-color":"","overlay-opacity":"","overlay-gradient":""},"tablet":{"background-color":"var(--ast-global-color-5)","background-image":"","background-repeat":"repeat","background-position":"center center","background-size":"auto","background-attachment":"scroll","background-type":"","background-media":"","overlay-type":"","overlay-color":"","overlay-opacity":"","overlay-gradient":""},"mobile":{"background-color":"var(--ast-global-color-5)","background-image":"","background-repeat":"repeat","background-position":"center center","background-size":"auto","background-attachment":"scroll","background-type":"","background-media":"","overlay-type":"","overlay-color":"","overlay-opacity":"","overlay-gradient":""}},"footnotes":""},"categories":[8],"tags":[4287,4288,199,4286],"class_list":["post-13699","post","type-post","status-publish","format-standard","has-post-thumbnail","hentry","category-noticias","tag-200-anos-consumacion-independencia","tag-agustin-de-iturbide","tag-amlo","tag-ejercito-trigarante"],"_links":{"self":[{"href":"https:\/\/losperiodistas.com.mx\/portal\/wp-json\/wp\/v2\/posts\/13699","targetHints":{"allow":["GET"]}}],"collection":[{"href":"https:\/\/losperiodistas.com.mx\/portal\/wp-json\/wp\/v2\/posts"}],"about":[{"href":"https:\/\/losperiodistas.com.mx\/portal\/wp-json\/wp\/v2\/types\/post"}],"author":[{"embeddable":true,"href":"https:\/\/losperiodistas.com.mx\/portal\/wp-json\/wp\/v2\/users\/1"}],"replies":[{"embeddable":true,"href":"https:\/\/losperiodistas.com.mx\/portal\/wp-json\/wp\/v2\/comments?post=13699"}],"version-history":[{"count":1,"href":"https:\/\/losperiodistas.com.mx\/portal\/wp-json\/wp\/v2\/posts\/13699\/revisions"}],"predecessor-version":[{"id":13701,"href":"https:\/\/losperiodistas.com.mx\/portal\/wp-json\/wp\/v2\/posts\/13699\/revisions\/13701"}],"wp:featuredmedia":[{"embeddable":true,"href":"https:\/\/losperiodistas.com.mx\/portal\/wp-json\/wp\/v2\/media\/13700"}],"wp:attachment":[{"href":"https:\/\/losperiodistas.com.mx\/portal\/wp-json\/wp\/v2\/media?parent=13699"}],"wp:term":[{"taxonomy":"category","embeddable":true,"href":"https:\/\/losperiodistas.com.mx\/portal\/wp-json\/wp\/v2\/categories?post=13699"},{"taxonomy":"post_tag","embeddable":true,"href":"https:\/\/losperiodistas.com.mx\/portal\/wp-json\/wp\/v2\/tags?post=13699"}],"curies":[{"name":"wp","href":"https:\/\/api.w.org\/{rel}","templated":true}]}}