{"id":13679,"date":"2021-09-27T11:33:37","date_gmt":"2021-09-27T16:33:37","guid":{"rendered":"http:\/\/losperiodistas.com.mx\/portal\/?p=13679"},"modified":"2021-09-27T11:33:38","modified_gmt":"2021-09-27T16:33:38","slug":"ayuntamiento-de-puebla-conmemora-el-bicentenario-de-la-independencia-de-mexico","status":"publish","type":"post","link":"https:\/\/losperiodistas.com.mx\/portal\/ayuntamiento-de-puebla-conmemora-el-bicentenario-de-la-independencia-de-mexico\/","title":{"rendered":"Ayuntamiento de Puebla conmemora el bicentenario de la Independencia de M\u00e9xico"},"content":{"rendered":"\n<p><\/p>\n\n\n\n<figure class=\"wp-block-image size-large\"><img fetchpriority=\"high\" decoding=\"async\" width=\"1024\" height=\"681\" src=\"https:\/\/losperiodistas.com.mx\/portal\/wp-content\/uploads\/2021\/09\/Captura-de-Pantalla-2021-09-27-a-las-11.31.28-1024x681.jpg\" alt=\"\" class=\"wp-image-13680\" srcset=\"https:\/\/losperiodistas.com.mx\/portal\/wp-content\/uploads\/2021\/09\/Captura-de-Pantalla-2021-09-27-a-las-11.31.28-1024x681.jpg 1024w, https:\/\/losperiodistas.com.mx\/portal\/wp-content\/uploads\/2021\/09\/Captura-de-Pantalla-2021-09-27-a-las-11.31.28-300x200.jpg 300w, https:\/\/losperiodistas.com.mx\/portal\/wp-content\/uploads\/2021\/09\/Captura-de-Pantalla-2021-09-27-a-las-11.31.28-768x511.jpg 768w, https:\/\/losperiodistas.com.mx\/portal\/wp-content\/uploads\/2021\/09\/Captura-de-Pantalla-2021-09-27-a-las-11.31.28-1536x1022.jpg 1536w, https:\/\/losperiodistas.com.mx\/portal\/wp-content\/uploads\/2021\/09\/Captura-de-Pantalla-2021-09-27-a-las-11.31.28.jpg 1602w\" sizes=\"(max-width: 1024px) 100vw, 1024px\" \/><\/figure>\n\n\n\n<p class=\"has-vivid-cyan-blue-color has-text-color has-medium-font-size\">REDACCI\u00d3N<\/p>\n\n\n\n<p>El Ayuntamiento de Puebla, encabezado por Claudia Rivera Vivanco, llev\u00f3 a cabo la ceremonia conmemorativa de los 200 a\u00f1os de la consumaci\u00f3n de la Independencia de M\u00e9xico en el Paseo Bravo.<\/p>\n\n\n\n<p>La Presidenta Municipal, durante su discurso, desatac\u00f3 los ideales de trato igualitario y la abolici\u00f3n de la esclavitud y el modelo latifundista de la colonia, para la consolidaci\u00f3n de la primera gran transformaci\u00f3n en la historia nacional; los cuales, argument\u00f3, son los mismos que los gobiernos de izquierda \u2014como el que encabeza\u2014han impulsado.<\/p>\n\n\n\n<p>\u201cSomos personas de causas, no de encargos. [\u2026] Los cambios ser\u00e1n de manera paulatina y, siempre, con el pueblo organizado [\u2026] Nos impulsa la fuerza de la historia\u201d, manifest\u00f3 Rivera Vivanco.<\/p>\n\n\n\n<p>Asimismo, el regidor presidente de la Comisi\u00f3n de Infraestructura y Obra P\u00fablica, \u00c1ngel Rivera Ortega, resalt\u00f3 el papel de la capital poblana durante la publicaci\u00f3n del Plan de Iguala, al ser de las primeras ciudades novohispanas en adherirse al mismo y jurar lealtad al proyecto independentista.<\/p>\n\n\n\n<p>De igual forma, Edgar Dami\u00e1n Romero Su\u00e1rez, retom\u00f3 la figura del general Agust\u00edn de Iturbide para reflexionar en torno a la necesidad de que los gobernantes sean abiertos al di\u00e1logo, en lugar de la imposici\u00f3n.<\/p>\n\n\n\n<p>Adem\u00e1s, Romero Su\u00e1rez asever\u00f3 que los esfuerzos realizados por la actual administraci\u00f3n son un gran legado para la posteridad, ya que toman como base el llamado hecho hace tres a todos los sectores sociales para la transformaci\u00f3n de la vida p\u00fablica de M\u00e9xico.<\/p>\n\n\n\n<p>En este evento estuvieron presentes el s\u00edndico Municipal, Gonzalo Castillo P\u00e9rez; la Presidenta Municipal suplente, Argelia Arriaga Garc\u00eda; as\u00ed como miembros del Cuerpo Edilicio y el Gabinete Municipal.<\/p>\n\n\n\n<p>Fuente: https:\/\/www.pueblacapital.gob.mx\/noticias\/noticias-destacadas\/item\/15354-ayuntamiento-de-puebla-conmemora-bicentenario-de-la-consumacion-de-la-independencia<\/p>\n","protected":false},"excerpt":{"rendered":"<p>REDACCI\u00d3N El Ayuntamiento de Puebla, encabezado por Claudia Rivera Vivanco, llev\u00f3 a cabo la ceremonia conmemorativa de los 200 a\u00f1os [&hellip;]<\/p>\n","protected":false},"author":1,"featured_media":13680,"comment_status":"open","ping_status":"open","sticky":false,"template":"","format":"standard","meta":{"site-sidebar-layout":"default","site-content-layout":"","ast-site-content-layout":"default","site-content-style":"default","site-sidebar-style":"default","ast-global-header-display":"","ast-banner-title-visibility":"","ast-main-header-display":"","ast-hfb-above-header-display":"","ast-hfb-below-header-display":"","ast-hfb-mobile-header-display":"","site-post-title":"","ast-breadcrumbs-content":"","ast-featured-img":"","footer-sml-layout":"","theme-transparent-header-meta":"","adv-header-id-meta":"","stick-header-meta":"","header-above-stick-meta":"","header-main-stick-meta":"","header-below-stick-meta":"","astra-migrate-meta-layouts":"default","ast-page-background-enabled":"default","ast-page-background-meta":{"desktop":{"background-color":"var(--ast-global-color-4)","background-image":"","background-repeat":"repeat","background-position":"center center","background-size":"auto","background-attachment":"scroll","background-type":"","background-media":"","overlay-type":"","overlay-color":"","overlay-opacity":"","overlay-gradient":""},"tablet":{"background-color":"","background-image":"","background-repeat":"repeat","background-position":"center center","background-size":"auto","background-attachment":"scroll","background-type":"","background-media":"","overlay-type":"","overlay-color":"","overlay-opacity":"","overlay-gradient":""},"mobile":{"background-color":"","background-image":"","background-repeat":"repeat","background-position":"center center","background-size":"auto","background-attachment":"scroll","background-type":"","background-media":"","overlay-type":"","overlay-color":"","overlay-opacity":"","overlay-gradient":""}},"ast-content-background-meta":{"desktop":{"background-color":"var(--ast-global-color-5)","background-image":"","background-repeat":"repeat","background-position":"center center","background-size":"auto","background-attachment":"scroll","background-type":"","background-media":"","overlay-type":"","overlay-color":"","overlay-opacity":"","overlay-gradient":""},"tablet":{"background-color":"var(--ast-global-color-5)","background-image":"","background-repeat":"repeat","background-position":"center center","background-size":"auto","background-attachment":"scroll","background-type":"","background-media":"","overlay-type":"","overlay-color":"","overlay-opacity":"","overlay-gradient":""},"mobile":{"background-color":"var(--ast-global-color-5)","background-image":"","background-repeat":"repeat","background-position":"center center","background-size":"auto","background-attachment":"scroll","background-type":"","background-media":"","overlay-type":"","overlay-color":"","overlay-opacity":"","overlay-gradient":""}},"footnotes":""},"categories":[8],"tags":[4285],"class_list":["post-13679","post","type-post","status-publish","format-standard","has-post-thumbnail","hentry","category-noticias","tag-bicentenario-independencia"],"_links":{"self":[{"href":"https:\/\/losperiodistas.com.mx\/portal\/wp-json\/wp\/v2\/posts\/13679","targetHints":{"allow":["GET"]}}],"collection":[{"href":"https:\/\/losperiodistas.com.mx\/portal\/wp-json\/wp\/v2\/posts"}],"about":[{"href":"https:\/\/losperiodistas.com.mx\/portal\/wp-json\/wp\/v2\/types\/post"}],"author":[{"embeddable":true,"href":"https:\/\/losperiodistas.com.mx\/portal\/wp-json\/wp\/v2\/users\/1"}],"replies":[{"embeddable":true,"href":"https:\/\/losperiodistas.com.mx\/portal\/wp-json\/wp\/v2\/comments?post=13679"}],"version-history":[{"count":1,"href":"https:\/\/losperiodistas.com.mx\/portal\/wp-json\/wp\/v2\/posts\/13679\/revisions"}],"predecessor-version":[{"id":13681,"href":"https:\/\/losperiodistas.com.mx\/portal\/wp-json\/wp\/v2\/posts\/13679\/revisions\/13681"}],"wp:featuredmedia":[{"embeddable":true,"href":"https:\/\/losperiodistas.com.mx\/portal\/wp-json\/wp\/v2\/media\/13680"}],"wp:attachment":[{"href":"https:\/\/losperiodistas.com.mx\/portal\/wp-json\/wp\/v2\/media?parent=13679"}],"wp:term":[{"taxonomy":"category","embeddable":true,"href":"https:\/\/losperiodistas.com.mx\/portal\/wp-json\/wp\/v2\/categories?post=13679"},{"taxonomy":"post_tag","embeddable":true,"href":"https:\/\/losperiodistas.com.mx\/portal\/wp-json\/wp\/v2\/tags?post=13679"}],"curies":[{"name":"wp","href":"https:\/\/api.w.org\/{rel}","templated":true}]}}