{"id":13676,"date":"2021-09-27T11:21:35","date_gmt":"2021-09-27T16:21:35","guid":{"rendered":"http:\/\/losperiodistas.com.mx\/portal\/?p=13676"},"modified":"2021-09-27T11:21:37","modified_gmt":"2021-09-27T16:21:37","slug":"el-louvre-del-cine-abre-en-hollywood-tras-un-siglo-de-espera-y-costar-100-millones-mas-de-lo-esperado-papel","status":"publish","type":"post","link":"https:\/\/losperiodistas.com.mx\/portal\/el-louvre-del-cine-abre-en-hollywood-tras-un-siglo-de-espera-y-costar-100-millones-mas-de-lo-esperado-papel\/","title":{"rendered":"El Louvre del cine abre en Hollywood tras un siglo de espera y costar 100 millones m\u00e1s de lo esperado | Papel"},"content":{"rendered":"\n<p style=\"font-size:18px\"><em>La Academia inaugura su anhelado museo, un conjunto de 28.000 metros cuadrados dise\u00f1ado por Renzo Piano. Una exposici\u00f3n temporal sobre Almod\u00f3var ampl\u00eda su oferta.<\/em><\/p>\n\n\n\n<p><\/p>\n\n\n\n<figure class=\"wp-block-image size-large\"><img fetchpriority=\"high\" decoding=\"async\" width=\"1024\" height=\"682\" src=\"https:\/\/losperiodistas.com.mx\/portal\/wp-content\/uploads\/2021\/09\/Captura-de-Pantalla-2021-09-27-a-las-11.18.15-1024x682.jpg\" alt=\"\" class=\"wp-image-13677\" srcset=\"https:\/\/losperiodistas.com.mx\/portal\/wp-content\/uploads\/2021\/09\/Captura-de-Pantalla-2021-09-27-a-las-11.18.15-1024x682.jpg 1024w, https:\/\/losperiodistas.com.mx\/portal\/wp-content\/uploads\/2021\/09\/Captura-de-Pantalla-2021-09-27-a-las-11.18.15-300x200.jpg 300w, https:\/\/losperiodistas.com.mx\/portal\/wp-content\/uploads\/2021\/09\/Captura-de-Pantalla-2021-09-27-a-las-11.18.15-768x511.jpg 768w, https:\/\/losperiodistas.com.mx\/portal\/wp-content\/uploads\/2021\/09\/Captura-de-Pantalla-2021-09-27-a-las-11.18.15-1536x1023.jpg 1536w, https:\/\/losperiodistas.com.mx\/portal\/wp-content\/uploads\/2021\/09\/Captura-de-Pantalla-2021-09-27-a-las-11.18.15.jpg 1976w\" sizes=\"(max-width: 1024px) 100vw, 1024px\" \/><figcaption>Fotograf\u00edas: AFP<\/figcaption><\/figure>\n\n\n\n<p class=\"has-vivid-cyan-blue-color has-text-color has-medium-font-size\">PABLO SCARPELLINI \/ Los \u00c1ngeles \/ PAPEL \/ EL MUNDO<\/p>\n\n\n\n<p>El sue\u00f1o llevaba coleando desde 1929. La revelaci\u00f3n la tuvo Douglas Fairbanks, el actor y primer presidente de la Academia de Hollywood, cuando decidi\u00f3 que a la ceremonia de premios que acababan de parir para celebrar los logros de la industria le hac\u00eda falta una guinda, la de un museo dedicado al cine todo el a\u00f1o. El pr\u00f3ximo 30 de septiembre el sue\u00f1o se har\u00e1 realidad, casi 100 a\u00f1os m\u00e1s tarde.<strong>&nbsp;\u00ab\u00a1Finalmente, por fin!\u00bb<\/strong>, exclam\u00f3 Tom Hanks con \u00edmpetu para presentar ante los medios el proyecto en el que llevan a\u00f1os trabajando. \u00abBienvenidos al Museo de Cine de la Academia\u00bb.<\/p>\n\n\n\n<p>Es la referencia cultural que le faltaba a la ciudad que lleva d\u00e9cadas presumiendo de ser la meca del cine. Ser\u00e1 grandilocuente, como no pod\u00eda ser de otra forma trat\u00e1ndose de Hollywood.&nbsp;<strong>Tendr\u00e1 28.000 metros cuadrados repartidos en siete plantas<\/strong>, dos edificios unidos por dos puentes de cristal, una sala de cine para 1.000 espectadores -con forma de globo y una gran terraza con vistas al cartel de Hollywood-, otra m\u00e1s peque\u00f1a con capacidad para 288 personas, y<a href=\"https:\/\/www.elmundo.es\/cultura\/cine\/2021\/09\/27\/61508c4921efa0b56f8b45aa.html\">&nbsp;la firma de un premio Pritzker de arquitectura, el italiano Renzo Piano.<\/a><\/p>\n\n\n\n<p>Todo ello por unos<strong>&nbsp;482 millones de d\u00f3lares, 100 m\u00e1s de los presupuestados<\/strong>&nbsp;para este \u00abParten\u00f3n\u00bb de los museos del cine a del mundo que Hanks consideraba \u00abnecesario\u00bb. Hab\u00eda que \u00abcelebrar todo lo que esta ciudad le ha dado al mundo en forma de arte\u00bb. \u00abLlev\u00e1bamos hablando de esto desde hace 20 a\u00f1os y el resultado sobrepasa con creces nuestras expectativas\u00bb, indic\u00f3.<\/p>\n\n\n\n<p>Para David Rubin, el presidente de la Academia, solamente una instituci\u00f3n as\u00ed \u00abpod\u00eda crear un museo de esta magnitud y vitalidad en la capital mundial del cine\u00bb. Bill Kramer, su director, cree que ser\u00e1&nbsp;<strong>\u00abun s\u00edmbolo desde su primer d\u00eda\u00bb<\/strong>&nbsp;y un \u00abpunto de visita obligado\u00bb para turistas de todo el mundo. En la Academia se jactan de haber creado una tienda de caramelos irresistible para cin\u00e9filos y mit\u00f3manos.<\/p>\n\n\n\n<p>Lo es y no lo es. El museo cumple a la hora de generar cantidades importantes de ilusi\u00f3n y nostalgia, cargado de reminiscencias de tiempos cinematogr\u00e1ficos f\u00e9rtiles, de objetos m\u00e1gicos del pasado: los zapatos de rub\u00edes de Judy Garland en&nbsp;<em>El mago de Oz<\/em>, el nunchaku de Bruce Lee, el Oscar de Clark Gable por&nbsp;<em>Sucedi\u00f3 una noche&nbsp;<\/em>en 1934, el extravagante vestido que luci\u00f3 Cher la noche que gan\u00f3 su estatuilla dorada, o el E.T. en tama\u00f1o real y ojos azules tristones con el que Steven Spielberg plasm\u00f3 mejor que nunca el concepto de la magia en el cine. Es solo una parte del mayor archivo cinematogr\u00e1fico del mundo.<\/p>\n\n\n\n<figure class=\"wp-block-image\"><img decoding=\"async\" src=\"https:\/\/e00-elmundo.uecdn.es\/assets\/multimedia\/imagenes\/2021\/09\/27\/16327306213279.jpg\" alt=\"\"\/><\/figure>\n\n\n\n<p>Adem\u00e1s, hay una sala dedicada al realizador neoyorquino Spike Lee y una exposici\u00f3n temporal sobre el talento del manchego universal,&nbsp;<strong>Pedro Almod\u00f3var<\/strong>, una inmersi\u00f3n en un universo azul -por la moqueta y las paredes- entre una docena de grandes pantallas que alternan escenas memorables de su obra, desde&nbsp;<em>Tacones lejanos<\/em>&nbsp;hasta&nbsp;<em>Mujeres al borde de un ataque de nervios<\/em>&nbsp;y su pen\u00faltima pel\u00edcula&nbsp;<em>Dolor y gloria<\/em>. Cuesta no ensimismarse con la sucesi\u00f3n en bucle de secuencias almodovarianas.<\/p>\n\n\n\n<p>Pero, al mismo tiempo, la ambiciosa propuesta de la Academia adolece de un sentido narrativo, de un orden cronol\u00f3gico que abarque los 125 a\u00f1os de historia del cine, de un valor acad\u00e9mico. Y se echa en falta a muchos talentos del g\u00e9nero: no hay espacio para el neorrealismo italiano, para la Nouvelle Vague, para<strong>&nbsp;Michael Haneke, Woody Allen o Fritz Lang<\/strong>, por nombrar a algunos. No parece f\u00e1cil el ejercicio de encajar un oc\u00e9ano en una pecera, por muchos recursos que se destinen.<\/p>\n\n\n\n<figure class=\"wp-block-image\"><img decoding=\"async\" src=\"https:\/\/e00-elmundo.uecdn.es\/assets\/multimedia\/imagenes\/2021\/09\/27\/16327306248276.jpg\" alt=\"\"\/><\/figure>\n\n\n\n<p>El Museo del Cine de la Academia lo podr\u00e1 compensar, presumiblemente, con el tiempo y con la&nbsp;<strong>versatilidad<\/strong>&nbsp;que le otorgan las dos magn\u00edficas salas de cine que abrir\u00e1n sus puertas al p\u00fablico el jueves que viene. De aqu\u00ed a que termine el a\u00f1o habr\u00e1 ciclos dedicados a Hayao Miyazaki -el director de culto japon\u00e9s sobre el que gira la primera retrospectiva en Norteam\u00e9rica, con objetos que nunca hab\u00edan salido de Jap\u00f3n-, a la neozelandesa Jane Campion -incluyendo varios cortos de la directora de&nbsp;<em>El Piano<\/em>&#8211; y a Satyajit Ray, el maestro indio del cine, entre otros.<\/p>\n\n\n\n<blockquote class=\"wp-block-quote is-layout-flow wp-block-quote-is-layout-flow\"><p>Est\u00e1n los zapatos de&nbsp;<em>El mago de Oz<\/em>, el nunchaku de Bruce Lee, el Oscar de Clark Gable&#8230;<strong><\/strong><\/p><\/blockquote>\n\n\n\n<p>Est\u00e1 previsto tambi\u00e9n un ciclo homenajeando a las mujeres compositoras donde han incluido filmes como&nbsp;<em>Tron<\/em>,&nbsp;<em>Atlantis<\/em>,&nbsp;<em>Emma<\/em>&nbsp;y&nbsp;<em>Eyes wide shut<\/em>, y otro durante todo el mes de octubre sobre cine de terror, con t\u00edtulos de Guillermo del Toro, William Friedkin o Francis Ford Coppola. El&nbsp;<strong>7 de octubre proyectar\u00e1n&nbsp;<\/strong><em><strong>Psicosis<\/strong><\/em><strong>, de Alfred Hitchcock, en la pantalla gigante del gran globo de Piano, que no es poca cosa<\/strong>. La del nuevo museo del cine de Los \u00c1ngeles ser\u00e1, como m\u00ednimo, una soberbia filmoteca para todos los p\u00fablicos con un fondo de armario descomunal.<\/p>\n\n\n\n<figure class=\"wp-block-image\"><img decoding=\"async\" src=\"https:\/\/e00-elmundo.uecdn.es\/assets\/multimedia\/imagenes\/2021\/09\/27\/16327306217838.jpg\" alt=\"\"\/><\/figure>\n\n\n\n<p>\u00abSomos un museo internacional y estaremos contando historias internacionales de forma constante\u00bb, admit\u00eda el director del museo ante un corrillo de periodistas extranjeros. \u00abQueremos ser algo m\u00e1s que un museo del Oscar\u00bb.<\/p>\n\n\n\n<p>Sobre los Oscar, por cierto, las referencias son amplias. Hay una sala que recrea momentos m\u00e1gicos de&nbsp;<strong>las muchas ceremonias en el ba\u00fal de los recuerdos<\/strong>&nbsp;y una peque\u00f1a sala circular repleta de estatuillas donadas al museo. Hay trajes varios, el men\u00fa de la primera ceremonia de mayo 1929 y hasta el sobre en el que Faye Dunaway ley\u00f3 el nombre de la pel\u00edcula equivocada en 2017,&nbsp;<em>La La Land<\/em>&nbsp;en lugar de&nbsp;<em>Moonlight<\/em>.<\/p>\n\n\n\n<p>Existe adem\u00e1s la opci\u00f3n de vivir\u00a0<strong>\u00abuna experiencia de Oscar\u00bb<\/strong>\u00a0por 15 d\u00f3lares adicionales a los 25 que cuesta la entrada general. Se posa con un Oscar aut\u00e9ntico y se inmortaliza la escena en un v\u00eddeo. M\u00e1s de uno morder\u00e1 el anzuelo.<\/p>\n\n\n\n<p>Fuente: https:\/\/www.elmundo.es\/papel\/cultura\/2021\/09\/26\/6150829ee4d4d81b768b4624.html<\/p>\n","protected":false},"excerpt":{"rendered":"<p>La Academia inaugura su anhelado museo, un conjunto de 28.000 metros cuadrados dise\u00f1ado por Renzo Piano. Una exposici\u00f3n temporal sobre [&hellip;]<\/p>\n","protected":false},"author":1,"featured_media":13677,"comment_status":"open","ping_status":"open","sticky":false,"template":"","format":"standard","meta":{"site-sidebar-layout":"default","site-content-layout":"","ast-site-content-layout":"default","site-content-style":"default","site-sidebar-style":"default","ast-global-header-display":"","ast-banner-title-visibility":"","ast-main-header-display":"","ast-hfb-above-header-display":"","ast-hfb-below-header-display":"","ast-hfb-mobile-header-display":"","site-post-title":"","ast-breadcrumbs-content":"","ast-featured-img":"","footer-sml-layout":"","theme-transparent-header-meta":"","adv-header-id-meta":"","stick-header-meta":"","header-above-stick-meta":"","header-main-stick-meta":"","header-below-stick-meta":"","astra-migrate-meta-layouts":"default","ast-page-background-enabled":"default","ast-page-background-meta":{"desktop":{"background-color":"var(--ast-global-color-4)","background-image":"","background-repeat":"repeat","background-position":"center center","background-size":"auto","background-attachment":"scroll","background-type":"","background-media":"","overlay-type":"","overlay-color":"","overlay-opacity":"","overlay-gradient":""},"tablet":{"background-color":"","background-image":"","background-repeat":"repeat","background-position":"center center","background-size":"auto","background-attachment":"scroll","background-type":"","background-media":"","overlay-type":"","overlay-color":"","overlay-opacity":"","overlay-gradient":""},"mobile":{"background-color":"","background-image":"","background-repeat":"repeat","background-position":"center center","background-size":"auto","background-attachment":"scroll","background-type":"","background-media":"","overlay-type":"","overlay-color":"","overlay-opacity":"","overlay-gradient":""}},"ast-content-background-meta":{"desktop":{"background-color":"var(--ast-global-color-5)","background-image":"","background-repeat":"repeat","background-position":"center center","background-size":"auto","background-attachment":"scroll","background-type":"","background-media":"","overlay-type":"","overlay-color":"","overlay-opacity":"","overlay-gradient":""},"tablet":{"background-color":"var(--ast-global-color-5)","background-image":"","background-repeat":"repeat","background-position":"center center","background-size":"auto","background-attachment":"scroll","background-type":"","background-media":"","overlay-type":"","overlay-color":"","overlay-opacity":"","overlay-gradient":""},"mobile":{"background-color":"var(--ast-global-color-5)","background-image":"","background-repeat":"repeat","background-position":"center center","background-size":"auto","background-attachment":"scroll","background-type":"","background-media":"","overlay-type":"","overlay-color":"","overlay-opacity":"","overlay-gradient":""}},"footnotes":""},"categories":[8],"tags":[1743,4284],"class_list":["post-13676","post","type-post","status-publish","format-standard","has-post-thumbnail","hentry","category-noticias","tag-hollywood","tag-museo-cine"],"_links":{"self":[{"href":"https:\/\/losperiodistas.com.mx\/portal\/wp-json\/wp\/v2\/posts\/13676","targetHints":{"allow":["GET"]}}],"collection":[{"href":"https:\/\/losperiodistas.com.mx\/portal\/wp-json\/wp\/v2\/posts"}],"about":[{"href":"https:\/\/losperiodistas.com.mx\/portal\/wp-json\/wp\/v2\/types\/post"}],"author":[{"embeddable":true,"href":"https:\/\/losperiodistas.com.mx\/portal\/wp-json\/wp\/v2\/users\/1"}],"replies":[{"embeddable":true,"href":"https:\/\/losperiodistas.com.mx\/portal\/wp-json\/wp\/v2\/comments?post=13676"}],"version-history":[{"count":1,"href":"https:\/\/losperiodistas.com.mx\/portal\/wp-json\/wp\/v2\/posts\/13676\/revisions"}],"predecessor-version":[{"id":13678,"href":"https:\/\/losperiodistas.com.mx\/portal\/wp-json\/wp\/v2\/posts\/13676\/revisions\/13678"}],"wp:featuredmedia":[{"embeddable":true,"href":"https:\/\/losperiodistas.com.mx\/portal\/wp-json\/wp\/v2\/media\/13677"}],"wp:attachment":[{"href":"https:\/\/losperiodistas.com.mx\/portal\/wp-json\/wp\/v2\/media?parent=13676"}],"wp:term":[{"taxonomy":"category","embeddable":true,"href":"https:\/\/losperiodistas.com.mx\/portal\/wp-json\/wp\/v2\/categories?post=13676"},{"taxonomy":"post_tag","embeddable":true,"href":"https:\/\/losperiodistas.com.mx\/portal\/wp-json\/wp\/v2\/tags?post=13676"}],"curies":[{"name":"wp","href":"https:\/\/api.w.org\/{rel}","templated":true}]}}