{"id":13671,"date":"2021-09-27T09:47:18","date_gmt":"2021-09-27T14:47:18","guid":{"rendered":"http:\/\/losperiodistas.com.mx\/portal\/?p=13671"},"modified":"2021-09-27T09:47:19","modified_gmt":"2021-09-27T14:47:19","slug":"adan-dominguez-el-hombre-que-ocupara-la-primera-gerencia-del-ayuntamiento-de-puebla-eup","status":"publish","type":"post","link":"https:\/\/losperiodistas.com.mx\/portal\/adan-dominguez-el-hombre-que-ocupara-la-primera-gerencia-del-ayuntamiento-de-puebla-eup\/","title":{"rendered":"Ad\u00e1n Dom\u00ednguez, el hombre que ocupar\u00e1 la primera Gerencia del Ayuntamiento de Puebla | EUP"},"content":{"rendered":"\n<p style=\"font-size:18px\"><em>El gobierno de Eduardo Rivera P\u00e9rez va a instaurar este cargo como en otras ciudades del pa\u00eds<\/em><\/p>\n\n\n\n<figure class=\"wp-block-embed is-type-video is-provider-youtube wp-block-embed-youtube wp-embed-aspect-16-9 wp-has-aspect-ratio\"><div class=\"wp-block-embed__wrapper\">\n<iframe title=\"El hombre que ocupar\u00e1 la primera Gerencia del Ayuntamiento de Puebla\" width=\"500\" height=\"281\" src=\"https:\/\/www.youtube.com\/embed\/AadbTrV19wM?feature=oembed\" frameborder=\"0\" allow=\"accelerometer; autoplay; clipboard-write; encrypted-media; gyroscope; picture-in-picture; web-share\" referrerpolicy=\"strict-origin-when-cross-origin\" allowfullscreen><\/iframe>\n<\/div><\/figure>\n\n\n\n<p><\/p>\n\n\n\n<p class=\"has-vivid-cyan-blue-color has-text-color has-medium-font-size\">ABEL CUAPA \/ EL UNIVERSAL PUEBLA<\/p>\n\n\n\n<p>Una vez que inicie la administraci\u00f3n de&nbsp;<strong>Eduardo Rivera P\u00e9rez&nbsp;<\/strong>en el Ayuntamiento de Puebla, el pr\u00f3ximo 15 de octubre, se contempla instaurar una&nbsp;<strong>Gerencia de Gobierno<\/strong>, la cual ser\u00e1 encabezada por Ad\u00e1n Dom\u00ednguez S\u00e1nchez.<a href=\"https:\/\/www.eluniversalpuebla.com.mx\/ciudad\/busca-lalo-rivera-no-perder-los-recursos-federales-para-el-mercado-amalucan\"><br>Busca Lalo Rivera no perder los recursos federales para el mercado Amalucan<\/a><\/p>\n\n\n\n<figure class=\"wp-block-image\"><img decoding=\"async\" src=\"https:\/\/www.eluniversalpuebla.com.mx\/sites\/default\/files\/styles\/f14-210x129\/public\/2021\/09\/21\/crv-erp.jpg?itok=e9bdUs9L\" alt=\"\"\/><\/figure>\n\n\n\n<p><a href=\"https:\/\/www.eluniversalpuebla.com.mx\/ciudad\/busca-lalo-rivera-no-perder-los-recursos-federales-para-el-mercado-amalucan\"><\/a><\/p>\n\n\n\n<p>En una conversaci\u00f3n con&nbsp;<strong>El Universal Puebla,<\/strong>&nbsp;el pol\u00edtico coment\u00f3 que su papel pretende eficientar el trabajo del pr\u00f3ximo alcalde sin restarle funciones al \u00e1rea de&nbsp;<strong>Gobernaci\u00f3n municipal.<\/strong><\/p>\n\n\n\n<p>Coment\u00f3 que desde que gan\u00f3 la elecci\u00f3n el pasado 6 de junio, el equipo de trabajo de&nbsp;<strong>Rivera P\u00e9rez&nbsp;<\/strong>se ha enfocado en preparar el terreno para el inicio de esta gesti\u00f3n panista.<\/p>\n\n\n\n<blockquote class=\"wp-block-quote is-layout-flow wp-block-quote-is-layout-flow\"><p>\u201cCon la experiencia del equipo de trabajo que lo acompa\u00f1amos, el haber estado en una administraci\u00f3n antes y la suma de algunos otros ciudadanos, y el gobierno de coalici\u00f3n, donde est\u00e1 el PRI, PRD, PAN, Compromiso por Puebla, PSI, se ha hecho un equipo transversal, heterog\u00e9neo, con riqueza y fortaleza\u201d, coment\u00f3.<\/p><p>\u201cBuscamos corregir el rumbo de Puebla que se encuentra en un momento complicado, sumado a la crisis de salud por la pandemia y econ\u00f3mica\u201d, agreg\u00f3.<\/p><\/blockquote>\n\n\n\n<h2 class=\"wp-block-heading\"><strong>\u00bfCu\u00e1l ser\u00e1 su papel?<\/strong><\/h2>\n\n\n\n<p>Eduardo ha dado a conocer algunos cargos, como Alejandro Ca\u00f1edo Priesca, en el \u00e1rea de Turismo; Karina Romero, en Igualdad Sustantiva; Myriam Arabi\u00e1n Couttolenc, en Medio Ambiente, y un servidor del PAN en la Gerencia de Gobierno.<\/p>\n\n\n\n<p>Una figura que funciona de una manera muy eficiente en otras ciudades del mundo, incluso en algunas ciudades de M\u00e9xico y busca eficientar el trabajo del gobierno en una ciudad tan grande como lo es Puebla -somos un mill\u00f3n 700 mil habitantes-, pero tambi\u00e9n para la zona metropolitana.<\/p>\n\n\n\n<p>En ese sentido, no solo se gobierna para el mill\u00f3n 700 habitantes, sino para los 3 millones y medio de habitantes que, aunque viven en San Andr\u00e9s o San Pedro Cholula, Cuautlancingo, Coronango, vienen a la capital del estado a estudiar, a trabajar, comprar o cruzan la ciudad, es decir, los servicios p\u00fablicos van dirigidos a estos tres millones de habitantes.<a href=\"https:\/\/www.eluniversalpuebla.com.mx\/economia-y-negocios\/pide-canaco-lalo-rivera-regular-el-comercio-ambulante-en-la-ciudad-de-puebla\"><br>Pide Canaco a Lalo Rivera regular el comercio ambulante en la ciudad de Puebla<\/a><\/p>\n\n\n\n<figure class=\"wp-block-image\"><a href=\"https:\/\/www.eluniversalpuebla.com.mx\/economia-y-negocios\/pide-canaco-lalo-rivera-regular-el-comercio-ambulante-en-la-ciudad-de-puebla\"><img decoding=\"async\" src=\"https:\/\/www.eluniversalpuebla.com.mx\/sites\/default\/files\/styles\/f14-210x129\/public\/2021\/09\/23\/canaco-el-universal-puebla.jpg?itok=6DBDckAV\" alt=\"\"\/><\/a><\/figure>\n\n\n\n<p>Lo que se busca con esta gerencia es eficientar esta administraci\u00f3n del gobierno, y coadyuvar con todos los titulares en dar un mejor servicio, mejores resultados para la ciudad.<\/p>\n\n\n\n<p>En otros pa\u00edses es muy com\u00fan que exista esta figura y ayuda a generar pol\u00edticas que mejoren y fortalezcan los servicios p\u00fablicos a los ciudadanos.<\/p>\n\n\n\n<h2 class=\"wp-block-heading\"><strong>\u00bfEste cargo no le resta a Gobernaci\u00f3n municipal?<\/strong><\/h2>\n\n\n\n<p>Es totalmente distinto, Gobernaci\u00f3n va dirigido a mantener la gobernabilidad, la calma, el orden dentro de los distintos sectores de la sociedad, y la Gerencia es un cargo en donde se administrar\u00e1n las distintas \u00e1reas del gobierno.<\/p>\n\n\n\n<h2 class=\"wp-block-heading\"><strong>\u00bfLes ayuda que ya estuvieron en un gobierno anterior?<\/strong><\/h2>\n\n\n\n<p>S\u00ed, normalmente cuando un gobierno llega -y lo estamos viviendo-, es que el desconocimiento, la falta de experiencia, la informaci\u00f3n que se tiene, genera que los primeros a\u00f1os de gobierno no haya muchas acciones, y a veces, hasta el primero o tercer a\u00f1o.<\/p>\n\n\n\n<p>Sin embargo, esta experiencia que Eduardo Rivera ya tuvo como alcalde ayuda a que haya determinado y clarificado cu\u00e1l es la visi\u00f3n y rumbo que tiene para la ciudad.<\/p>\n\n\n\n<p>No vamos a llegar a aprender, a conocer, llegamos ya con la experiencia y el conocimiento del gobierno y de la ciudad. S\u00ed, es otra ciudad distinta a la de hace 10 a\u00f1os, hay m\u00e1s habitantes y las necesidades son distintas, pero es integrar una experiencia que, actualiz\u00e1ndola con el diagn\u00f3stico y necesidades actuales, te permite llegar con estrategias muy claras para mejorar las condiciones.<br>&nbsp;<\/p>\n\n\n\n<h2 class=\"wp-block-heading\"><strong>\u00bfYa est\u00e1n listos para recibir el gobierno municipal?<\/strong><\/h2>\n\n\n\n<p>Ha habido un gran avance. El alcalde electo Eduardo Rivera siempre es previsor, no le gusta llegar a ver qu\u00e9 hay sino llegar a hacer todas las acciones ya definidas.<\/p>\n\n\n\n<p>Lo que se ha hecho en esta transici\u00f3n es preparar todas esas acciones que vamos a hacer.<\/p>\n\n\n\n<p>La instrucci\u00f3n que nos ha dado Eduardo Rivera ha sido trabajar desde el primer d\u00eda, empezar a solucionar los problemas desde el primer d\u00eda. Los problemas m\u00e1s urgentes, m\u00e1s importantes que la ciudadan\u00eda tiene y as\u00ed ser\u00e1.<\/p>\n\n\n\n<h2 class=\"wp-block-heading\"><strong>\u00bfC\u00f3mo ve a las autoridades que ya est\u00e1n por salir del gobierno?<\/strong><\/h2>\n\n\n\n<p>Las reuniones de transici\u00f3n son encuentros donde se permite conocer la situaci\u00f3n que guarda el municipio. El alcalde electo dar\u00e1 a conocer este balance de c\u00f3mo encontramos el gobierno, y ah\u00ed se dir\u00e1n los qu\u00e9 y los c\u00f3mos.<\/p>\n\n\n\n<p>Sin embargo, cada gobierno es distinto, la ciudadan\u00eda es quien tiene los mejores datos, la mejor informaci\u00f3n, la sensibilidad de juzgar cada uno de los gobiernos.<\/p>\n\n\n\n<p>En este caso, a nosotros nos tocar\u00e1 mostrar el balance de c\u00f3mo encontramos el gobierno, c\u00f3mo encontramos la ciudad.<\/p>\n\n\n\n<p>Una vez entrando a gobernar el 15 de octubre, Eduardo Rivera ser\u00e1 el primero que estar\u00e1 en las calles, que estar\u00e1 trabajando y haciendo las primeras acciones, y as\u00ed todos los d\u00edas de gobierno para mejorar la situaci\u00f3n que hace falta.<\/p>\n\n\n\n<h2 class=\"wp-block-heading\"><strong>\u00bfC\u00f3mo dejar\u00e1n ir al gobierno saliente?<\/strong><\/h2>\n\n\n\n<p>La propia ley se\u00f1ala en la entrega-recepci\u00f3n cu\u00e1les son las acciones que el gobierno saliente debe hacer para entregar y recibir; en esas acciones, la ley te obliga a revisar la situaci\u00f3n que guarda y en caso de encontrar anomal\u00edas, la ley se\u00f1ala que tienes que actuar en consecuencia.<\/p>\n\n\n\n<p>Nosotros estaremos revisando conforme a la ley y si es que se encuentran algunas anomal\u00edas, realizando las acciones pertinentes ante las autoridades correspondientes.<\/p>\n\n\n\n<p>Fuente: https:\/\/www.eluniversalpuebla.com.mx\/entrevistas\/adan-dominguez-el-hombre-que-ocupara-la-primera-gerencia-del-ayuntamiento-de-puebla<\/p>\n","protected":false},"excerpt":{"rendered":"<p>El gobierno de Eduardo Rivera P\u00e9rez va a instaurar este cargo como en otras ciudades del pa\u00eds ABEL CUAPA \/ [&hellip;]<\/p>\n","protected":false},"author":1,"featured_media":13672,"comment_status":"open","ping_status":"open","sticky":false,"template":"","format":"standard","meta":{"site-sidebar-layout":"default","site-content-layout":"","ast-site-content-layout":"default","site-content-style":"default","site-sidebar-style":"default","ast-global-header-display":"","ast-banner-title-visibility":"","ast-main-header-display":"","ast-hfb-above-header-display":"","ast-hfb-below-header-display":"","ast-hfb-mobile-header-display":"","site-post-title":"","ast-breadcrumbs-content":"","ast-featured-img":"","footer-sml-layout":"","theme-transparent-header-meta":"","adv-header-id-meta":"","stick-header-meta":"","header-above-stick-meta":"","header-main-stick-meta":"","header-below-stick-meta":"","astra-migrate-meta-layouts":"default","ast-page-background-enabled":"default","ast-page-background-meta":{"desktop":{"background-color":"var(--ast-global-color-4)","background-image":"","background-repeat":"repeat","background-position":"center center","background-size":"auto","background-attachment":"scroll","background-type":"","background-media":"","overlay-type":"","overlay-color":"","overlay-opacity":"","overlay-gradient":""},"tablet":{"background-color":"","background-image":"","background-repeat":"repeat","background-position":"center center","background-size":"auto","background-attachment":"scroll","background-type":"","background-media":"","overlay-type":"","overlay-color":"","overlay-opacity":"","overlay-gradient":""},"mobile":{"background-color":"","background-image":"","background-repeat":"repeat","background-position":"center center","background-size":"auto","background-attachment":"scroll","background-type":"","background-media":"","overlay-type":"","overlay-color":"","overlay-opacity":"","overlay-gradient":""}},"ast-content-background-meta":{"desktop":{"background-color":"var(--ast-global-color-5)","background-image":"","background-repeat":"repeat","background-position":"center center","background-size":"auto","background-attachment":"scroll","background-type":"","background-media":"","overlay-type":"","overlay-color":"","overlay-opacity":"","overlay-gradient":""},"tablet":{"background-color":"var(--ast-global-color-5)","background-image":"","background-repeat":"repeat","background-position":"center center","background-size":"auto","background-attachment":"scroll","background-type":"","background-media":"","overlay-type":"","overlay-color":"","overlay-opacity":"","overlay-gradient":""},"mobile":{"background-color":"var(--ast-global-color-5)","background-image":"","background-repeat":"repeat","background-position":"center center","background-size":"auto","background-attachment":"scroll","background-type":"","background-media":"","overlay-type":"","overlay-color":"","overlay-opacity":"","overlay-gradient":""}},"footnotes":""},"categories":[1],"tags":[3578,4282,4283,4041],"class_list":["post-13671","post","type-post","status-publish","format-standard","has-post-thumbnail","hentry","category-sin-categoria","tag-adan-dominguez-sanchez","tag-gerencia-de-gobierno","tag-municipio-de-pueba","tag-rivera-perez-eduardo"],"_links":{"self":[{"href":"https:\/\/losperiodistas.com.mx\/portal\/wp-json\/wp\/v2\/posts\/13671","targetHints":{"allow":["GET"]}}],"collection":[{"href":"https:\/\/losperiodistas.com.mx\/portal\/wp-json\/wp\/v2\/posts"}],"about":[{"href":"https:\/\/losperiodistas.com.mx\/portal\/wp-json\/wp\/v2\/types\/post"}],"author":[{"embeddable":true,"href":"https:\/\/losperiodistas.com.mx\/portal\/wp-json\/wp\/v2\/users\/1"}],"replies":[{"embeddable":true,"href":"https:\/\/losperiodistas.com.mx\/portal\/wp-json\/wp\/v2\/comments?post=13671"}],"version-history":[{"count":1,"href":"https:\/\/losperiodistas.com.mx\/portal\/wp-json\/wp\/v2\/posts\/13671\/revisions"}],"predecessor-version":[{"id":13673,"href":"https:\/\/losperiodistas.com.mx\/portal\/wp-json\/wp\/v2\/posts\/13671\/revisions\/13673"}],"wp:featuredmedia":[{"embeddable":true,"href":"https:\/\/losperiodistas.com.mx\/portal\/wp-json\/wp\/v2\/media\/13672"}],"wp:attachment":[{"href":"https:\/\/losperiodistas.com.mx\/portal\/wp-json\/wp\/v2\/media?parent=13671"}],"wp:term":[{"taxonomy":"category","embeddable":true,"href":"https:\/\/losperiodistas.com.mx\/portal\/wp-json\/wp\/v2\/categories?post=13671"},{"taxonomy":"post_tag","embeddable":true,"href":"https:\/\/losperiodistas.com.mx\/portal\/wp-json\/wp\/v2\/tags?post=13671"}],"curies":[{"name":"wp","href":"https:\/\/api.w.org\/{rel}","templated":true}]}}