{"id":13668,"date":"2021-09-27T09:38:00","date_gmt":"2021-09-27T14:38:00","guid":{"rendered":"http:\/\/losperiodistas.com.mx\/portal\/?p=13668"},"modified":"2021-09-27T09:51:16","modified_gmt":"2021-09-27T14:51:16","slug":"efemerides-27-de-septiembre-lo-que-paso-un-dia-como-hoy","status":"publish","type":"post","link":"https:\/\/losperiodistas.com.mx\/portal\/efemerides-27-de-septiembre-lo-que-paso-un-dia-como-hoy\/","title":{"rendered":"Efem\u00e9rides 27 de septiembre, lo que pas\u00f3 un d\u00eda como hoy | ADN 40"},"content":{"rendered":"\n<p style=\"font-size:18px\"><em>1821.- Aniversario de la Consumaci\u00f3n de la Independencia; por esa raz\u00f3n, la Bandera Nacional deber\u00e1 izarse a toda asta.<\/em><\/p>\n\n\n\n<p><\/p>\n\n\n\n<figure class=\"wp-block-image size-large\"><img fetchpriority=\"high\" decoding=\"async\" width=\"1024\" height=\"679\" src=\"https:\/\/losperiodistas.com.mx\/portal\/wp-content\/uploads\/2021\/09\/Captura-de-Pantalla-2021-09-27-a-las-9.32.57-1024x679.jpg\" alt=\"\" class=\"wp-image-13669\" srcset=\"https:\/\/losperiodistas.com.mx\/portal\/wp-content\/uploads\/2021\/09\/Captura-de-Pantalla-2021-09-27-a-las-9.32.57-1024x679.jpg 1024w, https:\/\/losperiodistas.com.mx\/portal\/wp-content\/uploads\/2021\/09\/Captura-de-Pantalla-2021-09-27-a-las-9.32.57-300x199.jpg 300w, https:\/\/losperiodistas.com.mx\/portal\/wp-content\/uploads\/2021\/09\/Captura-de-Pantalla-2021-09-27-a-las-9.32.57-768x510.jpg 768w, https:\/\/losperiodistas.com.mx\/portal\/wp-content\/uploads\/2021\/09\/Captura-de-Pantalla-2021-09-27-a-las-9.32.57-1536x1019.jpg 1536w, https:\/\/losperiodistas.com.mx\/portal\/wp-content\/uploads\/2021\/09\/Captura-de-Pantalla-2021-09-27-a-las-9.32.57.jpg 1884w\" sizes=\"(max-width: 1024px) 100vw, 1024px\" \/><\/figure>\n\n\n\n<p><\/p>\n\n\n\n<p class=\"has-vivid-cyan-blue-color has-text-color has-medium-font-size\">ADN 40<\/p>\n\n\n\n<p>A trav\u00e9s de la l\u00ednea del tiempo, diversos sucesos tienen lugar un&nbsp;<strong>27 de septiembre<\/strong>, por eso hoy te compartimos algunas&nbsp;<strong>efem\u00e9rides&nbsp;<\/strong>importantes; sucesos hist\u00f3ricos, culturales, deportivos y de entretenimiento.<\/p>\n\n\n\n<p>Este es un d\u00eda hist\u00f3rico para M\u00e9xico, aunque no es tan recordado como el inicio de este hecho, el&nbsp;<strong>27 de septiembre&nbsp;<\/strong>de 1821, Agust\u00edn de Iturbide, al mando el Ej\u00e9rcito Trigarante, entr\u00f3 triunfante a la, hoy, CDMX y se consum\u00f3 la Independencia.<\/p>\n\n\n\n<p>\u00bfQuieres saber m\u00e1s? Inf\u00f3rmate sobre qu\u00e9 otras\u00a0<strong>efem\u00e9rides\u00a0<\/strong>se conmemoran durante el d\u00eda 270 del calendario gregoriano.<\/p>\n\n\n\n<h2 class=\"wp-block-heading\">\u00bfQu\u00e9 se celebra el 27 de septiembre?<\/h2>\n\n\n\n<ul class=\"wp-block-list\"><li>D\u00eda Mundial del Turismo<\/li><\/ul>\n\n\n\n<p>Adicionalmente, el&nbsp;<strong>27 de septiembre&nbsp;<\/strong>se conmemora estas&nbsp;<strong>efem\u00e9rides<\/strong>:<\/p>\n\n\n\n<ul class=\"wp-block-list\"><li>Argentina: D\u00eda de la Conciencia Ambiental.<\/li><li>B\u00e9lgica: D\u00eda de la Comunidad francesa de B\u00e9lgica<\/li><li>Chile: D\u00eda del Donante y D\u00eda del Odont\u00f3logo<\/li><li>Rep\u00fablica Dominicana: D\u00eda Nacional de la Biblia<\/li><li>Venezuela: D\u00eda del Contador P\u00fablico<\/li><\/ul>\n\n\n\n<h2 class=\"wp-block-heading\">\u00bfQu\u00e9 pas\u00f3 en M\u00e9xico un 27 de septiembre?<\/h2>\n\n\n\n<p>1821.- Aniversario de la Consumaci\u00f3n de la Independencia; por esa raz\u00f3n, la Bandera Nacional deber\u00e1 izarse a toda asta.<\/p>\n\n\n\n<figure class=\"wp-block-embed is-type-rich is-provider-twitter wp-block-embed-twitter\"><div class=\"wp-block-embed__wrapper\">\n<blockquote class=\"twitter-tweet\" data-width=\"500\" data-dnt=\"true\"><p lang=\"es\" dir=\"ltr\">Aniversario de la consumaci\u00f3n de la independencia, en 1821.<a href=\"https:\/\/twitter.com\/hashtag\/CalendarioC%C3%ADvico?src=hash&amp;ref_src=twsrc%5Etfw\">#CalendarioC\u00edvico<\/a> <a href=\"https:\/\/t.co\/dR1KV4GzGc\">pic.twitter.com\/dR1KV4GzGc<\/a><\/p>&mdash; Calendario C\u00edvico (@EFEMERIDESMX) <a href=\"https:\/\/twitter.com\/EFEMERIDESMX\/status\/1045274428777680897?ref_src=twsrc%5Etfw\">September 27, 2018<\/a><\/blockquote><script async src=\"https:\/\/platform.twitter.com\/widgets.js\" charset=\"utf-8\"><\/script>\n<\/div><\/figure>\n\n\n\n<p>1944.- Se inaugura, en el&nbsp;<a href=\"https:\/\/www.adn40.mx\/mexico\/ninos-heroes-historia-real-deps-especial\" target=\"_blank\" rel=\"noreferrer noopener\">Castillo de Chapultepec&nbsp;<\/a>, el Museo Nacional de Historia.<\/p>\n\n\n\n<p>1960.- Nacionalizaci\u00f3n de la industria el\u00e9ctrica.<\/p>\n\n\n\n<h2 class=\"wp-block-heading\">Efem\u00e9rides del 27 de septiembre<\/h2>\n\n\n\n<p>1970.- En la Ciudad del Vaticano, el papa Pablo VI declara a santa Teresa de \u00c1vila (doctora honoris causa por la Universidad de Salamanca) como la primera mujer Doctora de la Iglesia.<\/p>\n\n\n\n<p>1989.- La empresa Sony compra la productora cinematogr\u00e1fica Columbia Pictures por 3.4 billones de d\u00f3lares. Tras la transacci\u00f3n cambia el nombre por Sony Pictures Entertainment.<\/p>\n\n\n\n<p>1998.- Comienza a funcionar en Internet el motor de b\u00fasqueda de&nbsp;<a href=\"https:\/\/www.adn40.mx\/poder\/sectur-google-pueblos-magicos-digitalizacion-pfp\" target=\"_blank\" rel=\"noreferrer noopener\">Google&nbsp;<\/a>.<\/p>\n\n\n\n<p>2005.- En Nueva York es subastada en m\u00e1s de 700 mil d\u00f3lares la colecci\u00f3n de 75 estatuas del popular personaje animado \u201cMickey Mouse\u201d, despu\u00e9s de dos a\u00f1os de presentarse en varios recintos por Estados Unidos.<\/p>\n\n\n\n<p>2007.- La NASA lanza la sonda Dawn para explorar el asteroide Vesta y el planeta enano Ceres.<\/p>\n\n\n\n<figure class=\"wp-block-embed is-type-rich is-provider-twitter wp-block-embed-twitter\"><div class=\"wp-block-embed__wrapper\">\n<blockquote class=\"twitter-tweet\" data-width=\"500\" data-dnt=\"true\"><p lang=\"en\" dir=\"ltr\">Ceres, with a key landmark, the cryovolcano Ahuna Mons, visible on the horizon. This was one of the last views our Dawn spacecraft transmitted before its mission came to an end one year ago. See more from Dawn\u2019s voyage to the asteroid belt: <a href=\"https:\/\/t.co\/orRtW24LbY\">https:\/\/t.co\/orRtW24LbY<\/a> <a href=\"https:\/\/t.co\/MopF8LDq85\">pic.twitter.com\/MopF8LDq85<\/a><\/p>&mdash; Cassini (@CassiniSaturn) <a href=\"https:\/\/twitter.com\/CassiniSaturn\/status\/1190366848677580800?ref_src=twsrc%5Etfw\">November 1, 2019<\/a><\/blockquote><script async src=\"https:\/\/platform.twitter.com\/widgets.js\" charset=\"utf-8\"><\/script>\n<\/div><\/figure>\n\n\n\n<p>2008.- El fallecido cantante&nbsp;<a href=\"https:\/\/www.adn40.mx\/cultura\/nota\/notas\/2021-01-09-16-00\/3-mitos-elvis-presley-censura-en-mexico-especial\" target=\"_blank\" rel=\"noreferrer noopener\">Elvis Presley&nbsp;<\/a>ingresa al Paseo de las Estrellas de Las Vegas, Nevada, donde se le rinde un homenaje p\u00f3stumo.<\/p>\n\n\n\n<p>Ese mismo&nbsp;<strong>27 de septiembre<\/strong>, Zhai Zhigang se convierte en el primer chino que realiza un paseo espacial mientras pilota el Shenzhou 7.<\/p>\n\n\n\n<p>2011.- La Tierra y el Sol se alinean con el min\u00fasculo cometa Elen\u00edn, sin causar los acontecimientos predichos por astr\u00f3logos.<\/p>\n\n\n\n<h2 class=\"wp-block-heading\">\u00bfQui\u00e9n naci\u00f3 un 27 de septiembre?<\/h2>\n\n\n\n<p>1783.- Agust\u00edn de Iturbide, militar y pol\u00edtico. Emperador de M\u00e9xico del 21 de mayo de 1822 al 19 de marzo de 1823.<\/p>\n\n\n\n<p>1862.- Miguel \u00c1ngel de Quevedo, ingeniero e investigador mexicano que dedic\u00f3 gran parte de su vida al estudio y cuidado de la flora, llamado \u201cEl ap\u00f3stol del \u00e1rbol\u201d.<\/p>\n\n\n\n<p><br>1944.- Ang\u00e9lica Mar\u00eda, llamada \u201cLa Novia de M\u00e9xico\u201d, actriz y cantante mexicana. A m\u00e1s de cinco d\u00e9cadas de carrera art\u00edstica se mantiene vigente tanto en la actuaci\u00f3n como en la m\u00fasica.<\/p>\n\n\n\n<p>1972.- Gwyneth Paltrow, una actriz y cantante estadounidense, ganadora de un \u00d3scar, un Globo de Oro y dos Premios del Sindicato de Actores, todos ellos por su interpretaci\u00f3n de Viola de Lesseps en la pel\u00edcula\u00a0<em>Shakespeare in Love.<\/em><\/p>\n\n\n\n<figure class=\"wp-block-embed is-type-rich is-provider-twitter wp-block-embed-twitter\"><div class=\"wp-block-embed__wrapper\">\nhttps:\/\/twitter.com\/ImagenRetro\/status\/1310329806211502083?ref_src=twsrc%5Etfw%7Ctwcamp%5Etweetembed%7Ctwterm%5E1310329806211502083%7Ctwgr%5E%7Ctwcon%5Es1_c10&#038;ref_url=https%3A%2F%2Fwww.adn40.mx%2Fmexico%2Fefemerides-27-de-septiembre-deps-especial\n<\/div><\/figure>\n\n\n\n<p>1982.- Lil Wayne, rapero afroamericano y presidente de los sellos Cash Money Records y Young Money Entertainment.<\/p>\n\n\n\n<p>1984.- Avril Lavigne, cantante, compositora, dise\u00f1adora de moda, productora musical, actriz y fil\u00e1ntropa franco-canadiense.<\/p>\n\n\n\n<h2 class=\"wp-block-heading\">\u00bfQui\u00e9n muri\u00f3 un 27 de septiembre?<\/h2>\n\n\n\n<p>1980.- Pepe Gu\u00edzar, compositor mexicano conocido como el \u201cPintor Musical de M\u00e9xico\u201d, por crear canciones inspiradas en casi todas las entidades del pa\u00eds. Es autor de temas como&nbsp;<em>Guadalajara<\/em>,&nbsp;<em>Sin ti<\/em>,&nbsp;<em>Como M\u00e9xico no hay dos<\/em>&nbsp;y&nbsp;<em>Chapala.<\/em><\/p>\n\n\n\n<p>1986.- Cliff Burton, a los 24 a\u00f1os, bajista de la banda Metallica entre 1983 y 1986, en un accidente de autob\u00fas mientras realizaba una gira con el grupo en Suecia.<\/p>\n\n\n\n<p>2017.- Hugh Hefner, apodado coloquialmente Hef, fue un editor de revistas para adultos, empresario y playboy estadounidense, famoso por ser el fundador y redactor jefe de la\u00a0<a href=\"https:\/\/www.adn40.mx\/cultura\/nota\/notas\/2020-11-05-12-31\/playboy-mexico-hace-historia-tras-lanzar-su-primera-portada-con-una-mujer-trans\" target=\"_blank\" rel=\"noreferrer noopener\">revista Playboy\u00a0<\/a>. Se convirti\u00f3 en un carism\u00e1tico icono y defensor de la revoluci\u00f3n sexual y la libertad personal.<\/p>\n\n\n\n<p>Fuente: https:\/\/www.adn40.mx\/mexico\/efemerides-27-de-septiembre-deps-especial<\/p>\n","protected":false},"excerpt":{"rendered":"<p>1821.- Aniversario de la Consumaci\u00f3n de la Independencia; por esa raz\u00f3n, la Bandera Nacional deber\u00e1 izarse a toda asta. ADN [&hellip;]<\/p>\n","protected":false},"author":1,"featured_media":13669,"comment_status":"open","ping_status":"open","sticky":false,"template":"","format":"standard","meta":{"site-sidebar-layout":"default","site-content-layout":"","ast-site-content-layout":"default","site-content-style":"default","site-sidebar-style":"default","ast-global-header-display":"","ast-banner-title-visibility":"","ast-main-header-display":"","ast-hfb-above-header-display":"","ast-hfb-below-header-display":"","ast-hfb-mobile-header-display":"","site-post-title":"","ast-breadcrumbs-content":"","ast-featured-img":"","footer-sml-layout":"","theme-transparent-header-meta":"","adv-header-id-meta":"","stick-header-meta":"","header-above-stick-meta":"","header-main-stick-meta":"","header-below-stick-meta":"","astra-migrate-meta-layouts":"default","ast-page-background-enabled":"default","ast-page-background-meta":{"desktop":{"background-color":"var(--ast-global-color-4)","background-image":"","background-repeat":"repeat","background-position":"center center","background-size":"auto","background-attachment":"scroll","background-type":"","background-media":"","overlay-type":"","overlay-color":"","overlay-opacity":"","overlay-gradient":""},"tablet":{"background-color":"","background-image":"","background-repeat":"repeat","background-position":"center center","background-size":"auto","background-attachment":"scroll","background-type":"","background-media":"","overlay-type":"","overlay-color":"","overlay-opacity":"","overlay-gradient":""},"mobile":{"background-color":"","background-image":"","background-repeat":"repeat","background-position":"center center","background-size":"auto","background-attachment":"scroll","background-type":"","background-media":"","overlay-type":"","overlay-color":"","overlay-opacity":"","overlay-gradient":""}},"ast-content-background-meta":{"desktop":{"background-color":"var(--ast-global-color-5)","background-image":"","background-repeat":"repeat","background-position":"center center","background-size":"auto","background-attachment":"scroll","background-type":"","background-media":"","overlay-type":"","overlay-color":"","overlay-opacity":"","overlay-gradient":""},"tablet":{"background-color":"var(--ast-global-color-5)","background-image":"","background-repeat":"repeat","background-position":"center center","background-size":"auto","background-attachment":"scroll","background-type":"","background-media":"","overlay-type":"","overlay-color":"","overlay-opacity":"","overlay-gradient":""},"mobile":{"background-color":"var(--ast-global-color-5)","background-image":"","background-repeat":"repeat","background-position":"center center","background-size":"auto","background-attachment":"scroll","background-type":"","background-media":"","overlay-type":"","overlay-color":"","overlay-opacity":"","overlay-gradient":""}},"footnotes":""},"categories":[8],"tags":[4241],"class_list":["post-13668","post","type-post","status-publish","format-standard","has-post-thumbnail","hentry","category-noticias","tag-efemerides-mexico"],"_links":{"self":[{"href":"https:\/\/losperiodistas.com.mx\/portal\/wp-json\/wp\/v2\/posts\/13668","targetHints":{"allow":["GET"]}}],"collection":[{"href":"https:\/\/losperiodistas.com.mx\/portal\/wp-json\/wp\/v2\/posts"}],"about":[{"href":"https:\/\/losperiodistas.com.mx\/portal\/wp-json\/wp\/v2\/types\/post"}],"author":[{"embeddable":true,"href":"https:\/\/losperiodistas.com.mx\/portal\/wp-json\/wp\/v2\/users\/1"}],"replies":[{"embeddable":true,"href":"https:\/\/losperiodistas.com.mx\/portal\/wp-json\/wp\/v2\/comments?post=13668"}],"version-history":[{"count":2,"href":"https:\/\/losperiodistas.com.mx\/portal\/wp-json\/wp\/v2\/posts\/13668\/revisions"}],"predecessor-version":[{"id":13675,"href":"https:\/\/losperiodistas.com.mx\/portal\/wp-json\/wp\/v2\/posts\/13668\/revisions\/13675"}],"wp:featuredmedia":[{"embeddable":true,"href":"https:\/\/losperiodistas.com.mx\/portal\/wp-json\/wp\/v2\/media\/13669"}],"wp:attachment":[{"href":"https:\/\/losperiodistas.com.mx\/portal\/wp-json\/wp\/v2\/media?parent=13668"}],"wp:term":[{"taxonomy":"category","embeddable":true,"href":"https:\/\/losperiodistas.com.mx\/portal\/wp-json\/wp\/v2\/categories?post=13668"},{"taxonomy":"post_tag","embeddable":true,"href":"https:\/\/losperiodistas.com.mx\/portal\/wp-json\/wp\/v2\/tags?post=13668"}],"curies":[{"name":"wp","href":"https:\/\/api.w.org\/{rel}","templated":true}]}}