{"id":1358,"date":"2020-11-20T08:00:23","date_gmt":"2020-11-20T14:00:23","guid":{"rendered":"http:\/\/losperiodistas.com.mx\/portal\/?p=1358"},"modified":"2020-11-20T08:00:23","modified_gmt":"2020-11-20T14:00:23","slug":"ya-les-firmo-un-cheque-de-impunidad-anabel-hernandez-aseguro-que-cienfuegos-y-su-grupo-no-seran-juzgados-por-indulgencia-de-amlo","status":"publish","type":"post","link":"https:\/\/losperiodistas.com.mx\/portal\/ya-les-firmo-un-cheque-de-impunidad-anabel-hernandez-aseguro-que-cienfuegos-y-su-grupo-no-seran-juzgados-por-indulgencia-de-amlo\/","title":{"rendered":"\u201cYa les firm\u00f3 un cheque de impunidad\u201d: Anabel Hern\u00e1ndez asegur\u00f3 que Cienfuegos y su grupo no ser\u00e1n juzgados por indulgencia de AMLO"},"content":{"rendered":"\n<p style=\"font-size:18px\"><em>La periodista adelant\u00f3 que investigar\u00e1 sobre el caso, porque el presidente ha exonerado bajo el manto de la cuarta transformaci\u00f3n al miembro de una cofrad\u00eda de poder f\u00e1ctico en M\u00e9xico<\/em><\/p>\n\n\n\n<p class=\"has-vivid-cyan-blue-color has-text-color has-medium-font-size\">INFOBAE<\/p>\n\n\n\n<p>Para la periodista y escritora&nbsp;<strong>Anabel Hern\u00e1ndez<\/strong>, el general<strong>&nbsp;Salvador Cienfuegos Zepeda<\/strong>&nbsp;que fue acusado en EEUU de narcotr\u00e1fico, ha sido&nbsp;<strong>exonerado pol\u00edticamente por el gobierno de Andr\u00e9s Manuel L\u00f3pez Obrador<\/strong>&nbsp;y&nbsp;<strong>no habr\u00e1 justicia&nbsp;<\/strong>en el caso del ex titular de la Defensa Nacional (Sedena).<\/p>\n\n\n\n<p>Cienfuegos fue<strong>&nbsp;regresado a M\u00e9xico y est\u00e1 en su casa como un ciudadano libre<\/strong>, luego de que&nbsp;<strong>el gobierno de L\u00f3pez Obrador gestionara ante EEUU que fueron desestimados los cuatro cargos de narcotr\u00e1fico<\/strong>&nbsp;que pesaban contra el general. La Fiscal\u00eda General de la Rep\u00fablica (FGR) particip\u00f3 en el pacto con su hom\u00f3loga norteamericana y el Departamento de Justicia estadounidense aportara toda evidencia, de modo que el ex titular de la Sedena sea juzgado en M\u00e9xico.<\/p>\n\n\n\n<p>Pero\u00a0<strong>la periodista<\/strong>, quien ha revelado el v\u00ednculo entre empresarios, capos de la droga y pol\u00edticos del m\u00e1s alto nivel en casi dos d\u00e9cadas,\u00a0<strong>se mostr\u00f3 esc\u00e9ptica<\/strong>. Pues<strong>\u00a0en la FGR persisten funcionarios, cuya fidelidad corresponde a un grupo de poder f\u00e1ctico que goza de impunidad en el pa\u00eds\u00a0<\/strong>y que el mismo AMLO prometi\u00f3 combatir.<\/p>\n\n\n\n<p>Al gestionar el regreso de Cienfuegos, libre de todo cargo y esperar que sea procesado en M\u00e9xico,&nbsp;<strong>el presidente firm\u00f3 un pacto con el grupo de poder al que pertenece el general<\/strong>. Donde lo mismo est\u00e1n militares, polic\u00edas, narcotraficantes, empresarios y pol\u00edticos.<img fetchpriority=\"high\" decoding=\"async\" alt=\"AMLO habr\u00eda firmado un pacto de impunidad con Cienfuegos (AP Photo\/Marco Ugarte)\" height=\"3120\" src=\"https:\/\/www.infobae.com\/new-resizer\/fW0f9Dxz8gfwWWOYgrvlk-IT8Ow=\/420x280\/filters:format(jpg):quality(85)\/\/cloudfront-us-east-1.images.arcpublishing.com\/infobae\/NX6YS3E7FBDPXHFAJV3IONZZJQ.jpg\" width=\"4862\">AMLO habr\u00eda firmado un pacto de impunidad con Cienfuegos (AP Photo\/Marco Ugarte)<\/p>\n\n\n\n<p>En entrevista con Vicente Serrano del canal en YouTube<em>&nbsp;Sin Censura<\/em>,&nbsp;<strong>Anabel Hern\u00e1ndez plante\u00f3 que varios casos emblem\u00e1ticos no se han podido aclarar, a pesar del largo tiempo en que ocurrieron.<\/strong>&nbsp;Puso como ejemplos la matanza de estudiantes de&nbsp;<strong>1968<\/strong>, el asesinato del ex candidato presidencial&nbsp;<strong>Luis Donaldo Colosio<\/strong>, del pol\u00edtico priista Francisco Ruiz Massieu, la&nbsp;<strong>masacre de Acteal&nbsp;<\/strong>en 1997; y el mismo caso&nbsp;<strong>Ayotzinapa<\/strong>&nbsp;suscitado hace seis a\u00f1os, cuando Cienfuegos estaba en la Sedena. Todos esos cr\u00edmenes no han tenido una resoluci\u00f3n clara, exitosa y terminada, seg\u00fan la periodista, de modo que&nbsp;<strong>no hay confianza en el proceso del general<\/strong>.<\/p>\n\n\n\n<p>\u201cTodav\u00eda no se dan cuenta de lo que han hecho.&nbsp;<strong>La carta blanca de impunidad que le acaba de entregar, de firmar, de dar un cheque en blanco a este grupo que alg\u00fan d\u00eda dijo que iba a combatir, bueno, no solo no lo est\u00e1 combatiendo, sino ya, ya les firm\u00f3 un cheque de impunidad<\/strong>\u201d, refiri\u00f3.<\/p>\n\n\n\n<p>Entre los<strong>&nbsp;personajes cooptados en la FGR<\/strong>&nbsp;est\u00e1n&nbsp;<strong>Felipe de Jes\u00fas Gallo Guti\u00e9rrez<\/strong>, titular de la Coordinaci\u00f3n de M\u00e9todos de Investigaci\u00f3n; as\u00ed como&nbsp;<strong>Antonio P\u00e9rez Garc\u00eda<\/strong>, jefe de la Polic\u00eda Federal Ministerial. Ambos<strong>&nbsp;estar\u00edan ligados a Genaro Garc\u00eda Luna y Luis C\u00e1rdenas Palomino<\/strong>, ex funcionarios de Seguridad con&nbsp;<strong>Felipe Calder\u00f3n<\/strong>, el primero est\u00e1 p<strong>reso en Nueva York acusado de colaborar con el C\u00e1rtel de la Sinaloa<\/strong>&nbsp;y el segundo de ellos se encuentra pr\u00f3fugo, requerido en el pa\u00eds norteamericano por v\u00ednculos con el mismo grupo delictivo transnacional.<\/p>\n\n\n\n<p>\u201cLo que ha hecho Andr\u00e9s Manuel es&nbsp;<strong>ponerle la mesa, los platos, las copas, los tenedores, los cubiertos y hasta el mesero, a este grupo f\u00e1ctico<\/strong>. Eso fue lo que hizo regres\u00e1ndoles a Cienfuegos,&nbsp;<strong>porque Cienfuegos era una pieza important\u00edsima de ese grupo&nbsp;<\/strong>donde est\u00e1n&nbsp;<strong>Carlos Salinas de Gortari, Diego Fern\u00e1ndez de Cevallos, Juan Collado, Genaro Garc\u00eda Luna, Luis C\u00e1rdenas Palomino<\/strong>, en un menor nivel de ellos, pero tambi\u00e9n est\u00e1n&nbsp;<strong>empresarios&nbsp;<\/strong>de muy alto nivel, estaba<strong>&nbsp;Ra\u00fal Salinas de Gortari, Eduardo Medina Mora<\/strong>, todo este grupo estaban juntos, iban a las mismas fiestas\u201d, conjunt\u00f3 la periodista.<img decoding=\"async\" alt=\"La periodista ha revelado el v\u00ednculo entre empresarios, capos de la droga y pol\u00edticos del m\u00e1s alto nivel en casi dos d\u00e9cadas (FOTO: IV\u00c1N STEPHENS\/CUARTOSCURO.COM)\" height=\"4752\" src=\"https:\/\/www.infobae.com\/new-resizer\/Ijwg2Hp0iJY3Oz1dNrRZm8DTqSM=\/420x630\/filters:format(jpg):quality(85)\/\/cloudfront-us-east-1.images.arcpublishing.com\/infobae\/J73IRRBGL5C6BMLOXWGQUFVWHI.jpg\" width=\"3168\">La periodista ha revelado el v\u00ednculo entre empresarios, capos de la droga y pol\u00edticos del m\u00e1s alto nivel en casi dos d\u00e9cadas (FOTO: IV\u00c1N STEPHENS\/CUARTOSCURO.COM)<\/p>\n\n\n\n<p>Dijo que&nbsp;<strong>Gallo Guti\u00e9rrez y P\u00e9rez Garc\u00eda eran incondicionales de C\u00e1rdenas Palomino<\/strong>, funcionario visitado de forma recurrente en sus fiestas por Cienfuegos.<\/p>\n\n\n\n<p>\u201c<strong>\u00bfQu\u00e9 tipo de justicia puede haber cuando quien va a juzgar es miembro del mismo grupo de inter\u00e9s?<\/strong>&nbsp;Y que ha servido para los mismo intereses durante a\u00f1os. Estamos hablando&nbsp;<strong>que no vengan a contarnos una historia que no va a suceder<\/strong>\u201d, cuestion\u00f3 Anabel Hern\u00e1ndez.<\/p>\n\n\n\n<p>Agreg\u00f3 que el general tiene un poder importante, porque promovi\u00f3 a varios de quienes hoy est\u00e1n en las zonas militares del pa\u00eds. Explic\u00f3 que&nbsp;<strong>AMLO no puede prometer justicia, porque el caso no est\u00e1 en sus manos<\/strong>, sino en la FGR, instituci\u00f3n poco confiable. Refiri\u00f3 que las autoridades de EEUU no pudieron entregar todas las pruebas por Ley, porque en esos documentos habr\u00eda nombres de agentes, de testigos protegidos y porque estar\u00eda implicado con casos en curso que podr\u00edan involucrar a otros militares del pasado y presente sexenio.<\/p>\n\n\n\n<p>La periodista<strong>\u00a0propuso que los mismo adeptos del gobierno lopezobradorista deb\u00edan mantenerse cr\u00edticos<\/strong>, porque si una negociaci\u00f3n de este tipo hubiera sido tomada por Enrique Pe\u00f1a Nieto o Felipe Calder\u00f3n, ellos ser\u00edan cuestionados. No deb\u00eda ser diferente con AMLO.\u00a0<strong>Adelant\u00f3 que investigar\u00e1 sobre el caso, porque el presidente exoner\u00f3<\/strong>, bajo el manto de la cuarta transformaci\u00f3n, al miembro de ese grupo de poder enquistado en la vida p\u00fablica y que no puede ser llamado a cuentas.<\/p>\n\n\n\n<p>Fuente: https:\/\/www.infobae.com\/america\/mexico\/2020\/11\/20\/ya-les-firmo-un-cheque-de-impunidad-anabel-hernandez-aseguro-que-cienfuegos-y-su-grupo-no-seran-juzgados-por-indulgencia-de-amlo\/<\/p>\n","protected":false},"excerpt":{"rendered":"<p>La periodista adelant\u00f3 que investigar\u00e1 sobre el caso, porque el presidente ha exonerado bajo el manto de la cuarta transformaci\u00f3n [&hellip;]<\/p>\n","protected":false},"author":1,"featured_media":1359,"comment_status":"open","ping_status":"open","sticky":false,"template":"","format":"standard","meta":{"site-sidebar-layout":"default","site-content-layout":"","ast-site-content-layout":"default","site-content-style":"default","site-sidebar-style":"default","ast-global-header-display":"","ast-banner-title-visibility":"","ast-main-header-display":"","ast-hfb-above-header-display":"","ast-hfb-below-header-display":"","ast-hfb-mobile-header-display":"","site-post-title":"","ast-breadcrumbs-content":"","ast-featured-img":"","footer-sml-layout":"","theme-transparent-header-meta":"","adv-header-id-meta":"","stick-header-meta":"","header-above-stick-meta":"","header-main-stick-meta":"","header-below-stick-meta":"","astra-migrate-meta-layouts":"default","ast-page-background-enabled":"default","ast-page-background-meta":{"desktop":{"background-color":"var(--ast-global-color-4)","background-image":"","background-repeat":"repeat","background-position":"center center","background-size":"auto","background-attachment":"scroll","background-type":"","background-media":"","overlay-type":"","overlay-color":"","overlay-opacity":"","overlay-gradient":""},"tablet":{"background-color":"","background-image":"","background-repeat":"repeat","background-position":"center center","background-size":"auto","background-attachment":"scroll","background-type":"","background-media":"","overlay-type":"","overlay-color":"","overlay-opacity":"","overlay-gradient":""},"mobile":{"background-color":"","background-image":"","background-repeat":"repeat","background-position":"center center","background-size":"auto","background-attachment":"scroll","background-type":"","background-media":"","overlay-type":"","overlay-color":"","overlay-opacity":"","overlay-gradient":""}},"ast-content-background-meta":{"desktop":{"background-color":"var(--ast-global-color-5)","background-image":"","background-repeat":"repeat","background-position":"center center","background-size":"auto","background-attachment":"scroll","background-type":"","background-media":"","overlay-type":"","overlay-color":"","overlay-opacity":"","overlay-gradient":""},"tablet":{"background-color":"var(--ast-global-color-5)","background-image":"","background-repeat":"repeat","background-position":"center center","background-size":"auto","background-attachment":"scroll","background-type":"","background-media":"","overlay-type":"","overlay-color":"","overlay-opacity":"","overlay-gradient":""},"mobile":{"background-color":"var(--ast-global-color-5)","background-image":"","background-repeat":"repeat","background-position":"center center","background-size":"auto","background-attachment":"scroll","background-type":"","background-media":"","overlay-type":"","overlay-color":"","overlay-opacity":"","overlay-gradient":""}},"footnotes":""},"categories":[8],"tags":[],"class_list":["post-1358","post","type-post","status-publish","format-standard","has-post-thumbnail","hentry","category-noticias"],"_links":{"self":[{"href":"https:\/\/losperiodistas.com.mx\/portal\/wp-json\/wp\/v2\/posts\/1358","targetHints":{"allow":["GET"]}}],"collection":[{"href":"https:\/\/losperiodistas.com.mx\/portal\/wp-json\/wp\/v2\/posts"}],"about":[{"href":"https:\/\/losperiodistas.com.mx\/portal\/wp-json\/wp\/v2\/types\/post"}],"author":[{"embeddable":true,"href":"https:\/\/losperiodistas.com.mx\/portal\/wp-json\/wp\/v2\/users\/1"}],"replies":[{"embeddable":true,"href":"https:\/\/losperiodistas.com.mx\/portal\/wp-json\/wp\/v2\/comments?post=1358"}],"version-history":[{"count":1,"href":"https:\/\/losperiodistas.com.mx\/portal\/wp-json\/wp\/v2\/posts\/1358\/revisions"}],"predecessor-version":[{"id":1360,"href":"https:\/\/losperiodistas.com.mx\/portal\/wp-json\/wp\/v2\/posts\/1358\/revisions\/1360"}],"wp:featuredmedia":[{"embeddable":true,"href":"https:\/\/losperiodistas.com.mx\/portal\/wp-json\/wp\/v2\/media\/1359"}],"wp:attachment":[{"href":"https:\/\/losperiodistas.com.mx\/portal\/wp-json\/wp\/v2\/media?parent=1358"}],"wp:term":[{"taxonomy":"category","embeddable":true,"href":"https:\/\/losperiodistas.com.mx\/portal\/wp-json\/wp\/v2\/categories?post=1358"},{"taxonomy":"post_tag","embeddable":true,"href":"https:\/\/losperiodistas.com.mx\/portal\/wp-json\/wp\/v2\/tags?post=1358"}],"curies":[{"name":"wp","href":"https:\/\/api.w.org\/{rel}","templated":true}]}}