{"id":1355,"date":"2020-11-20T07:56:57","date_gmt":"2020-11-20T13:56:57","guid":{"rendered":"http:\/\/losperiodistas.com.mx\/portal\/?p=1355"},"modified":"2020-11-20T07:56:57","modified_gmt":"2020-11-20T13:56:57","slug":"filman-en-una-recondita-region-del-norte-de-rusia-la-colonia-de-morsas-del-atlantico-mas-numerosa-jamas-observada","status":"publish","type":"post","link":"https:\/\/losperiodistas.com.mx\/portal\/filman-en-una-recondita-region-del-norte-de-rusia-la-colonia-de-morsas-del-atlantico-mas-numerosa-jamas-observada\/","title":{"rendered":"Filman en una rec\u00f3ndita regi\u00f3n del norte de Rusia la colonia de morsas del Atl\u00e1ntico m\u00e1s numerosa jam\u00e1s observada"},"content":{"rendered":"\n<p style=\"font-size:18px\"><em>El grupo de m\u00e1s de 3.000 mam\u00edferos incluye tanto a machos y hembras adultas como a sus cr\u00edas, algo que no sucede con frecuencia en este tipo de lugares<\/em><\/p>\n\n\n\n<p class=\"has-vivid-cyan-blue-color has-text-color has-medium-font-size\">RT<\/p>\n\n\n\n<p>Una expedici\u00f3n de cient\u00edficos rusos a una zona costera al noroeste de la pen\u00ednsula de Yamal (circunscripci\u00f3n aut\u00f3noma de Yamalo-Nenets, Rusia) film\u00f3 el pasado 24 de octubre una colonia de&nbsp;<strong>m\u00e1s de 3.000 morsas del Atl\u00e1ntico<\/strong>, el grupo m\u00e1s numeroso de esta especie jam\u00e1s observado.<\/p>\n\n\n\n<p>Los expertos se\u00f1alan que esta cantidad significa un \u00abr\u00e9cord mundial\u00bb. Y detallan que all\u00ed se encontraban tanto ejemplares adultos de ambos sexos como cr\u00edas, algo que no ocurre con frecuencia en este tipo de lugares.<\/p>\n\n\n\n<figure class=\"wp-block-embed-youtube wp-block-embed is-type-video is-provider-youtube wp-embed-aspect-16-9 wp-has-aspect-ratio\"><div class=\"wp-block-embed__wrapper\">\nhttps:\/\/youtu.be\/aKw0GDFL2Mc\n<\/div><\/figure>\n\n\n\n<p>Fuente: https:\/\/actualidad.rt.com\/actualidad\/374140-filmar-colonia-morsas-atlantico-mas-numerosa<\/p>\n","protected":false},"excerpt":{"rendered":"<p>El grupo de m\u00e1s de 3.000 mam\u00edferos incluye tanto a machos y hembras adultas como a sus cr\u00edas, algo que [&hellip;]<\/p>\n","protected":false},"author":1,"featured_media":1356,"comment_status":"open","ping_status":"open","sticky":false,"template":"","format":"standard","meta":{"site-sidebar-layout":"default","site-content-layout":"","ast-site-content-layout":"default","site-content-style":"default","site-sidebar-style":"default","ast-global-header-display":"","ast-banner-title-visibility":"","ast-main-header-display":"","ast-hfb-above-header-display":"","ast-hfb-below-header-display":"","ast-hfb-mobile-header-display":"","site-post-title":"","ast-breadcrumbs-content":"","ast-featured-img":"","footer-sml-layout":"","theme-transparent-header-meta":"","adv-header-id-meta":"","stick-header-meta":"","header-above-stick-meta":"","header-main-stick-meta":"","header-below-stick-meta":"","astra-migrate-meta-layouts":"default","ast-page-background-enabled":"default","ast-page-background-meta":{"desktop":{"background-color":"var(--ast-global-color-4)","background-image":"","background-repeat":"repeat","background-position":"center center","background-size":"auto","background-attachment":"scroll","background-type":"","background-media":"","overlay-type":"","overlay-color":"","overlay-opacity":"","overlay-gradient":""},"tablet":{"background-color":"","background-image":"","background-repeat":"repeat","background-position":"center center","background-size":"auto","background-attachment":"scroll","background-type":"","background-media":"","overlay-type":"","overlay-color":"","overlay-opacity":"","overlay-gradient":""},"mobile":{"background-color":"","background-image":"","background-repeat":"repeat","background-position":"center center","background-size":"auto","background-attachment":"scroll","background-type":"","background-media":"","overlay-type":"","overlay-color":"","overlay-opacity":"","overlay-gradient":""}},"ast-content-background-meta":{"desktop":{"background-color":"var(--ast-global-color-5)","background-image":"","background-repeat":"repeat","background-position":"center center","background-size":"auto","background-attachment":"scroll","background-type":"","background-media":"","overlay-type":"","overlay-color":"","overlay-opacity":"","overlay-gradient":""},"tablet":{"background-color":"var(--ast-global-color-5)","background-image":"","background-repeat":"repeat","background-position":"center center","background-size":"auto","background-attachment":"scroll","background-type":"","background-media":"","overlay-type":"","overlay-color":"","overlay-opacity":"","overlay-gradient":""},"mobile":{"background-color":"var(--ast-global-color-5)","background-image":"","background-repeat":"repeat","background-position":"center center","background-size":"auto","background-attachment":"scroll","background-type":"","background-media":"","overlay-type":"","overlay-color":"","overlay-opacity":"","overlay-gradient":""}},"footnotes":""},"categories":[8],"tags":[],"class_list":["post-1355","post","type-post","status-publish","format-standard","has-post-thumbnail","hentry","category-noticias"],"_links":{"self":[{"href":"https:\/\/losperiodistas.com.mx\/portal\/wp-json\/wp\/v2\/posts\/1355","targetHints":{"allow":["GET"]}}],"collection":[{"href":"https:\/\/losperiodistas.com.mx\/portal\/wp-json\/wp\/v2\/posts"}],"about":[{"href":"https:\/\/losperiodistas.com.mx\/portal\/wp-json\/wp\/v2\/types\/post"}],"author":[{"embeddable":true,"href":"https:\/\/losperiodistas.com.mx\/portal\/wp-json\/wp\/v2\/users\/1"}],"replies":[{"embeddable":true,"href":"https:\/\/losperiodistas.com.mx\/portal\/wp-json\/wp\/v2\/comments?post=1355"}],"version-history":[{"count":1,"href":"https:\/\/losperiodistas.com.mx\/portal\/wp-json\/wp\/v2\/posts\/1355\/revisions"}],"predecessor-version":[{"id":1357,"href":"https:\/\/losperiodistas.com.mx\/portal\/wp-json\/wp\/v2\/posts\/1355\/revisions\/1357"}],"wp:featuredmedia":[{"embeddable":true,"href":"https:\/\/losperiodistas.com.mx\/portal\/wp-json\/wp\/v2\/media\/1356"}],"wp:attachment":[{"href":"https:\/\/losperiodistas.com.mx\/portal\/wp-json\/wp\/v2\/media?parent=1355"}],"wp:term":[{"taxonomy":"category","embeddable":true,"href":"https:\/\/losperiodistas.com.mx\/portal\/wp-json\/wp\/v2\/categories?post=1355"},{"taxonomy":"post_tag","embeddable":true,"href":"https:\/\/losperiodistas.com.mx\/portal\/wp-json\/wp\/v2\/tags?post=1355"}],"curies":[{"name":"wp","href":"https:\/\/api.w.org\/{rel}","templated":true}]}}