{"id":13510,"date":"2021-09-24T06:40:46","date_gmt":"2021-09-24T11:40:46","guid":{"rendered":"http:\/\/losperiodistas.com.mx\/portal\/?p=13510"},"modified":"2021-09-24T06:40:48","modified_gmt":"2021-09-24T11:40:48","slug":"otro-amparo-contra-el-inah-por-el-zocalo","status":"publish","type":"post","link":"https:\/\/losperiodistas.com.mx\/portal\/otro-amparo-contra-el-inah-por-el-zocalo\/","title":{"rendered":"Otro amparo contra el INAH por el z\u00f3calo"},"content":{"rendered":"\n<p style=\"font-size:22px\">*En Huitzilan, novedosa f\u00f3rmula para la prevenci\u00f3n del delito<\/p>\n\n\n\n<p><\/p>\n\n\n\n<figure class=\"wp-block-image size-large\"><img fetchpriority=\"high\" decoding=\"async\" width=\"959\" height=\"676\" src=\"https:\/\/losperiodistas.com.mx\/portal\/wp-content\/uploads\/2021\/09\/ATILIO-PERALTA-Y-CARLOS-MESA.jpeg\" alt=\"\" class=\"wp-image-13511\" srcset=\"https:\/\/losperiodistas.com.mx\/portal\/wp-content\/uploads\/2021\/09\/ATILIO-PERALTA-Y-CARLOS-MESA.jpeg 959w, https:\/\/losperiodistas.com.mx\/portal\/wp-content\/uploads\/2021\/09\/ATILIO-PERALTA-Y-CARLOS-MESA-300x211.jpeg 300w, https:\/\/losperiodistas.com.mx\/portal\/wp-content\/uploads\/2021\/09\/ATILIO-PERALTA-Y-CARLOS-MESA-768x541.jpeg 768w\" sizes=\"(max-width: 959px) 100vw, 959px\" \/><\/figure>\n\n\n\n<p class=\"has-vivid-cyan-blue-color has-text-color\" style=\"font-size:26px\"><strong><em>Por Ra\u00fal Torres Salmer\u00f3n<\/em><\/strong><\/p>\n\n\n\n<p>Se pretende destruir el patrimonio cultural de Puebla, principalmente el Z\u00f3calo, comenta el abogado Atilio Alberto Peralta Merino, a nombre de un grupo de poblanos, luego de anunciar un nuevo amparo en contra de la respuesta y actitud del Instituto Nacional de Antropolog\u00eda e Historia (INAH).<\/p>\n\n\n\n<p>Se\u00f1ala que el INAH se niega a dar vista al Ministerio P\u00fablico, como lo determina la ley, &nbsp;de los responsables de las alteraciones y destrucci\u00f3n del inmueble catalogado como parte del patrimonio hist\u00f3rico.<\/p>\n\n\n\n<p>La nueva demanda de amparo es contra de actos del referido Instituto, que no ha respondido adecuadamente y defiende su proyecto inicial de remodelacion del z\u00f3calo.<\/p>\n\n\n\n<p>La demanda se present\u00f3 el 21 de septiembre de 2021 en Puebla Capital, ante el Juez de Distrito de Amparo en Materia Civil Administrativa y del Trabajo y de Juicios Federales en turno.<\/p>\n\n\n\n<p>Est\u00e1 firmada por Atilio Alberto Peralta Merino, Bertha de Uriarte Garc\u00eda de Acevedo, Luis Gonzaga Benavides Ilizaliturri, Manuel Senderos Bracamonte, Lourdes Mu\u00f1oz Alvirez, H\u00e9ctor Arturo Manuel Moreno Toscano, Ernesto Garc\u00eda Hern\u00e1ndez, Carlos Meza Guti\u00e9rrez y Ra\u00fal Carpinteyro y Vera.<\/p>\n\n\n\n<p>Reclaman los quejosos la infundada e indebida respuesta del INAH, tras acusar a la alcaldesa de Puebla Capital Claudia Rivera Vivanco y el Director General del INAH y su Delegaci\u00f3n en Puebla, por la absurda remodelaci\u00f3n y destrucci\u00f3n del z\u00f3calo.<\/p>\n\n\n\n<p>Los demandantes se\u00f1alan que desde principios del presente a\u00f1o, la Secretar\u00eda de Desarrollo Agrario, Territorial y Urbano del Gobierno Federal hizo saber a la opini\u00f3n p\u00fablica del hecho que pretend\u00eda realizar obras en la Plaza Principal Z\u00f3calo de la Ciudad de Puebla, una zona de monumentos hist\u00f3ricos.<\/p>\n\n\n\n<p>En esa fecha, los demandantes, en base en ordenamientos legales, nacionales e internacionales, exigieron al INAH que debi\u00f3 avisar al Ministerio P\u00fablico sobre los responsables de da\u00f1ar el patrimonio hist\u00f3rico que amerita prisi\u00f3n y multa, situaci\u00f3n que no configur\u00f3 el Instituto.<\/p>\n\n\n\n<p>El nuevo amparo es para obligar al INAH a cumplir con la ley, ya que en su respuesta infundada e imprecisa del mes de mayo pasado dijo que no se hab\u00eda determinado alguna afectaci\u00f3n que pudiera constituirse como un delito, hecho que debe determinar la autoridad ministerial o judicial y no el INAH.<\/p>\n\n\n\n<p>PREVENCI\u00d3N DEL DELITO EN HUITZILAN<\/p>\n\n\n\n<p>La Direcci\u00f3n de Seguridad P\u00fablica del Ayuntamiento del Municipio de Huitzilan de Serd\u00e1n, impulsa la creaci\u00f3n de la c\u00e9lula de Prevenci\u00f3n del Delito, que tiene como fin implementar acciones preventivas que ayuden a disminuir los delitos m\u00e1s comunes, de manera que se pueda preservar el orden y salvaguardar la integridad de la poblaci\u00f3n.<\/p>\n\n\n\n<p>La c\u00e9lula o \u00e1rea, est\u00e1 encabezada por Crisantema Mart\u00ednez Bonilla y Jorge Bonilla Rosales, quienes iniciaron actividades en instituciones educativas del municipio, para hablar de la pandemia del Covid-19 y las medidas preventivas.<\/p>\n\n\n\n<p>Mart\u00ednez Bonilla comenta que es de suma importancia que los j\u00f3venes est\u00e9n al tanto de las formas de prevenir los contagios por el Covid-19, pues es un tema de inter\u00e9s colectivo que concierne a todos.<\/p>\n\n\n\n<p>Bonilla Rosales detall\u00f3 que el prop\u00f3sito es exponer temas de inter\u00e9s social, que ayuden a los j\u00f3venes en pl\u00e1ticas que pueden beneficiar su vida, con temas de alcoholismo, violencia contra la mujer y drogadicci\u00f3n, entre otros, a fin de obtener resultados que ayuden a garantizar el orden social.&nbsp;<\/p>\n\n\n\n<p>En fin, como escribi\u00f3 L\u00edber Falco (Uruguay, 1906-1955), en su poema Destino:<\/p>\n\n\n\n<p>Bajo un cielo de Juicio Final,<\/p>\n\n\n\n<p>de espejos rebelados,<\/p>\n\n\n\n<p>he de llegar al mar<\/p>\n\n\n\n<p>para la muerte m\u00eda.<\/p>\n\n\n\n<p>Me levantar\u00e9 as\u00ed en la ola m\u00e1s alta<\/p>\n\n\n\n<p>y me hundir\u00e9 para siempre.<\/p>\n\n\n\n<p>raultorress@hotmail.com<\/p>\n","protected":false},"excerpt":{"rendered":"<p>*En Huitzilan, novedosa f\u00f3rmula para la prevenci\u00f3n del delito Por Ra\u00fal Torres Salmer\u00f3n Se pretende destruir el patrimonio cultural de [&hellip;]<\/p>\n","protected":false},"author":1,"featured_media":13511,"comment_status":"open","ping_status":"open","sticky":false,"template":"","format":"standard","meta":{"site-sidebar-layout":"default","site-content-layout":"","ast-site-content-layout":"default","site-content-style":"default","site-sidebar-style":"default","ast-global-header-display":"","ast-banner-title-visibility":"","ast-main-header-display":"","ast-hfb-above-header-display":"","ast-hfb-below-header-display":"","ast-hfb-mobile-header-display":"","site-post-title":"","ast-breadcrumbs-content":"","ast-featured-img":"","footer-sml-layout":"","theme-transparent-header-meta":"","adv-header-id-meta":"","stick-header-meta":"","header-above-stick-meta":"","header-main-stick-meta":"","header-below-stick-meta":"","astra-migrate-meta-layouts":"default","ast-page-background-enabled":"default","ast-page-background-meta":{"desktop":{"background-color":"var(--ast-global-color-4)","background-image":"","background-repeat":"repeat","background-position":"center center","background-size":"auto","background-attachment":"scroll","background-type":"","background-media":"","overlay-type":"","overlay-color":"","overlay-opacity":"","overlay-gradient":""},"tablet":{"background-color":"","background-image":"","background-repeat":"repeat","background-position":"center center","background-size":"auto","background-attachment":"scroll","background-type":"","background-media":"","overlay-type":"","overlay-color":"","overlay-opacity":"","overlay-gradient":""},"mobile":{"background-color":"","background-image":"","background-repeat":"repeat","background-position":"center center","background-size":"auto","background-attachment":"scroll","background-type":"","background-media":"","overlay-type":"","overlay-color":"","overlay-opacity":"","overlay-gradient":""}},"ast-content-background-meta":{"desktop":{"background-color":"var(--ast-global-color-5)","background-image":"","background-repeat":"repeat","background-position":"center center","background-size":"auto","background-attachment":"scroll","background-type":"","background-media":"","overlay-type":"","overlay-color":"","overlay-opacity":"","overlay-gradient":""},"tablet":{"background-color":"var(--ast-global-color-5)","background-image":"","background-repeat":"repeat","background-position":"center center","background-size":"auto","background-attachment":"scroll","background-type":"","background-media":"","overlay-type":"","overlay-color":"","overlay-opacity":"","overlay-gradient":""},"mobile":{"background-color":"var(--ast-global-color-5)","background-image":"","background-repeat":"repeat","background-position":"center center","background-size":"auto","background-attachment":"scroll","background-type":"","background-media":"","overlay-type":"","overlay-color":"","overlay-opacity":"","overlay-gradient":""}},"footnotes":""},"categories":[8,19],"tags":[1037,2469],"class_list":["post-13510","post","type-post","status-publish","format-standard","has-post-thumbnail","hentry","category-noticias","category-sin-limites-2","tag-inah","tag-zocalo-puebla"],"_links":{"self":[{"href":"https:\/\/losperiodistas.com.mx\/portal\/wp-json\/wp\/v2\/posts\/13510","targetHints":{"allow":["GET"]}}],"collection":[{"href":"https:\/\/losperiodistas.com.mx\/portal\/wp-json\/wp\/v2\/posts"}],"about":[{"href":"https:\/\/losperiodistas.com.mx\/portal\/wp-json\/wp\/v2\/types\/post"}],"author":[{"embeddable":true,"href":"https:\/\/losperiodistas.com.mx\/portal\/wp-json\/wp\/v2\/users\/1"}],"replies":[{"embeddable":true,"href":"https:\/\/losperiodistas.com.mx\/portal\/wp-json\/wp\/v2\/comments?post=13510"}],"version-history":[{"count":1,"href":"https:\/\/losperiodistas.com.mx\/portal\/wp-json\/wp\/v2\/posts\/13510\/revisions"}],"predecessor-version":[{"id":13512,"href":"https:\/\/losperiodistas.com.mx\/portal\/wp-json\/wp\/v2\/posts\/13510\/revisions\/13512"}],"wp:featuredmedia":[{"embeddable":true,"href":"https:\/\/losperiodistas.com.mx\/portal\/wp-json\/wp\/v2\/media\/13511"}],"wp:attachment":[{"href":"https:\/\/losperiodistas.com.mx\/portal\/wp-json\/wp\/v2\/media?parent=13510"}],"wp:term":[{"taxonomy":"category","embeddable":true,"href":"https:\/\/losperiodistas.com.mx\/portal\/wp-json\/wp\/v2\/categories?post=13510"},{"taxonomy":"post_tag","embeddable":true,"href":"https:\/\/losperiodistas.com.mx\/portal\/wp-json\/wp\/v2\/tags?post=13510"}],"curies":[{"name":"wp","href":"https:\/\/api.w.org\/{rel}","templated":true}]}}