{"id":13507,"date":"2021-09-24T06:38:23","date_gmt":"2021-09-24T11:38:23","guid":{"rendered":"http:\/\/losperiodistas.com.mx\/portal\/?p=13507"},"modified":"2021-09-24T06:38:25","modified_gmt":"2021-09-24T11:38:25","slug":"mantiene-ayuntamiento-de-puebla-ejecucion-de-obras-viales-en-juntas-auxiliares","status":"publish","type":"post","link":"https:\/\/losperiodistas.com.mx\/portal\/mantiene-ayuntamiento-de-puebla-ejecucion-de-obras-viales-en-juntas-auxiliares\/","title":{"rendered":"Mantiene Ayuntamiento de Puebla ejecuci\u00f3n de obras viales en Juntas Auxiliares"},"content":{"rendered":"\n<p><\/p>\n\n\n\n<figure class=\"wp-block-image size-large\"><img fetchpriority=\"high\" decoding=\"async\" width=\"1024\" height=\"681\" src=\"https:\/\/losperiodistas.com.mx\/portal\/wp-content\/uploads\/2021\/09\/Captura-de-Pantalla-2021-09-24-a-las-6.34.31-1024x681.jpg\" alt=\"\" class=\"wp-image-13508\" srcset=\"https:\/\/losperiodistas.com.mx\/portal\/wp-content\/uploads\/2021\/09\/Captura-de-Pantalla-2021-09-24-a-las-6.34.31-1024x681.jpg 1024w, https:\/\/losperiodistas.com.mx\/portal\/wp-content\/uploads\/2021\/09\/Captura-de-Pantalla-2021-09-24-a-las-6.34.31-300x199.jpg 300w, https:\/\/losperiodistas.com.mx\/portal\/wp-content\/uploads\/2021\/09\/Captura-de-Pantalla-2021-09-24-a-las-6.34.31-768x510.jpg 768w, https:\/\/losperiodistas.com.mx\/portal\/wp-content\/uploads\/2021\/09\/Captura-de-Pantalla-2021-09-24-a-las-6.34.31-1536x1021.jpg 1536w, https:\/\/losperiodistas.com.mx\/portal\/wp-content\/uploads\/2021\/09\/Captura-de-Pantalla-2021-09-24-a-las-6.34.31.jpg 1598w\" sizes=\"(max-width: 1024px) 100vw, 1024px\" \/><\/figure>\n\n\n\n<p class=\"has-vivid-cyan-blue-color has-text-color has-medium-font-size\">REDACCI\u00d3N<\/p>\n\n\n\n<p>En la Junta Auxiliar San Jer\u00f3nimo Caleras, el Ayuntamiento de Puebla<\/p>\n\n\n\n<p>entreg\u00f3 la construcci\u00f3n de las calles Francisco I. Madero y Juan de la<\/p>\n\n\n\n<p>Barrera, as\u00ed como la rehabilitaci\u00f3n de la carpeta asf\u00e1ltica de la v\u00eda<\/p>\n\n\n\n<p>Carmen Serd\u00e1n, intervenciones que transforman las condiciones de vida<\/p>\n\n\n\n<p>de m\u00e1s de 260 familias poblanas.<\/p>\n\n\n\n<p>\u201cEstas son obras que reflejan el mandato del Pueblo, donde la gente fue<\/p>\n\n\n\n<p>la que decidi\u00f3 d\u00f3nde invertir los recursos, porque cambiamos el modelo<\/p>\n\n\n\n<p>de gobernanza, ahora todo lo hacemos acompa\u00f1ados de las y los<\/p>\n\n\n\n<p>ciudadanos. Esa es la f\u00f3rmula que ha permitido que las acciones lleguen<\/p>\n\n\n\n<p>a donde se necesitaban\u201d, expres\u00f3 la Presidenta Municipal, Claudia Rivera<\/p>\n\n\n\n<p>Vivanco.<\/p>\n\n\n\n<p>Bajo el esquema de \u201cCalles Completas\u201d, la Secretar\u00eda de Infraestructura<\/p>\n\n\n\n<p>y Servicios P\u00fablicos ejecut\u00f3 una obra dual de dignificaci\u00f3n de los<\/p>\n\n\n\n<p>corredores de tr\u00e1nsito, zonas peatonales y de cruce en las vialidades<\/p>\n\n\n\n<p>Francisco I. Madero \u2014entre Miguel Hidalgo y Juan de la Barrera\u2014 y Juan<\/p>\n\n\n\n<p>de la Barrera \u2014entre Jos\u00e9 Mar\u00eda Morelos e Ignacio Zaragoza\u2014, de la<\/p>\n\n\n\n<p>colonia Independencia Caleras.<\/p>\n\n\n\n<p>Ambas ejecuciones contemplaron la pavimentaci\u00f3n total de 942 metros<\/p>\n\n\n\n<p>en l\u00ednea recta, as\u00ed como la construcci\u00f3n de 548 metros cuadrados de<\/p>\n\n\n\n<p>banquetas, la instalaci\u00f3n de 22 nuevos puntos de luz y el resguardo de<\/p>\n\n\n\n<p>intersecciones con 28 bolardos, asegur\u00f3 el titular de la dependencia,<\/p>\n\n\n\n<p>Israel Rom\u00e1n Romano.<\/p>\n\n\n\n<p>Para el desarrollo de esta infraestructura vial, la administraci\u00f3n local<\/p>\n\n\n\n<p>destin\u00f3 seis millones 619 mil pesos, mientras que en la ejecuci\u00f3n del<\/p>\n\n\n\n<p>mantenimiento a la carpeta asf\u00e1ltica de la calle Carmen Serd\u00e1n se<\/p>\n\n\n\n<p>invirti\u00f3 un mill\u00f3n 924 mil pesos.<\/p>\n\n\n\n<p>Ubicada en la colonia San Jos\u00e9 Cuatro Caminos, esta v\u00eda cont\u00f3 con<\/p>\n\n\n\n<p>trabajos de recarpeteo en una superficie de rodamiento de dos mil 26<\/p>\n\n\n\n<p>metros cuadrados. Tambi\u00e9n se colocaron 11 nuevas luminarias y 24<\/p>\n\n\n\n<p>guardapeatones.<\/p>\n\n\n\n<p>Con estas acciones, el Ayuntamiento de Puebla ratifica su compromiso<\/p>\n\n\n\n<p>por resarcir las condiciones de rezago en materia de infraestructura vial,<\/p>\n\n\n\n<p>en zonas de atenci\u00f3n prioritaria ante la carencia hist\u00f3rica de pol\u00edgonos<\/p>\n\n\n\n<p>para una movilidad segura, digna e incluyente.<\/p>\n\n\n\n<p>A estas entregas tambi\u00e9n asistieron Ana Laura Mart\u00ednez Escobar,<\/p>\n\n\n\n<p>regidora presidenta de la Comisi\u00f3n de Seguridad Ciudadana; Margarita<\/p>\n\n\n\n<p>Rodr\u00edguez Daurich, directora de Atenci\u00f3n Vecinal de la Secretar\u00eda de<\/p>\n\n\n\n<p>Gobernaci\u00f3n Municipal; Abiud Castillo L\u00f3pez, diputado local suplente por<\/p>\n\n\n\n<p>el distrito 19; y Gerardo Rodr\u00edguez Garc\u00eda y Patricia Garc\u00eda Carranza,<\/p>\n\n\n\n<p>presidente auxiliar y regidora de Obra de San Jer\u00f3nimo Caleras,<\/p>\n\n\n\n<p>respectivamente.<\/p>\n\n\n\n<p>Como representantes de las y los vecinos, acudieron Jos\u00e9 Sastre Ortega<\/p>\n\n\n\n<p>de la colonia San Jos\u00e9 Cuatro Caminos, y Enrique Ramos Morales de la<\/p>\n\n\n\n<p>colonia Independencia Caleras.<\/p>\n\n\n\n<p>Fuente: https:\/\/bit.ly\/2XJdVSw<\/p>\n","protected":false},"excerpt":{"rendered":"<p>REDACCI\u00d3N En la Junta Auxiliar San Jer\u00f3nimo Caleras, el Ayuntamiento de Puebla entreg\u00f3 la construcci\u00f3n de las calles Francisco I. [&hellip;]<\/p>\n","protected":false},"author":1,"featured_media":13508,"comment_status":"open","ping_status":"open","sticky":false,"template":"","format":"standard","meta":{"site-sidebar-layout":"default","site-content-layout":"","ast-site-content-layout":"default","site-content-style":"default","site-sidebar-style":"default","ast-global-header-display":"","ast-banner-title-visibility":"","ast-main-header-display":"","ast-hfb-above-header-display":"","ast-hfb-below-header-display":"","ast-hfb-mobile-header-display":"","site-post-title":"","ast-breadcrumbs-content":"","ast-featured-img":"","footer-sml-layout":"","theme-transparent-header-meta":"","adv-header-id-meta":"","stick-header-meta":"","header-above-stick-meta":"","header-main-stick-meta":"","header-below-stick-meta":"","astra-migrate-meta-layouts":"default","ast-page-background-enabled":"default","ast-page-background-meta":{"desktop":{"background-color":"var(--ast-global-color-4)","background-image":"","background-repeat":"repeat","background-position":"center center","background-size":"auto","background-attachment":"scroll","background-type":"","background-media":"","overlay-type":"","overlay-color":"","overlay-opacity":"","overlay-gradient":""},"tablet":{"background-color":"","background-image":"","background-repeat":"repeat","background-position":"center center","background-size":"auto","background-attachment":"scroll","background-type":"","background-media":"","overlay-type":"","overlay-color":"","overlay-opacity":"","overlay-gradient":""},"mobile":{"background-color":"","background-image":"","background-repeat":"repeat","background-position":"center center","background-size":"auto","background-attachment":"scroll","background-type":"","background-media":"","overlay-type":"","overlay-color":"","overlay-opacity":"","overlay-gradient":""}},"ast-content-background-meta":{"desktop":{"background-color":"var(--ast-global-color-5)","background-image":"","background-repeat":"repeat","background-position":"center center","background-size":"auto","background-attachment":"scroll","background-type":"","background-media":"","overlay-type":"","overlay-color":"","overlay-opacity":"","overlay-gradient":""},"tablet":{"background-color":"var(--ast-global-color-5)","background-image":"","background-repeat":"repeat","background-position":"center center","background-size":"auto","background-attachment":"scroll","background-type":"","background-media":"","overlay-type":"","overlay-color":"","overlay-opacity":"","overlay-gradient":""},"mobile":{"background-color":"var(--ast-global-color-5)","background-image":"","background-repeat":"repeat","background-position":"center center","background-size":"auto","background-attachment":"scroll","background-type":"","background-media":"","overlay-type":"","overlay-color":"","overlay-opacity":"","overlay-gradient":""}},"footnotes":""},"categories":[8],"tags":[4208,4209],"class_list":["post-13507","post","type-post","status-publish","format-standard","has-post-thumbnail","hentry","category-noticias","tag-obras-publicas","tag-san-jeronimo-caleras"],"_links":{"self":[{"href":"https:\/\/losperiodistas.com.mx\/portal\/wp-json\/wp\/v2\/posts\/13507","targetHints":{"allow":["GET"]}}],"collection":[{"href":"https:\/\/losperiodistas.com.mx\/portal\/wp-json\/wp\/v2\/posts"}],"about":[{"href":"https:\/\/losperiodistas.com.mx\/portal\/wp-json\/wp\/v2\/types\/post"}],"author":[{"embeddable":true,"href":"https:\/\/losperiodistas.com.mx\/portal\/wp-json\/wp\/v2\/users\/1"}],"replies":[{"embeddable":true,"href":"https:\/\/losperiodistas.com.mx\/portal\/wp-json\/wp\/v2\/comments?post=13507"}],"version-history":[{"count":1,"href":"https:\/\/losperiodistas.com.mx\/portal\/wp-json\/wp\/v2\/posts\/13507\/revisions"}],"predecessor-version":[{"id":13509,"href":"https:\/\/losperiodistas.com.mx\/portal\/wp-json\/wp\/v2\/posts\/13507\/revisions\/13509"}],"wp:featuredmedia":[{"embeddable":true,"href":"https:\/\/losperiodistas.com.mx\/portal\/wp-json\/wp\/v2\/media\/13508"}],"wp:attachment":[{"href":"https:\/\/losperiodistas.com.mx\/portal\/wp-json\/wp\/v2\/media?parent=13507"}],"wp:term":[{"taxonomy":"category","embeddable":true,"href":"https:\/\/losperiodistas.com.mx\/portal\/wp-json\/wp\/v2\/categories?post=13507"},{"taxonomy":"post_tag","embeddable":true,"href":"https:\/\/losperiodistas.com.mx\/portal\/wp-json\/wp\/v2\/tags?post=13507"}],"curies":[{"name":"wp","href":"https:\/\/api.w.org\/{rel}","templated":true}]}}