{"id":1342,"date":"2020-11-19T20:26:34","date_gmt":"2020-11-20T02:26:34","guid":{"rendered":"http:\/\/losperiodistas.com.mx\/portal\/?p=1342"},"modified":"2020-11-19T20:26:34","modified_gmt":"2020-11-20T02:26:34","slug":"sobrado-manzanilla-polo-de-lara-barroso-y-quechol","status":"publish","type":"post","link":"https:\/\/losperiodistas.com.mx\/portal\/sobrado-manzanilla-polo-de-lara-barroso-y-quechol\/","title":{"rendered":"Sobrado, Manzanilla, Polo de Lara, Barroso y Quechol"},"content":{"rendered":"\n<ul class=\"wp-block-list\"><li>Son los pol\u00edticos, unos rinden informes y otros tienen aspiraciones \u00a0<\/li><\/ul>\n\n\n\n<p style=\"font-size:26px\"><em>Por Ra\u00fal Torres Salmer\u00f3n<\/em><\/p>\n\n\n\n<p>En los \u00faltimos d\u00edas se ha incrementado la participaci\u00f3n p\u00fablica de los pol\u00edticos. Unos tienen la mira puesta en las pr\u00f3ximas elecciones del 2021 y otros cumplen una disposici\u00f3n legal, quienes son legisladores y rinden el informe de actividades de un a\u00f1o.<\/p>\n\n\n\n<p>Por estos d\u00edas informaron de sus actividades los diputados federales Ver\u00f3nica Sobrado (PAN) y Fernando Manzanilla (PES). A su vez, Polo de Lara, respaldado por el Grupo 500 busca abiertamente ser candidato independiente o por un partido a la Presidencia Municipal de Puebla Capital. Alejandro Barroso Ch\u00e1vez, del PT-MORENA, es el aspirante mejor posicionado en una encuesta para la alcald\u00eda de Tehuac\u00e1n&nbsp; y Miguel \u00c1ngel Quechol alza la mano para la primera regidur\u00eda de San Andr\u00e9s Cholula.<\/p>\n\n\n\n<p><strong>INFORME DE VER\u00d3NICA SOBRADO<\/strong><\/p>\n\n\n\n<p>A trav\u00e9s de sus redes sociales,&nbsp; Ver\u00f3nica Sobrado Rodr\u00edguez, destac\u00f3 que present\u00f3 61 Iniciativas, 59 Puntos de Acuerdo y&nbsp; 18 Intervenciones en Tribuna, en el segundo a\u00f1o, la pandemia del Covid-19 implic\u00f3 la creaci\u00f3n de nuevas estrategias para el trabajo legislativo.<\/p>\n\n\n\n<p>Promovi\u00f3 la Ley para Prevenir, Sancionar y Erradicar el Feminicidio y que se incluy\u00f3 la violencia digital y la violencia obst\u00e9trica como tipos de violencia; tambi\u00e9n se fortaleci\u00f3 el mecanismo Alerta por Violencia de G\u00e9nero.<\/p>\n\n\n\n<p>Sobrado Rodr\u00edguez representa al Grupo Parlamentario del Partido Acci\u00f3n Nacional en el Grupo Plural de Igualdad Sustantiva de la C\u00e1mara de Diputados, donde impuls\u00f3 la aprobaci\u00f3n de 86 leyes en materia de paridad, la homologaci\u00f3n del tipo penal del feminicidio, la reducci\u00f3n de la brecha salarial entre mujeres y hombres as\u00ed como la aprobaci\u00f3n de la reforma para prevenir, sancionar y erradicar la violencia pol\u00edtica contra las mujeres en raz\u00f3n de g\u00e9nero.<\/p>\n\n\n\n<p>Desde la Comisi\u00f3n de Igualdad de G\u00e9nero, como Secretaria, la legisladora poblana realiz\u00f3 trabajos a favor de las mujeres y ni\u00f1as de M\u00e9xico. Para el tercer a\u00f1o, coment\u00f3 que trabajar\u00e1 a favor de Puebla y M\u00e9xico, con propuestas para la recuperaci\u00f3n y por una Puebla en paz y con Igualdad.<\/p>\n\n\n\n<p><strong>LOS RETOS, SEG\u00daN MANZANILLA<\/strong><\/p>\n\n\n\n<p>El controvertido Diputado Federal por el PES, Inform\u00f3 sobre los 45 puntos de acuerdo presentados y 23 iniciativas de ley, el trabajo comunitario realizado y principales retos legislativos del pr\u00f3ximo a\u00f1o.<\/p>\n\n\n\n<p>Pidi\u00f3 dejar atr\u00e1s viejas pr\u00e1cticas y estilos de gobierno que solo confunden el verdadero rostro de la Cuarta Transformaci\u00f3n. Asimismo, dejar atr\u00e1s la divisi\u00f3n y el encono para as\u00ed poder replantearnos, en unidad, los t\u00e9rminos de una nueva senda de prosperidad y progreso para todos, a partir de los preceptos b\u00e1sicos que han guiado la alianza pol\u00edtica que dio vida a la 4T.<\/p>\n\n\n\n<p>Habl\u00f3 de sus constantes visitas a colonias del Distrito 12 capitalino, la entrega de 4 mil despensas familiares en beneficio de 16 mil personas, la realizaci\u00f3n de 110 talleres educativos y cursos, orientados a mejorar la convivencia social y el cuidado del medio ambiente. En total 260 acciones comunitarias en beneficio de 21 mil familias.<\/p>\n\n\n\n<p>Respecto a los retos de la legislatura los enumer\u00f3:<\/p>\n\n\n\n<p>-El primero es la aprobaci\u00f3n del Presupuesto que ante un panorama incierto debe estar enfocado en la recuperaci\u00f3n de la actividad econ\u00f3mica, privilegiar la inversi\u00f3n productiva generadora de empleos as\u00ed como el apuntalar la competitividad de nuestra econom\u00eda. Solo as\u00ed se podr\u00e1n generar ingresos adecuados y no debe descartarse la posibilidad de recurrir al financiamiento, para evitar entrar una profunda depresi\u00f3n econ\u00f3mica.<\/p>\n\n\n\n<p>-El segundo reto ser\u00e1 hacer accesible la vacuna o la cura contra el Covid-19 a toda la poblaci\u00f3n, una vez que sea aprobada. El desaf\u00edo ser\u00e1 producirla, distribuirla y aplicarla, tambi\u00e9n en tiempo r\u00e9cord, a 130 millones de personas.<\/p>\n\n\n\n<p>-El tercer reto implica la realizaci\u00f3n de las elecciones intermedias y su calificaci\u00f3n, ya que definir\u00e1n el rumbo de la segunda mitad del mandato del Presidente Andr\u00e9s Manuel L\u00f3pez Obrador y de la coalici\u00f3n Juntos Haremos Historia, que hoy tiene mayor\u00eda en ambas C\u00e1maras.<\/p>\n\n\n\n<p><strong>POLO DE LARA Y SU PLAN DE ACCI\u00d3N<\/strong><\/p>\n\n\n\n<p>Julio Leopoldo de Lara Valero, a quien sus amigos y partidarios lo conocen como&nbsp; Polo de Lara, dirigente del Grupo 500, trabaja desde hace tiempo en armar un programa de gobierno municipal y recientemente dio a conocer otros rubros. Adem\u00e1s, asegur\u00f3 que va por la candidatura para la alcald\u00eda de Puebla Capital y que tiene pl\u00e1ticas con diversos partidos.<\/p>\n\n\n\n<p>Anunci\u00f3 que el Grupo Puebla 500 lo integran l\u00edderes, acad\u00e9micos y profesionales que enriquecen el proyecto y suman actualmente mil 108 miembros destacados de la sociedad.<\/p>\n\n\n\n<p>Afirm\u00f3 y propuso lo siguiente, en base al lema Vamos por la Grandeza de Puebla:<\/p>\n\n\n\n<p>-Los ciudadanos no deben permitir que los partidos pol\u00edticos que participen quienes ya han ocupado ese puesto como Eduardo Rivera P\u00e9rez del PAN y Enrique Doger Guerrero del PRI. Descalific\u00f3 a otro aspirante de nombre Eduardo Rivera Santamar\u00eda porque, asegur\u00f3, tiene antecedentes penales en Veracruz.<\/p>\n\n\n\n<p>-La actual Legislatura del Congreso del Estado ha fallado, porque resulta inconcebible el rezago existente, a pesar de las promesas de campa\u00f1a pues la mayor\u00eda de MORENA no &nbsp;atiende los temas urgentes de los poblanos como el agua potable.<\/p>\n\n\n\n<p>-Propuso un mejor acceso a la salud mediante la creaci\u00f3n de unidades m\u00e9dicas en Juntas Auxiliares y&nbsp; unidades habitacionales de Puebla Capital, con jornadas m\u00e9dico asistenciales permanentes, guarder\u00edas infantiles para la poblaci\u00f3n en general y retomar las Casas de D\u00eda para personas de la tercera edad.<\/p>\n\n\n\n<p>-Dignificar el emblem\u00e1tico Barrio del Artista reconocido a nivel nacional e internacional por lo que representa, pues anteriores administraciones no le han brindado la atenci\u00f3n ni el presupuesto y promover en todo el municipio los Rincones Culturales, espacios de recreaci\u00f3n, donde se impartir\u00e1n talleres art\u00edsticos, conciertos, obras de teatro y exposiciones para fomentar el desarrollo social.<\/p>\n\n\n\n<p><strong>QUECHOL LEVANTA LA MANO<\/strong><\/p>\n\n\n\n<p>Acompa\u00f1ado por vecinos de la Reserva Territorial Atlixc\u00e1yotl, las Colonias Concepci\u00f3n la Cruz, Emiliano Zapata, L\u00e1zaro C\u00e1rdenas, El Molinito, las Juntas Auxiliares de San Bernardino Tlaxcalancingo, San Antonio Cacalotepec, San Rafael Comac, San Francisco Acatepec, San Luis Tehuiloyocan y Santa Mar\u00eda Tonantzintla, Miguel \u00c1ngel Quechol G\u00f3mez, manifest\u00f3 inter\u00e9s por buscar la Presidencia Municipal de San Andr\u00e9s Cholula.<\/p>\n\n\n\n<p>En una reuni\u00f3n con sana distancia y con las medidas sanitarias adecuadas, Quechol sentenci\u00f3 que el municipio requiere de mentes del futuro, m\u00e1s cr\u00edticas y creativas, de eficiencia para resolver los problemas y tomar mejores decisiones.<\/p>\n\n\n\n<p>Los desaf\u00edos del municipio son la reactivaci\u00f3n econ\u00f3mica, fomento del empleo, mayor seguridad y enfrentar la pandemia del coronavirus con medidas de salud efectivas.<\/p>\n\n\n\n<p>Finalmente precis\u00f3 que ha iniciado un consenso social en b\u00fasqueda de la Presidencia Municipal de San Andr\u00e9s Cholula y coincide con el Presidente Andr\u00e9s Manuel L\u00f3pez Obrador, en que lo m\u00e1s importante es llegar al pueblo y al coraz\u00f3n social porque los partidos pol\u00edticos, son un instrumento de participaci\u00f3n y de representaci\u00f3n pol\u00edtica.<\/p>\n\n\n\n<p><strong>BARROSO CH\u00c1VEZ PARA TEHUAC\u00c1N<\/strong><\/p>\n\n\n\n<p>En el convulsionado municipio de Tehuac\u00e1n, pol\u00edtica y administrativamente, es una buena noticia saber que el Diputado Federal por el Partido del Trabajo y Morena, Alejandro Barroso Ch\u00e1vez tiene un buen nivel de preferencias en intenci\u00f3n de voto con miras a la renovaci\u00f3n del pr\u00f3ximo Ayuntamiento.<\/p>\n\n\n\n<p>Barroso, seg\u00fan una encuesta realizada por la empresa Inteligencia Prospectiva, obtiene el 34 % de preferencias. Barroso, m\u00e9dico de profesi\u00f3n, se ha caracterizado por acercarse y ayudar a la gente materia de gesti\u00f3n de obras y servicios.<\/p>\n\n\n\n<p>Barroso est\u00e1 por arriba de Olga Luc\u00eda Romero Garcicrespo (3 %), Jaime Barbosa Puertos (4 %), Juan Nicol\u00e1s Pares (10 %),&nbsp; Lucio Rangel Mendoza (3 %), Teresa Mendoza Vargas (3 %)&nbsp; y Santiago Mendoza Tierra (6 %).<\/p>\n\n\n\n<p>Con Barroso Ch\u00e1vez, tehuacanero con presencia y estima de la sociedad, en caso de ser nominado y ganar la elecci\u00f3n, el municipio tendr\u00eda un buen desarrollo que bastante falta le hace por los problemas que enfrenta.<\/p>\n\n\n\n<p>La moneda est\u00e1 en el aire, por ahora.<\/p>\n\n\n\n<p>En fin, como escribi\u00f3 Segundo Cernuda (Espa\u00f1a, 1886-1910) en Coplas de un Periodista:<\/p>\n\n\n\n<p>La cosa p\u00fablica est\u00e1<\/p>\n\n\n\n<p>tan fea y tan mal se ve,<\/p>\n\n\n\n<p>que, francamente, no s\u00e9<\/p>\n\n\n\n<p>c\u00f3mo no ha estallado ya.<\/p>\n\n\n\n<p>Todo es farsa y ego\u00edsmo,<\/p>\n\n\n\n<p>estamos desnivelados,<\/p>\n\n\n\n<p>y a pasos agigantados,<\/p>\n\n\n\n<p>vamos al gran cataclismo.<\/p>\n\n\n\n<p>raultorress@hotmail.com<\/p>\n","protected":false},"excerpt":{"rendered":"<p>Son los pol\u00edticos, unos rinden informes y otros tienen aspiraciones \u00a0 Por Ra\u00fal Torres Salmer\u00f3n En los \u00faltimos d\u00edas se [&hellip;]<\/p>\n","protected":false},"author":1,"featured_media":1345,"comment_status":"open","ping_status":"open","sticky":false,"template":"","format":"standard","meta":{"site-sidebar-layout":"default","site-content-layout":"","ast-site-content-layout":"default","site-content-style":"default","site-sidebar-style":"default","ast-global-header-display":"","ast-banner-title-visibility":"","ast-main-header-display":"","ast-hfb-above-header-display":"","ast-hfb-below-header-display":"","ast-hfb-mobile-header-display":"","site-post-title":"","ast-breadcrumbs-content":"","ast-featured-img":"","footer-sml-layout":"","theme-transparent-header-meta":"","adv-header-id-meta":"","stick-header-meta":"","header-above-stick-meta":"","header-main-stick-meta":"","header-below-stick-meta":"","astra-migrate-meta-layouts":"default","ast-page-background-enabled":"default","ast-page-background-meta":{"desktop":{"background-color":"var(--ast-global-color-4)","background-image":"","background-repeat":"repeat","background-position":"center center","background-size":"auto","background-attachment":"scroll","background-type":"","background-media":"","overlay-type":"","overlay-color":"","overlay-opacity":"","overlay-gradient":""},"tablet":{"background-color":"","background-image":"","background-repeat":"repeat","background-position":"center center","background-size":"auto","background-attachment":"scroll","background-type":"","background-media":"","overlay-type":"","overlay-color":"","overlay-opacity":"","overlay-gradient":""},"mobile":{"background-color":"","background-image":"","background-repeat":"repeat","background-position":"center center","background-size":"auto","background-attachment":"scroll","background-type":"","background-media":"","overlay-type":"","overlay-color":"","overlay-opacity":"","overlay-gradient":""}},"ast-content-background-meta":{"desktop":{"background-color":"var(--ast-global-color-5)","background-image":"","background-repeat":"repeat","background-position":"center center","background-size":"auto","background-attachment":"scroll","background-type":"","background-media":"","overlay-type":"","overlay-color":"","overlay-opacity":"","overlay-gradient":""},"tablet":{"background-color":"var(--ast-global-color-5)","background-image":"","background-repeat":"repeat","background-position":"center center","background-size":"auto","background-attachment":"scroll","background-type":"","background-media":"","overlay-type":"","overlay-color":"","overlay-opacity":"","overlay-gradient":""},"mobile":{"background-color":"var(--ast-global-color-5)","background-image":"","background-repeat":"repeat","background-position":"center center","background-size":"auto","background-attachment":"scroll","background-type":"","background-media":"","overlay-type":"","overlay-color":"","overlay-opacity":"","overlay-gradient":""}},"footnotes":""},"categories":[19],"tags":[],"class_list":["post-1342","post","type-post","status-publish","format-standard","has-post-thumbnail","hentry","category-sin-limites-2"],"_links":{"self":[{"href":"https:\/\/losperiodistas.com.mx\/portal\/wp-json\/wp\/v2\/posts\/1342","targetHints":{"allow":["GET"]}}],"collection":[{"href":"https:\/\/losperiodistas.com.mx\/portal\/wp-json\/wp\/v2\/posts"}],"about":[{"href":"https:\/\/losperiodistas.com.mx\/portal\/wp-json\/wp\/v2\/types\/post"}],"author":[{"embeddable":true,"href":"https:\/\/losperiodistas.com.mx\/portal\/wp-json\/wp\/v2\/users\/1"}],"replies":[{"embeddable":true,"href":"https:\/\/losperiodistas.com.mx\/portal\/wp-json\/wp\/v2\/comments?post=1342"}],"version-history":[{"count":1,"href":"https:\/\/losperiodistas.com.mx\/portal\/wp-json\/wp\/v2\/posts\/1342\/revisions"}],"predecessor-version":[{"id":1346,"href":"https:\/\/losperiodistas.com.mx\/portal\/wp-json\/wp\/v2\/posts\/1342\/revisions\/1346"}],"wp:featuredmedia":[{"embeddable":true,"href":"https:\/\/losperiodistas.com.mx\/portal\/wp-json\/wp\/v2\/media\/1345"}],"wp:attachment":[{"href":"https:\/\/losperiodistas.com.mx\/portal\/wp-json\/wp\/v2\/media?parent=1342"}],"wp:term":[{"taxonomy":"category","embeddable":true,"href":"https:\/\/losperiodistas.com.mx\/portal\/wp-json\/wp\/v2\/categories?post=1342"},{"taxonomy":"post_tag","embeddable":true,"href":"https:\/\/losperiodistas.com.mx\/portal\/wp-json\/wp\/v2\/tags?post=1342"}],"curies":[{"name":"wp","href":"https:\/\/api.w.org\/{rel}","templated":true}]}}