{"id":133,"date":"2017-05-03T18:48:22","date_gmt":"2017-05-03T23:48:22","guid":{"rendered":"http:\/\/losperiodistas.com.mx\/portal\/?p=133"},"modified":"2017-05-03T18:52:17","modified_gmt":"2017-05-03T23:52:17","slug":"destino-moreno-valle-5-mil-79-mdp-por-via-de-pps-solo-para-plataforma-de-audi","status":"publish","type":"post","link":"https:\/\/losperiodistas.com.mx\/portal\/destino-moreno-valle-5-mil-79-mdp-por-via-de-pps-solo-para-plataforma-de-audi\/","title":{"rendered":"Destin\u00f3 Moreno Valle 5 mil 79 mdp por v\u00eda de PPS solo para plataforma de Audi"},"content":{"rendered":"<h1>La deuda estatal para instalar Audi se pagar\u00e1 hasta 2028<\/h1>\n<p>MART\u00cdN HERN\u00c1NDEZ ALC\u00c1NTARA<br \/>\nLA JORNADA DE ORIENTE<\/p>\n<p>El Informe Anal\u00edtico de Obligaciones Diferentes de Financiamientos del gobierno estatal de Puebla, con corte hasta el pasado 31 de marzo, reconoce que la administraci\u00f3n que encabez\u00f3 el panista, Rafael Moreno Valle Rosas, adquiri\u00f3 una deuda por 5 mil 79 millones de pesos, en el esquema de Proyectos para la Prestaci\u00f3n de Servicios (PPS) solo para la construcci\u00f3n de la planta alemana armadora de autos de lujo Audi, instalada en San Jos\u00e9 Chiapa.<\/p>\n<p>Seg\u00fan el documento dado a conocer ayer, de esos 5 mil 79 millones han sido pagados menos de 500 millones de pesos, concretamente 448 millones 297 mil pesos y el cr\u00e9dito total, seg\u00fan el contrato, ser\u00e1 liquidado en su totalidad hasta dentro de 11 a\u00f1os, es decir el 15 de noviembre de 2028.<\/p>\n<p>Los contratos con Audi y otros documentos como el Programa de Impacto Ambiental, permanecen en la opacidad desde la gesti\u00f3n de Moreno Valle, pero se calcula que se destinaron del erario poblano directo a la empresa al menos 10 mil millones de pesos, de los cuales hoy se sabe que m\u00e1s de la mitad constituyen lo que el Centro de Estudios Espinosa Yglesias ha llamado: \u201cdeuda oculta\u201d, es decir, por PPS<\/p>\n<p>El Informe Anal\u00edtico de Obligaciones Diferentes de Financiamientos del gobierno estatal de Puebla tambi\u00e9n dio a conocer que se destinaron mil 762 millones de pesos por v\u00eda de Proyectos para la Prestaci\u00f3n de Servicios para la construcci\u00f3n del Museo Internacional Barroco, deuda a la cual se le han abonado 87 millones 762 mil pesos, para que los pasivos queden en mil 655 millones de pesos. Este recinto, que ha sido sumamente criticado por su costo total, calculado en 7 mil millones de pesos \u2013sin considerar el precio del terrenos sobre el que se edific\u00f3\u2013 ser\u00e1 pagado hasta el 2 de mayo de 2039.<\/p>\n<p>Finalmente, trascendi\u00f3 que el Centro Integral de Servicios ten\u00eda una deuda por la v\u00eda de PPS de mil 372 millones de pesos, de los cuales fueron abonados por 233 millones de pesos, por lo que ahora se deben mil 139 millones de pesos a liquidarse en 2037.<\/p>\n<p>Los proyectos para prestaci\u00f3n de servicios (PPS) que contrat\u00f3 Moreno Valle para detonar la infraestructura en su sexenio hicieron de Puebla el estado m\u00e1s endeudado del pa\u00eds, aunque los pasivos todav\u00eda no se contabilizan en forma oficial y por ello no se ven reflejados en las cifras de la Secretar\u00eda de Hacienda y Cr\u00e9dito P\u00fablico (SHCP).<\/p>\n<p>El estudio Obligaciones financieras de las entidades federativas de M\u00e9xico al tercer trimestre de 2016, del Centro de Estudios de las Finanzas P\u00fablicas (CEFP) del Congreso de la Uni\u00f3n, ubica hasta ahora a la Ciudad de M\u00e9xico, Nuevo Le\u00f3n, Chihuahua, Veracruz y el estado de M\u00e9xico como las cinco entidades m\u00e1s endeudadas del pa\u00eds; solo la Ciudad de M\u00e9xico adeuda 67 mil 200 millones de pesos.<\/p>\n<p>De acuerdo con especialistas y legisladores de oposici\u00f3n, los pasivos de Puebla suman 76 mil millones de pesos, pero el primer mandatario panista del estado solo reconoce ante Hacienda los 8 mil 400 millones que le hered\u00f3 en 2011 su antecesor, el priista Mario Mar\u00edn Torres, destacaron los analistas.<\/p>\n<p>La mayor parte de los pasivos est\u00e1 oculta debido a una reforma legislativa que promovi\u00f3 el Ejecutivo estatal para que los pagos destinados a los PPS no se contabilizaran como deuda p\u00fablica, explic\u00f3 el coordinador de los legisladores federales del partido Morena en el estado, Rodrigo Abdala Dartigues.<\/p>\n<p>Fuente: http:\/\/www.lajornadadeoriente.com.mx\/2017\/05\/03\/destino-moreno-valle\/<\/p>\n","protected":false},"excerpt":{"rendered":"<p>La deuda estatal para instalar Audi se pagar\u00e1 hasta 2028 MART\u00cdN HERN\u00c1NDEZ ALC\u00c1NTARA LA JORNADA DE ORIENTE El Informe Anal\u00edtico [&hellip;]<\/p>\n","protected":false},"author":11,"featured_media":134,"comment_status":"open","ping_status":"open","sticky":false,"template":"","format":"standard","meta":{"site-sidebar-layout":"default","site-content-layout":"","ast-site-content-layout":"default","site-content-style":"default","site-sidebar-style":"default","ast-global-header-display":"","ast-banner-title-visibility":"","ast-main-header-display":"","ast-hfb-above-header-display":"","ast-hfb-below-header-display":"","ast-hfb-mobile-header-display":"","site-post-title":"","ast-breadcrumbs-content":"","ast-featured-img":"","footer-sml-layout":"","theme-transparent-header-meta":"","adv-header-id-meta":"","stick-header-meta":"","header-above-stick-meta":"","header-main-stick-meta":"","header-below-stick-meta":"","astra-migrate-meta-layouts":"default","ast-page-background-enabled":"default","ast-page-background-meta":{"desktop":{"background-color":"var(--ast-global-color-4)","background-image":"","background-repeat":"repeat","background-position":"center center","background-size":"auto","background-attachment":"scroll","background-type":"","background-media":"","overlay-type":"","overlay-color":"","overlay-opacity":"","overlay-gradient":""},"tablet":{"background-color":"","background-image":"","background-repeat":"repeat","background-position":"center center","background-size":"auto","background-attachment":"scroll","background-type":"","background-media":"","overlay-type":"","overlay-color":"","overlay-opacity":"","overlay-gradient":""},"mobile":{"background-color":"","background-image":"","background-repeat":"repeat","background-position":"center center","background-size":"auto","background-attachment":"scroll","background-type":"","background-media":"","overlay-type":"","overlay-color":"","overlay-opacity":"","overlay-gradient":""}},"ast-content-background-meta":{"desktop":{"background-color":"var(--ast-global-color-5)","background-image":"","background-repeat":"repeat","background-position":"center center","background-size":"auto","background-attachment":"scroll","background-type":"","background-media":"","overlay-type":"","overlay-color":"","overlay-opacity":"","overlay-gradient":""},"tablet":{"background-color":"var(--ast-global-color-5)","background-image":"","background-repeat":"repeat","background-position":"center center","background-size":"auto","background-attachment":"scroll","background-type":"","background-media":"","overlay-type":"","overlay-color":"","overlay-opacity":"","overlay-gradient":""},"mobile":{"background-color":"var(--ast-global-color-5)","background-image":"","background-repeat":"repeat","background-position":"center center","background-size":"auto","background-attachment":"scroll","background-type":"","background-media":"","overlay-type":"","overlay-color":"","overlay-opacity":"","overlay-gradient":""}},"footnotes":""},"categories":[10],"tags":[],"class_list":["post-133","post","type-post","status-publish","format-standard","has-post-thumbnail","hentry","category-ultimas-noticias"],"_links":{"self":[{"href":"https:\/\/losperiodistas.com.mx\/portal\/wp-json\/wp\/v2\/posts\/133","targetHints":{"allow":["GET"]}}],"collection":[{"href":"https:\/\/losperiodistas.com.mx\/portal\/wp-json\/wp\/v2\/posts"}],"about":[{"href":"https:\/\/losperiodistas.com.mx\/portal\/wp-json\/wp\/v2\/types\/post"}],"author":[{"embeddable":true,"href":"https:\/\/losperiodistas.com.mx\/portal\/wp-json\/wp\/v2\/users\/11"}],"replies":[{"embeddable":true,"href":"https:\/\/losperiodistas.com.mx\/portal\/wp-json\/wp\/v2\/comments?post=133"}],"version-history":[{"count":1,"href":"https:\/\/losperiodistas.com.mx\/portal\/wp-json\/wp\/v2\/posts\/133\/revisions"}],"predecessor-version":[{"id":135,"href":"https:\/\/losperiodistas.com.mx\/portal\/wp-json\/wp\/v2\/posts\/133\/revisions\/135"}],"wp:featuredmedia":[{"embeddable":true,"href":"https:\/\/losperiodistas.com.mx\/portal\/wp-json\/wp\/v2\/media\/134"}],"wp:attachment":[{"href":"https:\/\/losperiodistas.com.mx\/portal\/wp-json\/wp\/v2\/media?parent=133"}],"wp:term":[{"taxonomy":"category","embeddable":true,"href":"https:\/\/losperiodistas.com.mx\/portal\/wp-json\/wp\/v2\/categories?post=133"},{"taxonomy":"post_tag","embeddable":true,"href":"https:\/\/losperiodistas.com.mx\/portal\/wp-json\/wp\/v2\/tags?post=133"}],"curies":[{"name":"wp","href":"https:\/\/api.w.org\/{rel}","templated":true}]}}