{"id":13200,"date":"2021-09-17T09:25:49","date_gmt":"2021-09-17T14:25:49","guid":{"rendered":"http:\/\/losperiodistas.com.mx\/portal\/?p=13200"},"modified":"2021-09-17T09:25:50","modified_gmt":"2021-09-17T14:25:50","slug":"texas-registra-masivo-cruce-de-migrantes-en-la-frontera-dw","status":"publish","type":"post","link":"https:\/\/losperiodistas.com.mx\/portal\/texas-registra-masivo-cruce-de-migrantes-en-la-frontera-dw\/","title":{"rendered":"Texas registra masivo cruce de migrantes en la frontera | DW"},"content":{"rendered":"\n<p style=\"font-size:18px\"><em>Las autoridades reportaron m\u00e1s de 10.000 indocumentados, la mayor\u00eda haitianos, pero tambi\u00e9n cubanos, venezolanos y nicarag\u00fcenses.<\/em><\/p>\n\n\n\n<p><\/p>\n\n\n\n<figure class=\"wp-block-image size-large\"><img fetchpriority=\"high\" decoding=\"async\" width=\"1024\" height=\"574\" src=\"https:\/\/losperiodistas.com.mx\/portal\/wp-content\/uploads\/2021\/09\/Captura-de-Pantalla-2021-09-17-a-las-9.21.47-1024x574.jpg\" alt=\"\" class=\"wp-image-13201\" srcset=\"https:\/\/losperiodistas.com.mx\/portal\/wp-content\/uploads\/2021\/09\/Captura-de-Pantalla-2021-09-17-a-las-9.21.47-1024x574.jpg 1024w, https:\/\/losperiodistas.com.mx\/portal\/wp-content\/uploads\/2021\/09\/Captura-de-Pantalla-2021-09-17-a-las-9.21.47-300x168.jpg 300w, https:\/\/losperiodistas.com.mx\/portal\/wp-content\/uploads\/2021\/09\/Captura-de-Pantalla-2021-09-17-a-las-9.21.47-768x431.jpg 768w, https:\/\/losperiodistas.com.mx\/portal\/wp-content\/uploads\/2021\/09\/Captura-de-Pantalla-2021-09-17-a-las-9.21.47.jpg 1402w\" sizes=\"(max-width: 1024px) 100vw, 1024px\" \/><\/figure>\n\n\n\n<p class=\"has-vivid-cyan-blue-color has-text-color has-medium-font-size\">DW<\/p>\n\n\n\n<p>Miles de migrantes confluyeron este jueves (16.09.2021) en una ciudad fronteriza del sur de Texas, donde instalaron&nbsp;un campamento improvisado tras ser retenidos por las autoridades estadounidenses.<\/p>\n\n\n\n<p>Los migrantes acamparon bajo un intenso calor junto al puente que conecta la ciudad Del R\u00edo con la mexicana Ciudad Acu\u00f1a. En su mayor\u00eda son haitianos, pero tambi\u00e9n hay cubanos, venezolanos y nicarag\u00fcenses.<\/p>\n\n\n\n<p>El alcalde de Del R\u00edo, Bruno Lozano, dijo que a primera hora del jueves 10.503 migrantes se encontraban bajo el puente internacional de la ciudad, frente a los 8.200 registrados por la ma\u00f1ana.<\/p>\n\n\n\n<p>En tanto, la comida y el agua escaseaban mientras las temperaturas sub\u00edan hasta los 37 grados cent\u00edgrados. Reuters fue testigo de c\u00f3mo cientos de migrantes vadeaban el r\u00edo Grande de vuelta a M\u00e9xico para abastecerse de art\u00edculos esenciales.<\/p>\n\n\n\n<h2 class=\"wp-block-heading\"><strong>Autoridades migratorias desbordadas<\/strong><\/h2>\n\n\n\n<p>Los indocumentados han estado cruzando desde el martes a territorio estadounidense y han desbordado a las autoridades migratorias, que han improvisado el campamento a la espera de ir procesando solicitudes de asilo.<\/p>\n\n\n\n<p>Todas las personas duermen al raso y carecen de servicios b\u00e1sicos, unas condiciones que amenazan con crear una nueva emergencia humanitaria en la frontera sur.<\/p>\n\n\n\n<p>La frontera entre Texas y M\u00e9xico ha registrado cifras r\u00e9cord en las llegadas de inmigrantes irregulares desde que Joe Biden asumi\u00f3 el poder en enero pasado y ya ha sido foco de una crisis pol\u00edtica para el nuevo presidente.<\/p>\n\n\n\n<p>Seg\u00fan The Washington Post, muchos de los migrantes haitianos que han llegado a Texas emigraron de sus pa\u00eds tras el terremoto de 2010 a naciones suramericanas como Brasil o Chile, pero la crisis creada por la pandemia les ha impulsado ahora hacia Estados Unidos.<\/p>\n\n\n\n<p>La Patrulla Fronteriza de Estados Unidos ha enviado refuerzos al sector de Del R\u00edo para gestionar el campo y ante la incertidumbre de que m\u00e1s migrantes puedan cruzar en los pr\u00f3ximos d\u00edas.<\/p>\n\n\n\n<p>jc (efe, reuters)<\/p>\n\n\n\n<p>Fuente: https:\/\/www.dw.com\/es\/texas-registra-masivo-cruce-de-migrantes-en-la-frontera\/a-59208532<\/p>\n","protected":false},"excerpt":{"rendered":"<p>Las autoridades reportaron m\u00e1s de 10.000 indocumentados, la mayor\u00eda haitianos, pero tambi\u00e9n cubanos, venezolanos y nicarag\u00fcenses. DW Miles de migrantes [&hellip;]<\/p>\n","protected":false},"author":1,"featured_media":13201,"comment_status":"open","ping_status":"open","sticky":false,"template":"","format":"standard","meta":{"site-sidebar-layout":"default","site-content-layout":"","ast-site-content-layout":"default","site-content-style":"default","site-sidebar-style":"default","ast-global-header-display":"","ast-banner-title-visibility":"","ast-main-header-display":"","ast-hfb-above-header-display":"","ast-hfb-below-header-display":"","ast-hfb-mobile-header-display":"","site-post-title":"","ast-breadcrumbs-content":"","ast-featured-img":"","footer-sml-layout":"","theme-transparent-header-meta":"","adv-header-id-meta":"","stick-header-meta":"","header-above-stick-meta":"","header-main-stick-meta":"","header-below-stick-meta":"","astra-migrate-meta-layouts":"default","ast-page-background-enabled":"default","ast-page-background-meta":{"desktop":{"background-color":"var(--ast-global-color-4)","background-image":"","background-repeat":"repeat","background-position":"center center","background-size":"auto","background-attachment":"scroll","background-type":"","background-media":"","overlay-type":"","overlay-color":"","overlay-opacity":"","overlay-gradient":""},"tablet":{"background-color":"","background-image":"","background-repeat":"repeat","background-position":"center center","background-size":"auto","background-attachment":"scroll","background-type":"","background-media":"","overlay-type":"","overlay-color":"","overlay-opacity":"","overlay-gradient":""},"mobile":{"background-color":"","background-image":"","background-repeat":"repeat","background-position":"center center","background-size":"auto","background-attachment":"scroll","background-type":"","background-media":"","overlay-type":"","overlay-color":"","overlay-opacity":"","overlay-gradient":""}},"ast-content-background-meta":{"desktop":{"background-color":"var(--ast-global-color-5)","background-image":"","background-repeat":"repeat","background-position":"center center","background-size":"auto","background-attachment":"scroll","background-type":"","background-media":"","overlay-type":"","overlay-color":"","overlay-opacity":"","overlay-gradient":""},"tablet":{"background-color":"var(--ast-global-color-5)","background-image":"","background-repeat":"repeat","background-position":"center center","background-size":"auto","background-attachment":"scroll","background-type":"","background-media":"","overlay-type":"","overlay-color":"","overlay-opacity":"","overlay-gradient":""},"mobile":{"background-color":"var(--ast-global-color-5)","background-image":"","background-repeat":"repeat","background-position":"center center","background-size":"auto","background-attachment":"scroll","background-type":"","background-media":"","overlay-type":"","overlay-color":"","overlay-opacity":"","overlay-gradient":""}},"footnotes":""},"categories":[8],"tags":[3828,3775],"class_list":["post-13200","post","type-post","status-publish","format-standard","has-post-thumbnail","hentry","category-noticias","tag-migrantes","tag-texas"],"_links":{"self":[{"href":"https:\/\/losperiodistas.com.mx\/portal\/wp-json\/wp\/v2\/posts\/13200","targetHints":{"allow":["GET"]}}],"collection":[{"href":"https:\/\/losperiodistas.com.mx\/portal\/wp-json\/wp\/v2\/posts"}],"about":[{"href":"https:\/\/losperiodistas.com.mx\/portal\/wp-json\/wp\/v2\/types\/post"}],"author":[{"embeddable":true,"href":"https:\/\/losperiodistas.com.mx\/portal\/wp-json\/wp\/v2\/users\/1"}],"replies":[{"embeddable":true,"href":"https:\/\/losperiodistas.com.mx\/portal\/wp-json\/wp\/v2\/comments?post=13200"}],"version-history":[{"count":1,"href":"https:\/\/losperiodistas.com.mx\/portal\/wp-json\/wp\/v2\/posts\/13200\/revisions"}],"predecessor-version":[{"id":13202,"href":"https:\/\/losperiodistas.com.mx\/portal\/wp-json\/wp\/v2\/posts\/13200\/revisions\/13202"}],"wp:featuredmedia":[{"embeddable":true,"href":"https:\/\/losperiodistas.com.mx\/portal\/wp-json\/wp\/v2\/media\/13201"}],"wp:attachment":[{"href":"https:\/\/losperiodistas.com.mx\/portal\/wp-json\/wp\/v2\/media?parent=13200"}],"wp:term":[{"taxonomy":"category","embeddable":true,"href":"https:\/\/losperiodistas.com.mx\/portal\/wp-json\/wp\/v2\/categories?post=13200"},{"taxonomy":"post_tag","embeddable":true,"href":"https:\/\/losperiodistas.com.mx\/portal\/wp-json\/wp\/v2\/tags?post=13200"}],"curies":[{"name":"wp","href":"https:\/\/api.w.org\/{rel}","templated":true}]}}