{"id":13197,"date":"2021-09-17T09:13:49","date_gmt":"2021-09-17T14:13:49","guid":{"rendered":"http:\/\/losperiodistas.com.mx\/portal\/?p=13197"},"modified":"2021-09-17T09:14:22","modified_gmt":"2021-09-17T14:14:22","slug":"ningun-ex-presidente-sera-perseguido-por-cuestiones-politicas-lopez-obrador-la-jornada","status":"publish","type":"post","link":"https:\/\/losperiodistas.com.mx\/portal\/ningun-ex-presidente-sera-perseguido-por-cuestiones-politicas-lopez-obrador-la-jornada\/","title":{"rendered":"Ning\u00fan ex presidente ser\u00e1 perseguido por cuestiones pol\u00edticas: L\u00f3pez Obrador | La Jornada"},"content":{"rendered":"\n<figure class=\"wp-block-image size-large\"><img fetchpriority=\"high\" decoding=\"async\" width=\"1024\" height=\"776\" src=\"https:\/\/losperiodistas.com.mx\/portal\/wp-content\/uploads\/2021\/09\/Captura-de-Pantalla-2021-09-17-a-las-9.05.03-1024x776.jpg\" alt=\"\" class=\"wp-image-13198\" srcset=\"https:\/\/losperiodistas.com.mx\/portal\/wp-content\/uploads\/2021\/09\/Captura-de-Pantalla-2021-09-17-a-las-9.05.03-1024x776.jpg 1024w, https:\/\/losperiodistas.com.mx\/portal\/wp-content\/uploads\/2021\/09\/Captura-de-Pantalla-2021-09-17-a-las-9.05.03-300x227.jpg 300w, https:\/\/losperiodistas.com.mx\/portal\/wp-content\/uploads\/2021\/09\/Captura-de-Pantalla-2021-09-17-a-las-9.05.03-768x582.jpg 768w, https:\/\/losperiodistas.com.mx\/portal\/wp-content\/uploads\/2021\/09\/Captura-de-Pantalla-2021-09-17-a-las-9.05.03.jpg 1448w\" sizes=\"(max-width: 1024px) 100vw, 1024px\" \/><figcaption>El presidente Andr\u00e9s Manuel L\u00f3pez Obrador durante la conferencia de prensa matutina en Palacio Nacional.\u00a0Foto\u00a0<strong>Guillermo Sologuren<\/strong><\/figcaption><\/figure>\n\n\n\n<p><\/p>\n\n\n\n<p class=\"has-vivid-cyan-blue-color has-text-color has-medium-font-size\">LAURA POY \/ FABIOLA MARTINEZ \/ LA JORNADA<\/p>\n\n\n\n<p>\u201cNing\u00fan ex presidente de M\u00e9xico va a ser perseguido por cuestiones pol\u00edticas. No necesitamos eso\u201d para ganar legitimidad, asever\u00f3 el presidente Andr\u00e9s Manuel L\u00f3pez Obrador, quien se\u00f1al\u00f3 que en anteriores gobiernos para ganar legitimidad se recurr\u00eda a actos espectaculares.<\/p>\n\n\n\n<p>\u201cVamos a detener&nbsp;<em>al Chapo<\/em>, al mismo tiempo que ten\u00edan acuerdos, como est\u00e1 demostrado, para tambi\u00e9n (tener) aplausos, no, eso es demagogia, politiquer\u00eda. Nosotros vamos a pensar hacia adelante en la transformaci\u00f3n de M\u00e9xico\u201d, afirm\u00f3.<\/p>\n\n\n\n<p>En conferencia matutina en Palacio Nacional tambi\u00e9n critic\u00f3 la postura de Claudio X. Gonz\u00e1lez Guajardo, y de su organizaci\u00f3n Mexicanos contra la Corrupci\u00f3n, de rechazar participar en la revocaci\u00f3n de mandato.<\/p>\n\n\n\n<p>\u201cAhora dice no, porque se va a polarizar M\u00e9xico si participamos en la revocaci\u00f3n del mandato, entonces c\u00f3mo es que no est\u00e1n de acuerdo conmigo, c\u00f3mo es que me quieren quitar, cu\u00e1l es el medio que van a utilizar, van a seguir con la guerra sucia, por qu\u00e9 no participan en la revocaci\u00f3n del mandato\u201d.<\/p>\n\n\n\n<p>Es, dijo, preguntar \u201cquieres que siga el Presidente o que se vaya, y hay que tenerle confianza al pueblo, si esta muy mal el pa\u00eds, y muy mal el gobierno, pues la gente va a decir ya, a Palenque\u201d.<\/p>\n\n\n\n<p>Tambi\u00e9n record\u00f3 que durante la contienda electoral de 2006, Claudio X. Gonz\u00e1lez Laporte, quien fue asesor econ\u00f3mico del ex presidente Carlos Salinas de Gortari, \u201cfue quien encabez\u00f3 a todo el sector empresarial en el 2006, para llevar a cabo el fraude electoral, cuando nos robaron la presidencia\u201d<\/p>\n\n\n\n<p>Agreg\u00f3 que durante la campa\u00f1a electoral de aquel a\u00f1o, \u201clleg\u00f3 a decir que o me venc\u00eda o pod\u00eda suceder algo parecido a lo de Chile, con (Salvador) Allende, en 1973. Por eso hasta puedo decir que es mejor el hijo, los respeto a los dos, pero imag\u00ednense ese pensamiento tan retrograda\u201d.<\/p>\n\n\n\n<p>Ahora, destac\u00f3 el mandatario federal, su hijo, Claudio X. Gonz\u00e1lez Guajardo, \u201cdeclara que no va a participar su organizaci\u00f3n en la revocaci\u00f3n de mandato. Recuerdo aquello de qu\u00e9 tan dem\u00f3cratas son. C\u00f3mo quieren dirimir las diferencias, si el mejor m\u00e9todo es el m\u00e9todo democr\u00e1tico, cuando hay dos proyectos distintos, contrapuestos, quien decide es el pueblo, no hay que tenerle miedo al pueblo, que sea soberano, no los grupos de intereses creados, no el extremismo\u201d.<\/p>\n\n\n\n<p>L\u00f3pez Obrador se\u00f1al\u00f3: \u201c\u00bfse acuerdan de la tacita? o le quitamos la C\u00e1mara o nos va a quitar el pa\u00eds. Yo qu\u00e9 les puedo quitar, al contrario, hay gobiernos que dan y hay gobiernos que quitan. El gobierno que represent\u00f3 es uno que da al pueblo, que no le quita nada a nadie\u201d, sentenci\u00f3.<\/p>\n\n\n\n<p>Fuente: https:\/\/www.jornada.com.mx\/notas\/2021\/09\/17\/politica\/ningun-ex-presidente-sera-perseguido-por-cuestiones-politicas-lopez-obrador\/<\/p>\n","protected":false},"excerpt":{"rendered":"<p>LAURA POY \/ FABIOLA MARTINEZ \/ LA JORNADA \u201cNing\u00fan ex presidente de M\u00e9xico va a ser perseguido por cuestiones pol\u00edticas. [&hellip;]<\/p>\n","protected":false},"author":1,"featured_media":13198,"comment_status":"open","ping_status":"open","sticky":false,"template":"","format":"standard","meta":{"site-sidebar-layout":"default","site-content-layout":"","ast-site-content-layout":"default","site-content-style":"default","site-sidebar-style":"default","ast-global-header-display":"","ast-banner-title-visibility":"","ast-main-header-display":"","ast-hfb-above-header-display":"","ast-hfb-below-header-display":"","ast-hfb-mobile-header-display":"","site-post-title":"","ast-breadcrumbs-content":"","ast-featured-img":"","footer-sml-layout":"","theme-transparent-header-meta":"","adv-header-id-meta":"","stick-header-meta":"","header-above-stick-meta":"","header-main-stick-meta":"","header-below-stick-meta":"","astra-migrate-meta-layouts":"default","ast-page-background-enabled":"default","ast-page-background-meta":{"desktop":{"background-color":"var(--ast-global-color-4)","background-image":"","background-repeat":"repeat","background-position":"center center","background-size":"auto","background-attachment":"scroll","background-type":"","background-media":"","overlay-type":"","overlay-color":"","overlay-opacity":"","overlay-gradient":""},"tablet":{"background-color":"","background-image":"","background-repeat":"repeat","background-position":"center center","background-size":"auto","background-attachment":"scroll","background-type":"","background-media":"","overlay-type":"","overlay-color":"","overlay-opacity":"","overlay-gradient":""},"mobile":{"background-color":"","background-image":"","background-repeat":"repeat","background-position":"center center","background-size":"auto","background-attachment":"scroll","background-type":"","background-media":"","overlay-type":"","overlay-color":"","overlay-opacity":"","overlay-gradient":""}},"ast-content-background-meta":{"desktop":{"background-color":"var(--ast-global-color-5)","background-image":"","background-repeat":"repeat","background-position":"center center","background-size":"auto","background-attachment":"scroll","background-type":"","background-media":"","overlay-type":"","overlay-color":"","overlay-opacity":"","overlay-gradient":""},"tablet":{"background-color":"var(--ast-global-color-5)","background-image":"","background-repeat":"repeat","background-position":"center center","background-size":"auto","background-attachment":"scroll","background-type":"","background-media":"","overlay-type":"","overlay-color":"","overlay-opacity":"","overlay-gradient":""},"mobile":{"background-color":"var(--ast-global-color-5)","background-image":"","background-repeat":"repeat","background-position":"center center","background-size":"auto","background-attachment":"scroll","background-type":"","background-media":"","overlay-type":"","overlay-color":"","overlay-opacity":"","overlay-gradient":""}},"footnotes":""},"categories":[8,1],"tags":[199,1361,152,4070],"class_list":["post-13197","post","type-post","status-publish","format-standard","has-post-thumbnail","hentry","category-noticias","category-sin-categoria","tag-amlo","tag-claudio-x-gonzalez","tag-el-chapo","tag-expresidentes"],"_links":{"self":[{"href":"https:\/\/losperiodistas.com.mx\/portal\/wp-json\/wp\/v2\/posts\/13197","targetHints":{"allow":["GET"]}}],"collection":[{"href":"https:\/\/losperiodistas.com.mx\/portal\/wp-json\/wp\/v2\/posts"}],"about":[{"href":"https:\/\/losperiodistas.com.mx\/portal\/wp-json\/wp\/v2\/types\/post"}],"author":[{"embeddable":true,"href":"https:\/\/losperiodistas.com.mx\/portal\/wp-json\/wp\/v2\/users\/1"}],"replies":[{"embeddable":true,"href":"https:\/\/losperiodistas.com.mx\/portal\/wp-json\/wp\/v2\/comments?post=13197"}],"version-history":[{"count":1,"href":"https:\/\/losperiodistas.com.mx\/portal\/wp-json\/wp\/v2\/posts\/13197\/revisions"}],"predecessor-version":[{"id":13199,"href":"https:\/\/losperiodistas.com.mx\/portal\/wp-json\/wp\/v2\/posts\/13197\/revisions\/13199"}],"wp:featuredmedia":[{"embeddable":true,"href":"https:\/\/losperiodistas.com.mx\/portal\/wp-json\/wp\/v2\/media\/13198"}],"wp:attachment":[{"href":"https:\/\/losperiodistas.com.mx\/portal\/wp-json\/wp\/v2\/media?parent=13197"}],"wp:term":[{"taxonomy":"category","embeddable":true,"href":"https:\/\/losperiodistas.com.mx\/portal\/wp-json\/wp\/v2\/categories?post=13197"},{"taxonomy":"post_tag","embeddable":true,"href":"https:\/\/losperiodistas.com.mx\/portal\/wp-json\/wp\/v2\/tags?post=13197"}],"curies":[{"name":"wp","href":"https:\/\/api.w.org\/{rel}","templated":true}]}}