{"id":13194,"date":"2021-09-17T09:03:06","date_gmt":"2021-09-17T14:03:06","guid":{"rendered":"http:\/\/losperiodistas.com.mx\/portal\/?p=13194"},"modified":"2021-09-17T09:03:07","modified_gmt":"2021-09-17T14:03:07","slug":"violencia-en-michoacan-deja-al-menos-diez-muertos-en-dos-dias-proceso","status":"publish","type":"post","link":"https:\/\/losperiodistas.com.mx\/portal\/violencia-en-michoacan-deja-al-menos-diez-muertos-en-dos-dias-proceso\/","title":{"rendered":"Violencia en Michoac\u00e1n deja al menos diez muertos en dos d\u00edas | Proceso"},"content":{"rendered":"\n<p><em>Un agente y cuatro presuntos criminales murieron durante un enfrentamiento en Morelia este jueves; un d\u00eda antes, la violencia en Tepalcatepec cobr\u00f3 la vida de cinco civiles.<\/em><\/p>\n\n\n\n<p><\/p>\n\n\n\n<figure class=\"wp-block-image size-large\"><img fetchpriority=\"high\" decoding=\"async\" width=\"1024\" height=\"579\" src=\"https:\/\/losperiodistas.com.mx\/portal\/wp-content\/uploads\/2021\/09\/Captura-de-Pantalla-2021-09-17-a-las-8.59.41-1024x579.jpg\" alt=\"\" class=\"wp-image-13195\" srcset=\"https:\/\/losperiodistas.com.mx\/portal\/wp-content\/uploads\/2021\/09\/Captura-de-Pantalla-2021-09-17-a-las-8.59.41-1024x579.jpg 1024w, https:\/\/losperiodistas.com.mx\/portal\/wp-content\/uploads\/2021\/09\/Captura-de-Pantalla-2021-09-17-a-las-8.59.41-300x170.jpg 300w, https:\/\/losperiodistas.com.mx\/portal\/wp-content\/uploads\/2021\/09\/Captura-de-Pantalla-2021-09-17-a-las-8.59.41-768x434.jpg 768w, https:\/\/losperiodistas.com.mx\/portal\/wp-content\/uploads\/2021\/09\/Captura-de-Pantalla-2021-09-17-a-las-8.59.41.jpg 1476w\" sizes=\"(max-width: 1024px) 100vw, 1024px\" \/><\/figure>\n\n\n\n<p><\/p>\n\n\n\n<p class=\"has-vivid-cyan-blue-color has-text-color has-medium-font-size\">PROCESO<\/p>\n\n\n\n<p>CIUDAD DE M\u00c9XICO (apro).-En tan solo dos d\u00edas murieron 10 personas en enfrentamientos en Michoac\u00e1n. La mitad de ellos ocurri\u00f3 el mi\u00e9rcoles 15 en Tepalcatepec y los otros en la capital Morelia.<\/p>\n\n\n\n<p>Este jueves la Fiscal\u00eda General del estado inform\u00f3 que un agente y cuatro presuntos criminales murieron durante un enfrentamiento en la ciudad de Morelia.<\/p>\n\n\n\n<p>A trav\u00e9s de sus redes sociales, la Fiscal\u00eda inform\u00f3 que el enfrentamiento ocurri\u00f3 en la colonia Gertrudis Bocanegra en la capital del estado, donde hombres armados agredieron con armas de fuego a los agentes.<\/p>\n\n\n\n<p>De acuerdo con La Voz de Michoac\u00e1n, la balacera ocurri\u00f3 alrededor de las 4:00 horas, y, seg\u00fan vecinos, los cuerpos de los fallecidos quedaron tirados en la calle.<\/p>\n\n\n\n<p>La Fiscal\u00eda inform\u00f3 que durante el operativo detuvieron cinco personas y se aseguraron diversas armas de fuego, seg\u00fan datos preliminares.<\/p>\n\n\n\n<p>M\u00e1s tarde, el fiscal general del estado, Adri\u00e1n L\u00f3pez Sol\u00eds, expres\u00f3 sus condolencias a familiares y amigos del polic\u00eda de investigaci\u00f3n Jes\u00fas Irepan Rojas Villanueva, \u201cpor su sensible fallecimiento, acaecido en cumplimiento de su deber\u201d.<\/p>\n\n\n\n<p>Por otro lado, en la regi\u00f3n de Tierra Caliente continuaron los enfrentamientos entre miembros del C\u00e1rtel de Jalisco Nueva Generaci\u00f3n (CJNG) con polic\u00edas y pobladores de Tepalcatepec.<\/p>\n\n\n\n<p>Videos captados por Imagen Noticias mostraron veh\u00edculos en llamas, cuerpos tendidos, y armas largas en los enfrentamientos ocurridos en el municipio de Tepalcatepec donde en 2013 surgieron los autodefensas.<\/p>\n\n\n\n<p>Medios locales difundieron informaci\u00f3n de que el saldo fue de cinco muertos civiles heridos y seis autodefensas desaparecidos.<\/p>\n\n\n\n<p>Tepalcatepec ha sufrido durante casi dos meses el acecho y ataques del CJNG, que disputa el terreno a los C\u00e1rteles Unidos, presuntamente encabezado por Juan Jos\u00e9 Far\u00edaas \u201cEl Abuelo\u201d-.<\/p>\n\n\n\n<p>Seg\u00fan publicaciones locales, Pablo M\u00e9ndez Cisneros, director de la polic\u00eda municipal de Tepalcatepec, dijo que \u201clos criminales del CJNG avanzan hacia la cabecera municipal atacando las comunidades de Plaza Vieja, El Bejuco, La Romera y Carapuato y no por el lado de Pinolapa\u201d.<\/p>\n\n\n\n<p>Fuente: https:\/\/www.proceso.com.mx\/nacional\/estados\/2021\/9\/16\/violencia-en-michoacan-deja-al-menos-diez-muertos-en-dos-dias-272131.html<\/p>\n","protected":false},"excerpt":{"rendered":"<p>Un agente y cuatro presuntos criminales murieron durante un enfrentamiento en Morelia este jueves; un d\u00eda antes, la violencia en [&hellip;]<\/p>\n","protected":false},"author":1,"featured_media":13195,"comment_status":"open","ping_status":"open","sticky":false,"template":"","format":"standard","meta":{"site-sidebar-layout":"default","site-content-layout":"","ast-site-content-layout":"default","site-content-style":"default","site-sidebar-style":"default","ast-global-header-display":"","ast-banner-title-visibility":"","ast-main-header-display":"","ast-hfb-above-header-display":"","ast-hfb-below-header-display":"","ast-hfb-mobile-header-display":"","site-post-title":"","ast-breadcrumbs-content":"","ast-featured-img":"","footer-sml-layout":"","theme-transparent-header-meta":"","adv-header-id-meta":"","stick-header-meta":"","header-above-stick-meta":"","header-main-stick-meta":"","header-below-stick-meta":"","astra-migrate-meta-layouts":"default","ast-page-background-enabled":"default","ast-page-background-meta":{"desktop":{"background-color":"var(--ast-global-color-4)","background-image":"","background-repeat":"repeat","background-position":"center center","background-size":"auto","background-attachment":"scroll","background-type":"","background-media":"","overlay-type":"","overlay-color":"","overlay-opacity":"","overlay-gradient":""},"tablet":{"background-color":"","background-image":"","background-repeat":"repeat","background-position":"center center","background-size":"auto","background-attachment":"scroll","background-type":"","background-media":"","overlay-type":"","overlay-color":"","overlay-opacity":"","overlay-gradient":""},"mobile":{"background-color":"","background-image":"","background-repeat":"repeat","background-position":"center center","background-size":"auto","background-attachment":"scroll","background-type":"","background-media":"","overlay-type":"","overlay-color":"","overlay-opacity":"","overlay-gradient":""}},"ast-content-background-meta":{"desktop":{"background-color":"var(--ast-global-color-5)","background-image":"","background-repeat":"repeat","background-position":"center center","background-size":"auto","background-attachment":"scroll","background-type":"","background-media":"","overlay-type":"","overlay-color":"","overlay-opacity":"","overlay-gradient":""},"tablet":{"background-color":"var(--ast-global-color-5)","background-image":"","background-repeat":"repeat","background-position":"center center","background-size":"auto","background-attachment":"scroll","background-type":"","background-media":"","overlay-type":"","overlay-color":"","overlay-opacity":"","overlay-gradient":""},"mobile":{"background-color":"var(--ast-global-color-5)","background-image":"","background-repeat":"repeat","background-position":"center center","background-size":"auto","background-attachment":"scroll","background-type":"","background-media":"","overlay-type":"","overlay-color":"","overlay-opacity":"","overlay-gradient":""}},"footnotes":""},"categories":[8],"tags":[372,4068,4067,4069],"class_list":["post-13194","post","type-post","status-publish","format-standard","has-post-thumbnail","hentry","category-noticias","tag-cjng","tag-michoacan-guerra","tag-tepalcatepec","tag-tierra-caliente"],"_links":{"self":[{"href":"https:\/\/losperiodistas.com.mx\/portal\/wp-json\/wp\/v2\/posts\/13194","targetHints":{"allow":["GET"]}}],"collection":[{"href":"https:\/\/losperiodistas.com.mx\/portal\/wp-json\/wp\/v2\/posts"}],"about":[{"href":"https:\/\/losperiodistas.com.mx\/portal\/wp-json\/wp\/v2\/types\/post"}],"author":[{"embeddable":true,"href":"https:\/\/losperiodistas.com.mx\/portal\/wp-json\/wp\/v2\/users\/1"}],"replies":[{"embeddable":true,"href":"https:\/\/losperiodistas.com.mx\/portal\/wp-json\/wp\/v2\/comments?post=13194"}],"version-history":[{"count":1,"href":"https:\/\/losperiodistas.com.mx\/portal\/wp-json\/wp\/v2\/posts\/13194\/revisions"}],"predecessor-version":[{"id":13196,"href":"https:\/\/losperiodistas.com.mx\/portal\/wp-json\/wp\/v2\/posts\/13194\/revisions\/13196"}],"wp:featuredmedia":[{"embeddable":true,"href":"https:\/\/losperiodistas.com.mx\/portal\/wp-json\/wp\/v2\/media\/13195"}],"wp:attachment":[{"href":"https:\/\/losperiodistas.com.mx\/portal\/wp-json\/wp\/v2\/media?parent=13194"}],"wp:term":[{"taxonomy":"category","embeddable":true,"href":"https:\/\/losperiodistas.com.mx\/portal\/wp-json\/wp\/v2\/categories?post=13194"},{"taxonomy":"post_tag","embeddable":true,"href":"https:\/\/losperiodistas.com.mx\/portal\/wp-json\/wp\/v2\/tags?post=13194"}],"curies":[{"name":"wp","href":"https:\/\/api.w.org\/{rel}","templated":true}]}}