{"id":13191,"date":"2021-09-17T08:56:11","date_gmt":"2021-09-17T13:56:11","guid":{"rendered":"http:\/\/losperiodistas.com.mx\/portal\/?p=13191"},"modified":"2021-09-17T08:56:15","modified_gmt":"2021-09-17T13:56:15","slug":"la-furia-del-popocatepetl-amanece-con-fumarolas-de-3-kilometros-de-altura-el-financiero","status":"publish","type":"post","link":"https:\/\/losperiodistas.com.mx\/portal\/la-furia-del-popocatepetl-amanece-con-fumarolas-de-3-kilometros-de-altura-el-financiero\/","title":{"rendered":"La \u2018furia\u2019 del Popocat\u00e9petl: amanece con fumarolas de 3 kil\u00f3metros de altura | El Financiero"},"content":{"rendered":"\n<p style=\"font-size:18px\"><em>El sem\u00e1foro volc\u00e1nico se mantiene el color amarillo con emisiones espor\u00e1dicas que advierten a la poblaci\u00f3n sobre una posible evacuaci\u00f3n.<\/em><\/p>\n\n\n\n<p><\/p>\n\n\n\n<figure class=\"wp-block-image size-large\"><img fetchpriority=\"high\" decoding=\"async\" width=\"1024\" height=\"768\" src=\"https:\/\/losperiodistas.com.mx\/portal\/wp-content\/uploads\/2021\/09\/Captura-de-Pantalla-2021-09-17-a-las-8.52.39-1024x768.jpg\" alt=\"\" class=\"wp-image-13192\" srcset=\"https:\/\/losperiodistas.com.mx\/portal\/wp-content\/uploads\/2021\/09\/Captura-de-Pantalla-2021-09-17-a-las-8.52.39-1024x768.jpg 1024w, https:\/\/losperiodistas.com.mx\/portal\/wp-content\/uploads\/2021\/09\/Captura-de-Pantalla-2021-09-17-a-las-8.52.39-300x225.jpg 300w, https:\/\/losperiodistas.com.mx\/portal\/wp-content\/uploads\/2021\/09\/Captura-de-Pantalla-2021-09-17-a-las-8.52.39-768x576.jpg 768w, https:\/\/losperiodistas.com.mx\/portal\/wp-content\/uploads\/2021\/09\/Captura-de-Pantalla-2021-09-17-a-las-8.52.39-1536x1152.jpg 1536w, https:\/\/losperiodistas.com.mx\/portal\/wp-content\/uploads\/2021\/09\/Captura-de-Pantalla-2021-09-17-a-las-8.52.39.jpg 1834w\" sizes=\"(max-width: 1024px) 100vw, 1024px\" \/><figcaption>Volc\u00e1n Popocat\u00e9petl la madrugada del 17 de septiembre del 2021.\u00a0(Twitter: @CNPC_MX)<\/figcaption><\/figure>\n\n\n\n<p><\/p>\n\n\n\n<p class=\"has-vivid-cyan-blue-color has-text-color has-medium-font-size\">EL FINANCIERO<\/p>\n\n\n\n<p>Al menos<strong>&nbsp;tres explosiones con columnas de humo de hasta tres mil metros&nbsp;<\/strong>de altura registr\u00f3 el volc\u00e1n&nbsp;<strong>Popocat\u00e9petl&nbsp;<\/strong>durante la madrugada de este viernes.<\/p>\n\n\n\n<p>La Coordinaci\u00f3n Nacional de Protecci\u00f3n Civil (CNPC) inform\u00f3 a trav\u00e9s de Twitter que los sucesos tuvieron lugar minutos despu\u00e9s pasada la media noche. A las 12:42 horas se report\u00f3 la primera emisi\u00f3n, con fumarolas de 2 mil 500 metros de altura, misma que se dispers\u00f3 hacia el oeste y que coloc\u00f3 al&nbsp;<strong>sem\u00e1foro de alerta en color amarillo fase dos<\/strong>, es decir, que hay sismicidad volc\u00e1nica local frecuente<br>con emisiones espor\u00e1dicas y que advierte a la poblaci\u00f3n permanecer atenta y prepararse ante una posible evacuaci\u00f3n.<\/p>\n\n\n\n<p>A las 3:33 horas se registr\u00f3\u00a0<strong>una segunda explosi\u00f3n<\/strong>\u00a0que gener\u00f3 una columna de vapor y gases, con bajo contenido de ceniza, de 3 mil metros de altura. En esta fue posible observar fragmentos incandescentes sobre las laderas del volc\u00e1n.<a href=\"https:\/\/www.elfinanciero.com.mx\/nacional\/2021\/09\/16\/don-goyo-da-el-grito-popocateptl-registra-fuertes-explosiones\/\"><\/a><\/p>\n\n\n\n<p><a href=\"https:\/\/www.elfinanciero.com.mx\/nacional\/2021\/09\/16\/don-goyo-da-el-grito-popocateptl-registra-fuertes-explosiones\/\">\u2018Don Goyo\u2019 da el Grito: Popocat\u00e9ptl registra fuertes explosiones<\/a><\/p>\n\n\n\n<hr class=\"wp-block-separator\"\/>\n\n\n\n<p>Posteriormente, a las 5:49 horas se detect\u00f3 una tercera erupci\u00f3n, nuevamente con columnas de humo de tres mil metros de altura.<\/p>\n\n\n\n<figure class=\"wp-block-embed is-type-rich is-provider-twitter wp-block-embed-twitter\"><div class=\"wp-block-embed__wrapper\">\n<blockquote class=\"twitter-tweet\" data-width=\"500\" data-dnt=\"true\"><p lang=\"es\" dir=\"ltr\">\ud83c\udf0bMonitoreo <a href=\"https:\/\/twitter.com\/hashtag\/Popocat%C3%A9petl?src=hash&amp;ref_src=twsrc%5Etfw\">#Popocat\u00e9petl<\/a> | A las 05:49 h, se detect\u00f3 una <a href=\"https:\/\/twitter.com\/hashtag\/explosi%C3%B3n?src=hash&amp;ref_src=twsrc%5Etfw\">#explosi\u00f3n<\/a> que gener\u00f3 una columna de vapor, gases y  bajo contenido de ceniza con 3,000 m de altura.<br> <br>\u2666\ufe0f Se observaron fragmentos incandescentes sobre las laderas del <a href=\"https:\/\/twitter.com\/hashtag\/volc%C3%A1n?src=hash&amp;ref_src=twsrc%5Etfw\">#volc\u00e1n<\/a>. <br><br>1\/2 <a href=\"https:\/\/t.co\/ajLJfYJtej\">pic.twitter.com\/ajLJfYJtej<\/a><\/p>&mdash; Coordinaci\u00f3n Nacional de Protecci\u00f3n Civil (@CNPC_MX) <a href=\"https:\/\/twitter.com\/CNPC_MX\/status\/1438822293451517952?ref_src=twsrc%5Etfw\">September 17, 2021<\/a><\/blockquote><script async src=\"https:\/\/platform.twitter.com\/widgets.js\" charset=\"utf-8\"><\/script>\n<\/div><\/figure>\n\n\n\n<p>Fuente: https:\/\/www.elfinanciero.com.mx\/nacional\/2021\/09\/17\/la-furia-del-popocatepetl-amanece-con-fumarolas-de-3-kilometros-de-altura\/<\/p>\n","protected":false},"excerpt":{"rendered":"<p>El sem\u00e1foro volc\u00e1nico se mantiene el color amarillo con emisiones espor\u00e1dicas que advierten a la poblaci\u00f3n sobre una posible evacuaci\u00f3n. [&hellip;]<\/p>\n","protected":false},"author":1,"featured_media":13192,"comment_status":"open","ping_status":"open","sticky":false,"template":"","format":"standard","meta":{"site-sidebar-layout":"default","site-content-layout":"","ast-site-content-layout":"default","site-content-style":"default","site-sidebar-style":"default","ast-global-header-display":"","ast-banner-title-visibility":"","ast-main-header-display":"","ast-hfb-above-header-display":"","ast-hfb-below-header-display":"","ast-hfb-mobile-header-display":"","site-post-title":"","ast-breadcrumbs-content":"","ast-featured-img":"","footer-sml-layout":"","theme-transparent-header-meta":"","adv-header-id-meta":"","stick-header-meta":"","header-above-stick-meta":"","header-main-stick-meta":"","header-below-stick-meta":"","astra-migrate-meta-layouts":"default","ast-page-background-enabled":"default","ast-page-background-meta":{"desktop":{"background-color":"var(--ast-global-color-4)","background-image":"","background-repeat":"repeat","background-position":"center center","background-size":"auto","background-attachment":"scroll","background-type":"","background-media":"","overlay-type":"","overlay-color":"","overlay-opacity":"","overlay-gradient":""},"tablet":{"background-color":"","background-image":"","background-repeat":"repeat","background-position":"center center","background-size":"auto","background-attachment":"scroll","background-type":"","background-media":"","overlay-type":"","overlay-color":"","overlay-opacity":"","overlay-gradient":""},"mobile":{"background-color":"","background-image":"","background-repeat":"repeat","background-position":"center center","background-size":"auto","background-attachment":"scroll","background-type":"","background-media":"","overlay-type":"","overlay-color":"","overlay-opacity":"","overlay-gradient":""}},"ast-content-background-meta":{"desktop":{"background-color":"var(--ast-global-color-5)","background-image":"","background-repeat":"repeat","background-position":"center center","background-size":"auto","background-attachment":"scroll","background-type":"","background-media":"","overlay-type":"","overlay-color":"","overlay-opacity":"","overlay-gradient":""},"tablet":{"background-color":"var(--ast-global-color-5)","background-image":"","background-repeat":"repeat","background-position":"center center","background-size":"auto","background-attachment":"scroll","background-type":"","background-media":"","overlay-type":"","overlay-color":"","overlay-opacity":"","overlay-gradient":""},"mobile":{"background-color":"var(--ast-global-color-5)","background-image":"","background-repeat":"repeat","background-position":"center center","background-size":"auto","background-attachment":"scroll","background-type":"","background-media":"","overlay-type":"","overlay-color":"","overlay-opacity":"","overlay-gradient":""}},"footnotes":""},"categories":[8],"tags":[4066,4065],"class_list":["post-13191","post","type-post","status-publish","format-standard","has-post-thumbnail","hentry","category-noticias","tag-fumarolas","tag-popocatepetl"],"_links":{"self":[{"href":"https:\/\/losperiodistas.com.mx\/portal\/wp-json\/wp\/v2\/posts\/13191","targetHints":{"allow":["GET"]}}],"collection":[{"href":"https:\/\/losperiodistas.com.mx\/portal\/wp-json\/wp\/v2\/posts"}],"about":[{"href":"https:\/\/losperiodistas.com.mx\/portal\/wp-json\/wp\/v2\/types\/post"}],"author":[{"embeddable":true,"href":"https:\/\/losperiodistas.com.mx\/portal\/wp-json\/wp\/v2\/users\/1"}],"replies":[{"embeddable":true,"href":"https:\/\/losperiodistas.com.mx\/portal\/wp-json\/wp\/v2\/comments?post=13191"}],"version-history":[{"count":1,"href":"https:\/\/losperiodistas.com.mx\/portal\/wp-json\/wp\/v2\/posts\/13191\/revisions"}],"predecessor-version":[{"id":13193,"href":"https:\/\/losperiodistas.com.mx\/portal\/wp-json\/wp\/v2\/posts\/13191\/revisions\/13193"}],"wp:featuredmedia":[{"embeddable":true,"href":"https:\/\/losperiodistas.com.mx\/portal\/wp-json\/wp\/v2\/media\/13192"}],"wp:attachment":[{"href":"https:\/\/losperiodistas.com.mx\/portal\/wp-json\/wp\/v2\/media?parent=13191"}],"wp:term":[{"taxonomy":"category","embeddable":true,"href":"https:\/\/losperiodistas.com.mx\/portal\/wp-json\/wp\/v2\/categories?post=13191"},{"taxonomy":"post_tag","embeddable":true,"href":"https:\/\/losperiodistas.com.mx\/portal\/wp-json\/wp\/v2\/tags?post=13191"}],"curies":[{"name":"wp","href":"https:\/\/api.w.org\/{rel}","templated":true}]}}