{"id":13188,"date":"2021-09-17T08:51:51","date_gmt":"2021-09-17T13:51:51","guid":{"rendered":"http:\/\/losperiodistas.com.mx\/portal\/?p=13188"},"modified":"2021-09-17T08:51:53","modified_gmt":"2021-09-17T13:51:53","slug":"cuba-gobierno-presenta-anteproyecto-de-codigo-de-familias-que-abre-puertas-al-matrimonio-gay-aci","status":"publish","type":"post","link":"https:\/\/losperiodistas.com.mx\/portal\/cuba-gobierno-presenta-anteproyecto-de-codigo-de-familias-que-abre-puertas-al-matrimonio-gay-aci\/","title":{"rendered":"Cuba: Gobierno presenta anteproyecto de C\u00f3digo de Familias que abre puertas al matrimonio gay | ACI"},"content":{"rendered":"\n<figure class=\"wp-block-image size-large\"><img fetchpriority=\"high\" decoding=\"async\" width=\"1024\" height=\"571\" src=\"https:\/\/losperiodistas.com.mx\/portal\/wp-content\/uploads\/2021\/09\/Captura-de-Pantalla-2021-09-17-a-las-8.49.38-1024x571.jpg\" alt=\"\" class=\"wp-image-13189\" srcset=\"https:\/\/losperiodistas.com.mx\/portal\/wp-content\/uploads\/2021\/09\/Captura-de-Pantalla-2021-09-17-a-las-8.49.38-1024x571.jpg 1024w, https:\/\/losperiodistas.com.mx\/portal\/wp-content\/uploads\/2021\/09\/Captura-de-Pantalla-2021-09-17-a-las-8.49.38-300x167.jpg 300w, https:\/\/losperiodistas.com.mx\/portal\/wp-content\/uploads\/2021\/09\/Captura-de-Pantalla-2021-09-17-a-las-8.49.38-768x428.jpg 768w, https:\/\/losperiodistas.com.mx\/portal\/wp-content\/uploads\/2021\/09\/Captura-de-Pantalla-2021-09-17-a-las-8.49.38.jpg 1514w\" sizes=\"(max-width: 1024px) 100vw, 1024px\" \/><figcaption>Imagen referencial \/ Cr\u00e9dito: Pexels<\/figcaption><\/figure>\n\n\n\n<p><\/p>\n\n\n\n<p class=\"has-vivid-cyan-blue-color has-text-color has-medium-font-size\">DIEGO L\u00d3PEZ MARINA \/ ACI<\/p>\n\n\n\n<p>El Ministerio de Justicia de Cuba present\u00f3 el mi\u00e9rcoles 15 de septiembre el anteproyecto del C\u00f3digo de Familias, que abrir\u00eda la puerta al matrimonio homosexual y a la adopci\u00f3n gay, tal como advirtieron los obispos cubanos en 2019 previo a la aprobaci\u00f3n de la nueva Constituci\u00f3n.<\/p>\n\n\n\n<p>El nuevo C\u00f3digo definir\u00eda el matrimonio como la \u201cuni\u00f3n voluntaria de dos personas\u201d, sin diferenciar el sexo, como ocurre en el actual C\u00f3digo de Familia, vigente desde 1975. La normativa en vigor establece en su art\u00edculo 2 que \u201cel matrimonio es la uni\u00f3n voluntariamente concertada de un hombre y una mujer con aptitud legal para ello, a fin de hacer vida en com\u00fan\u201d.<\/p>\n\n\n\n<p>El borrador a\u00fan debe someterse a debate y luego se modificar\u00e1, seg\u00fan el gobierno, tomando en cuenta las opiniones de los ciudadanos. Posteriormente, pasar\u00eda para fines de a\u00f1o a la Asamblea Nacional del Poder Popular (parlamento), donde se convertir\u00e1 en proyecto y se fijar\u00e1 la fecha para votarse en un refer\u00e9ndum.<\/p>\n\n\n\n<p>Seg\u00fan el diario oficialista Granma, el C\u00f3digo actual \u201cya no es coherente con la diversidad familiar de la sociedad cubana\u201d.<\/p>\n\n\n\n<p>El anteproyecto del nuevo C\u00f3digo de Familias ha sido producto de un grupo de trabajo coordinado por el Ministerio de Justicia, el cual elabor\u00f3 las propuestas y m\u00e1s de 20 versiones del documento desde el 16 de julio de 2019.<\/p>\n\n\n\n<p>En febrero del 2019, d\u00edas antes del refer\u00e9ndum de la nueva Constituci\u00f3n, la Conferencia de Obispos Cat\u00f3licos de Cuba (COCC), advirti\u00f3 que esta estaba dejando abierto \u201cel camino para que, en el futuro se reconozca como matrimonio la uni\u00f3n de personas del mismo sexo con todas sus prerrogativas\u201d.<\/p>\n\n\n\n<p>La Constituci\u00f3n fue proclamada el 10 de abril de 2019. A los pocos meses el gobierno estableci\u00f3 que deb\u00eda votarse por un nuevo C\u00f3digo de las Familias a trav\u00e9s de refer\u00e9ndum.<\/p>\n\n\n\n<p>\u201cEsta versi\u00f3n [del C\u00f3digo de las Familias] consideramos&#8230; que es coherente con el texto constitucional, desarrolla y actualiza las diversas instituciones jur\u00eddico-familiares en correspondencia con el car\u00e1cter humanista de nuestro proceso social\u201d, dijo el ministro de Justicia \u00d3scar Silveira Mart\u00ednez, al presentar el documento a un grupo de periodistas,<a href=\"https:\/\/apnews.com\/article\/noticias-18ec2eabc3ebe752558966dcf038f574\">&nbsp;seg\u00fan inform\u00f3 AP<\/a>.<\/p>\n\n\n\n<p>En su mensaje del 2019, los obispos cubanos se\u00f1alaron los&nbsp;<a href=\"http:\/\/biblioteca.clacso.edu.ar\/clacso\/se\/20191016105022\/Constitucion-Cuba-2019.pdf\">art\u00edculos 81 y 82 del texto de la nueva Constituci\u00f3n<\/a>&nbsp;como los que podr\u00edan abrir el camino al matrimonio homosexual.<\/p>\n\n\n\n<p>El art\u00edculo 81, por ejemplo, se\u00f1ala que \u201ctoda persona tiene derecho a fundar una familia\u201d y que el \u201cEstado reconoce y protege a las familias,&nbsp;<strong>cualquiera sea su forma de organizaci\u00f3n<\/strong>, como c\u00e9lula fundamental de la sociedad y crea las condiciones para garantizar que se favorezca integralmente la consecuci\u00f3n de sus fines\u201d.<\/p>\n\n\n\n<p>Por su parte, el art\u00edculo 82 indica que el matrimonio se \u201cfunda en el libre consentimiento y en la igualdad de derechos, obligaciones y capacidad legal de los c\u00f3nyuges\u201d.<\/p>\n\n\n\n<p>Los obispos advirtieron que \u201cseg\u00fan la definici\u00f3n de familia que aparece en los art\u00edculos citados se introduce la posibilidad real de que, en las leyes complementarias posteriores, no se respete el sentir y la voluntad expresada mayoritariamente por nuestro pueblo, la cual ha defendido la instituci\u00f3n del matrimonio como la uni\u00f3n entre un hombre y una mujer\u201d.<\/p>\n\n\n\n<p>\u201cRecordamos lo que dijimos en el mensaje de octubre pasado: \u2018la ense\u00f1anza de la Iglesia siempre ha sido clara: El amor rec\u00edproco y complementario entre el hombre y la mujer fundamenta la vocaci\u00f3n al matrimonio y a la familia, estableciendo una unidad que no puede equipararse a ninguna otra\u2019\u201d, a\u00f1adieron.<\/p>\n\n\n\n<p>Fuente: https:\/\/www.aciprensa.com\/noticias\/cuba-gobierno-presenta-anteproyecto-de-codigo-de-familias-que-abre-puertas-al-matrimonio-gay-66888<\/p>\n","protected":false},"excerpt":{"rendered":"<p>DIEGO L\u00d3PEZ MARINA \/ ACI El Ministerio de Justicia de Cuba present\u00f3 el mi\u00e9rcoles 15 de septiembre el anteproyecto del [&hellip;]<\/p>\n","protected":false},"author":1,"featured_media":13189,"comment_status":"open","ping_status":"open","sticky":false,"template":"","format":"standard","meta":{"site-sidebar-layout":"default","site-content-layout":"","ast-site-content-layout":"default","site-content-style":"default","site-sidebar-style":"default","ast-global-header-display":"","ast-banner-title-visibility":"","ast-main-header-display":"","ast-hfb-above-header-display":"","ast-hfb-below-header-display":"","ast-hfb-mobile-header-display":"","site-post-title":"","ast-breadcrumbs-content":"","ast-featured-img":"","footer-sml-layout":"","theme-transparent-header-meta":"","adv-header-id-meta":"","stick-header-meta":"","header-above-stick-meta":"","header-main-stick-meta":"","header-below-stick-meta":"","astra-migrate-meta-layouts":"default","ast-page-background-enabled":"default","ast-page-background-meta":{"desktop":{"background-color":"var(--ast-global-color-4)","background-image":"","background-repeat":"repeat","background-position":"center center","background-size":"auto","background-attachment":"scroll","background-type":"","background-media":"","overlay-type":"","overlay-color":"","overlay-opacity":"","overlay-gradient":""},"tablet":{"background-color":"","background-image":"","background-repeat":"repeat","background-position":"center center","background-size":"auto","background-attachment":"scroll","background-type":"","background-media":"","overlay-type":"","overlay-color":"","overlay-opacity":"","overlay-gradient":""},"mobile":{"background-color":"","background-image":"","background-repeat":"repeat","background-position":"center center","background-size":"auto","background-attachment":"scroll","background-type":"","background-media":"","overlay-type":"","overlay-color":"","overlay-opacity":"","overlay-gradient":""}},"ast-content-background-meta":{"desktop":{"background-color":"var(--ast-global-color-5)","background-image":"","background-repeat":"repeat","background-position":"center center","background-size":"auto","background-attachment":"scroll","background-type":"","background-media":"","overlay-type":"","overlay-color":"","overlay-opacity":"","overlay-gradient":""},"tablet":{"background-color":"var(--ast-global-color-5)","background-image":"","background-repeat":"repeat","background-position":"center center","background-size":"auto","background-attachment":"scroll","background-type":"","background-media":"","overlay-type":"","overlay-color":"","overlay-opacity":"","overlay-gradient":""},"mobile":{"background-color":"var(--ast-global-color-5)","background-image":"","background-repeat":"repeat","background-position":"center center","background-size":"auto","background-attachment":"scroll","background-type":"","background-media":"","overlay-type":"","overlay-color":"","overlay-opacity":"","overlay-gradient":""}},"footnotes":""},"categories":[8],"tags":[4064],"class_list":["post-13188","post","type-post","status-publish","format-standard","has-post-thumbnail","hentry","category-noticias","tag-codigo-de-familias"],"_links":{"self":[{"href":"https:\/\/losperiodistas.com.mx\/portal\/wp-json\/wp\/v2\/posts\/13188","targetHints":{"allow":["GET"]}}],"collection":[{"href":"https:\/\/losperiodistas.com.mx\/portal\/wp-json\/wp\/v2\/posts"}],"about":[{"href":"https:\/\/losperiodistas.com.mx\/portal\/wp-json\/wp\/v2\/types\/post"}],"author":[{"embeddable":true,"href":"https:\/\/losperiodistas.com.mx\/portal\/wp-json\/wp\/v2\/users\/1"}],"replies":[{"embeddable":true,"href":"https:\/\/losperiodistas.com.mx\/portal\/wp-json\/wp\/v2\/comments?post=13188"}],"version-history":[{"count":1,"href":"https:\/\/losperiodistas.com.mx\/portal\/wp-json\/wp\/v2\/posts\/13188\/revisions"}],"predecessor-version":[{"id":13190,"href":"https:\/\/losperiodistas.com.mx\/portal\/wp-json\/wp\/v2\/posts\/13188\/revisions\/13190"}],"wp:featuredmedia":[{"embeddable":true,"href":"https:\/\/losperiodistas.com.mx\/portal\/wp-json\/wp\/v2\/media\/13189"}],"wp:attachment":[{"href":"https:\/\/losperiodistas.com.mx\/portal\/wp-json\/wp\/v2\/media?parent=13188"}],"wp:term":[{"taxonomy":"category","embeddable":true,"href":"https:\/\/losperiodistas.com.mx\/portal\/wp-json\/wp\/v2\/categories?post=13188"},{"taxonomy":"post_tag","embeddable":true,"href":"https:\/\/losperiodistas.com.mx\/portal\/wp-json\/wp\/v2\/tags?post=13188"}],"curies":[{"name":"wp","href":"https:\/\/api.w.org\/{rel}","templated":true}]}}