{"id":13165,"date":"2021-09-16T08:15:40","date_gmt":"2021-09-16T13:15:40","guid":{"rendered":"http:\/\/losperiodistas.com.mx\/portal\/?p=13165"},"modified":"2021-09-16T08:15:41","modified_gmt":"2021-09-16T13:15:41","slug":"papa-francisco-dar-o-no-la-comunion-un-problema-pastoral-y-no-politico-aleteia","status":"publish","type":"post","link":"https:\/\/losperiodistas.com.mx\/portal\/papa-francisco-dar-o-no-la-comunion-un-problema-pastoral-y-no-politico-aleteia\/","title":{"rendered":"Papa Francisco: Dar o no la comuni\u00f3n, un problema pastoral y no pol\u00edtico | Aleteia"},"content":{"rendered":"\n<p style=\"font-size:18px\"><em>El Pont\u00edfice reiter\u00f3 que la comuni\u00f3n no es un premio para los perfectos durante la conferencia de prensa en el avi\u00f3n de regreso, Eslovaquia-Roma.<\/em><\/p>\n\n\n\n<p><\/p>\n\n\n\n<figure class=\"wp-block-image size-large\"><img fetchpriority=\"high\" decoding=\"async\" width=\"1024\" height=\"624\" src=\"https:\/\/losperiodistas.com.mx\/portal\/wp-content\/uploads\/2021\/09\/Captura-de-Pantalla-2021-09-16-a-las-8.12.40-1024x624.jpg\" alt=\"\" class=\"wp-image-13166\" srcset=\"https:\/\/losperiodistas.com.mx\/portal\/wp-content\/uploads\/2021\/09\/Captura-de-Pantalla-2021-09-16-a-las-8.12.40-1024x624.jpg 1024w, https:\/\/losperiodistas.com.mx\/portal\/wp-content\/uploads\/2021\/09\/Captura-de-Pantalla-2021-09-16-a-las-8.12.40-300x183.jpg 300w, https:\/\/losperiodistas.com.mx\/portal\/wp-content\/uploads\/2021\/09\/Captura-de-Pantalla-2021-09-16-a-las-8.12.40-768x468.jpg 768w, https:\/\/losperiodistas.com.mx\/portal\/wp-content\/uploads\/2021\/09\/Captura-de-Pantalla-2021-09-16-a-las-8.12.40.jpg 1254w\" sizes=\"(max-width: 1024px) 100vw, 1024px\" \/><\/figure>\n\n\n\n<p class=\"has-vivid-cyan-blue-color has-text-color has-medium-font-size\">ARY WALDIR RAMOS D\u00cdAZ \/ ALETEIA<\/p>\n\n\n\n<p>El papa Francisco reiter\u00f3 que \u00abla comuni\u00f3n no es un premio para los perfectos, la comuni\u00f3n es un don, es un regalo\u00bb, y quien no puede tomar la comuni\u00f3n es quien \u00abno est\u00e1 dentro de la comunidad\u201d.<\/p>\n\n\n\n<p>Lo dijo el Papa durante su conversaci\u00f3n con los 78 periodistas que le acompa\u00f1aron en su 34 viaje apost\u00f3lico a Budapest y Eslovaquia (12-15 de septiembre) este mi\u00e9rcoles en la tarde.&nbsp;<\/p>\n\n\n\n<p>\u201cNunca he negado la Eucarist\u00eda a nadie\u201d, ha afirmado el Papa en referencia a sus 51 a\u00f1os de sacerdocio.<\/p>\n\n\n\n<figure class=\"wp-block-image\"><img decoding=\"async\" src=\"https:\/\/wp.es.aleteia.org\/wp-content\/uploads\/sites\/7\/2021\/09\/000_9MW283.jpg?w=300&amp;h=150&amp;crop=1\" alt=\"Thumbnail for read also\"\/><\/figure>\n\n\n\n<p><em>Te puede interesar:<\/em><a href=\"https:\/\/es.aleteia.org\/2021\/09\/15\/el-papa-el-aborto-es-homicidio-la-iglesia-sea-cercana-y-compasiva-no-politica\/\"> El Papa: el aborto es homicidio, la Iglesia sea cercana y compasiva, no pol\u00edtica<\/a><\/p>\n\n\n\n<p>El periodista Gerard O\u2019Connell de la revista&nbsp;<em>Am\u00e9rica<\/em>&nbsp;de los jesuitas pidi\u00f3 al Papa que aconsejara a los obispos de Estados Unidos respecto al debate que se abri\u00f3 en el coraz\u00f3n de la Conferencia Episcopal de ese pa\u00eds.<\/p>\n\n\n\n<p>Una parte conservadora del catolicismo empuja por resolver tajantemente la cuesti\u00f3n: \u00bfSe puede excomulgar a pol\u00edticos que apoyen el aborto y, por tanto, negarles la comuni\u00f3n?&nbsp;<\/p>\n\n\n\n<h2 class=\"wp-block-heading\"><strong>La eucarist\u00eda como arma&nbsp;<\/strong><\/h2>\n\n\n\n<p>O\u2019Connell explica que hubo una discusi\u00f3n entre los Obispos que quieren negar la comuni\u00f3n al Presidente, Joe Biden, y a otros funcionarios. Entretanto, otros Obispos est\u00e1n a favor, algunos m\u00e1s dicen que no hay que usar la Eucarist\u00eda como arma.&nbsp;<\/p>\n\n\n\n<p>El Pont\u00edfice respondi\u00f3 en pleno vuelo a la candente pregunta que divide la opini\u00f3n p\u00fablica en EEUU: \u201cLa comuni\u00f3n no es un premio para los perfectos \u2013 pensemos en el jansenismo \u2013, l<strong>a comuni\u00f3n es un don, un regalo, es la presencia de Jes\u00fas en la Iglesia y en la comunidad<\/strong>\u201d.<\/p>\n\n\n\n<p>Asimismo, el Papa dijo con claridad que el aborto \u00abes un asesinato\u00bb pero no est\u00e1 de acuerdo con el uso pol\u00edtico de la comuni\u00f3n. &nbsp;<\/p>\n\n\n\n<h2 class=\"wp-block-heading\"><strong>La Iglesia es dura contra el aborto<\/strong><\/h2>\n\n\n\n<p>\u201cEl del aborto: es m\u00e1s que un problema, es un homicidio, quien aborta mata, sin medias palabras. Tomen cualquier libro de embriolog\u00eda para estudiantes de medicina. La tercera semana despu\u00e9s de la concepci\u00f3n, todos los \u00f3rganos ya est\u00e1n ah\u00ed, incluso el ADN\u2026\u201d, ha expresado el Obispo de Roma.&nbsp;<\/p>\n\n\n\n<p>\u201cEsta vida humana debe ser respetada, \u00a1este principio es tan claro! A los que no pueden entenderlo, les har\u00eda esta pregunta: \u00bfes correcto matar una vida humana para resolver un problema? \u00bfEs correcto contratar a un sicario para matar una vida humana?&nbsp;<strong>Por eso la Iglesia es tan dura en este tema porque si acepta esto es como si aceptara el homicidio diario\u201d,<\/strong>&nbsp;ha explicado.&nbsp;<\/p>\n\n\n\n<p>En l\u00ednea con el pontificado de Benedicto XVI y Juan Pablo II, Francisco ha insistido en varias ocasiones que el \u2018invierno\u2019 demogr\u00e1fico es una tragedia silenciosa y constante ba\u00f1ada de sangre inocente. As\u00ed lo hizo en su encuentro privado con el primer ministro de Hungr\u00eda, Victor Orb\u00e1n.&nbsp;<\/p>\n\n\n\n<h2 class=\"wp-block-heading\"><strong>Problema pastoral, no pol\u00edtico&nbsp;<\/strong><\/h2>\n\n\n\n<p>El papa Francisco se posicion\u00f3 como pastor universal en su respuesta, quit\u00e1ndole hierro a una posible injerencia en el debate en EEUU. Pero, cabe reiterar que s\u00ed explic\u00f3 que dar o no la comuni\u00f3n a las personas es \u00abun problema pastoral\u201d y no \u201cpol\u00edtico\u201d, producto de la libertad de discernimiento de cada obispo\/pastor.<\/p>\n\n\n\n<p>Por ello, ha invitado a los pastores a alejarse de las l\u00f3gicas de las ideolog\u00edas de turno que en el pasado crearon mayor caos: \u201cSi miramos la historia de la Iglesia veremos que cada vez que los Obispos no han gestionado un problema como pastores han tomado partido por el lado pol\u00edtico\u201d.&nbsp;<\/p>\n\n\n\n<p>Y ha propuesto varios ejemplos: \u201cPensemos en la noche de San Bartolom\u00e9, herejes, s\u00ed, degoll\u00e9moslos a todos\u2026. Pensemos en la cacer\u00eda de brujas\u201d.&nbsp;<\/p>\n\n\n\n<h2 class=\"wp-block-heading\" id=\"h-pastores-no-inquisidores\"><strong>Pastores, no inquisidores&nbsp;<\/strong><\/h2>\n\n\n\n<p>\u201c\u00bfQu\u00e9 debe hacer el pastor?&nbsp;<strong>\u201cSer pastor, no condenar. S\u00e9 un pastor, porque es un pastor tambi\u00e9n para los excomulgados.<\/strong>&nbsp;Pastores con el estilo de Dios, que es cercan\u00eda, compasi\u00f3n y ternura. Toda la Biblia lo dice. Un pastor que no sabe ser pastor\u2026\u201d<\/p>\n\n\n\n<p>Luego, el Papa Francisco, sin entrar en detalles espec\u00edficos de la realidad en EEUU, ha propuesto: \u201c\u00bfPero si usted es cercano, tierno y das la comuni\u00f3n? Es una hip\u00f3tesis. El pastor sabe qu\u00e9 hacer en todo momento. Pero si te sales de la pastoral de la Iglesia te conviertes en un pol\u00edtico, y eso se ve en todas las condenas no pastorales de la Iglesia\u2026\u201d.\u00a0<\/p>\n\n\n\n<p>Fuente: https:\/\/es.aleteia.org\/2021\/09\/16\/el-papa-francisco-nunca-he-negado-la-eucaristia-a-nadie\/<\/p>\n","protected":false},"excerpt":{"rendered":"<p>El Pont\u00edfice reiter\u00f3 que la comuni\u00f3n no es un premio para los perfectos durante la conferencia de prensa en el [&hellip;]<\/p>\n","protected":false},"author":1,"featured_media":13166,"comment_status":"open","ping_status":"open","sticky":false,"template":"","format":"standard","meta":{"site-sidebar-layout":"default","site-content-layout":"","ast-site-content-layout":"default","site-content-style":"default","site-sidebar-style":"default","ast-global-header-display":"","ast-banner-title-visibility":"","ast-main-header-display":"","ast-hfb-above-header-display":"","ast-hfb-below-header-display":"","ast-hfb-mobile-header-display":"","site-post-title":"","ast-breadcrumbs-content":"","ast-featured-img":"","footer-sml-layout":"","theme-transparent-header-meta":"","adv-header-id-meta":"","stick-header-meta":"","header-above-stick-meta":"","header-main-stick-meta":"","header-below-stick-meta":"","astra-migrate-meta-layouts":"default","ast-page-background-enabled":"default","ast-page-background-meta":{"desktop":{"background-color":"var(--ast-global-color-4)","background-image":"","background-repeat":"repeat","background-position":"center center","background-size":"auto","background-attachment":"scroll","background-type":"","background-media":"","overlay-type":"","overlay-color":"","overlay-opacity":"","overlay-gradient":""},"tablet":{"background-color":"","background-image":"","background-repeat":"repeat","background-position":"center center","background-size":"auto","background-attachment":"scroll","background-type":"","background-media":"","overlay-type":"","overlay-color":"","overlay-opacity":"","overlay-gradient":""},"mobile":{"background-color":"","background-image":"","background-repeat":"repeat","background-position":"center center","background-size":"auto","background-attachment":"scroll","background-type":"","background-media":"","overlay-type":"","overlay-color":"","overlay-opacity":"","overlay-gradient":""}},"ast-content-background-meta":{"desktop":{"background-color":"var(--ast-global-color-5)","background-image":"","background-repeat":"repeat","background-position":"center center","background-size":"auto","background-attachment":"scroll","background-type":"","background-media":"","overlay-type":"","overlay-color":"","overlay-opacity":"","overlay-gradient":""},"tablet":{"background-color":"var(--ast-global-color-5)","background-image":"","background-repeat":"repeat","background-position":"center center","background-size":"auto","background-attachment":"scroll","background-type":"","background-media":"","overlay-type":"","overlay-color":"","overlay-opacity":"","overlay-gradient":""},"mobile":{"background-color":"var(--ast-global-color-5)","background-image":"","background-repeat":"repeat","background-position":"center center","background-size":"auto","background-attachment":"scroll","background-type":"","background-media":"","overlay-type":"","overlay-color":"","overlay-opacity":"","overlay-gradient":""}},"footnotes":""},"categories":[8],"tags":[4055,4054,696,196],"class_list":["post-13165","post","type-post","status-publish","format-standard","has-post-thumbnail","hentry","category-noticias","tag-eucaristia","tag-excomunion","tag-joe-biden","tag-papa-francisco"],"_links":{"self":[{"href":"https:\/\/losperiodistas.com.mx\/portal\/wp-json\/wp\/v2\/posts\/13165","targetHints":{"allow":["GET"]}}],"collection":[{"href":"https:\/\/losperiodistas.com.mx\/portal\/wp-json\/wp\/v2\/posts"}],"about":[{"href":"https:\/\/losperiodistas.com.mx\/portal\/wp-json\/wp\/v2\/types\/post"}],"author":[{"embeddable":true,"href":"https:\/\/losperiodistas.com.mx\/portal\/wp-json\/wp\/v2\/users\/1"}],"replies":[{"embeddable":true,"href":"https:\/\/losperiodistas.com.mx\/portal\/wp-json\/wp\/v2\/comments?post=13165"}],"version-history":[{"count":1,"href":"https:\/\/losperiodistas.com.mx\/portal\/wp-json\/wp\/v2\/posts\/13165\/revisions"}],"predecessor-version":[{"id":13167,"href":"https:\/\/losperiodistas.com.mx\/portal\/wp-json\/wp\/v2\/posts\/13165\/revisions\/13167"}],"wp:featuredmedia":[{"embeddable":true,"href":"https:\/\/losperiodistas.com.mx\/portal\/wp-json\/wp\/v2\/media\/13166"}],"wp:attachment":[{"href":"https:\/\/losperiodistas.com.mx\/portal\/wp-json\/wp\/v2\/media?parent=13165"}],"wp:term":[{"taxonomy":"category","embeddable":true,"href":"https:\/\/losperiodistas.com.mx\/portal\/wp-json\/wp\/v2\/categories?post=13165"},{"taxonomy":"post_tag","embeddable":true,"href":"https:\/\/losperiodistas.com.mx\/portal\/wp-json\/wp\/v2\/tags?post=13165"}],"curies":[{"name":"wp","href":"https:\/\/api.w.org\/{rel}","templated":true}]}}