{"id":13155,"date":"2021-09-16T07:55:56","date_gmt":"2021-09-16T12:55:56","guid":{"rendered":"http:\/\/losperiodistas.com.mx\/portal\/?p=13155"},"modified":"2021-09-16T07:58:42","modified_gmt":"2021-09-16T12:58:42","slug":"nacho-cano-planea-construir-una-piramide-azteca-de-30-metros-de-altura-en-hortaleza-el-confidencial","status":"publish","type":"post","link":"https:\/\/losperiodistas.com.mx\/portal\/nacho-cano-planea-construir-una-piramide-azteca-de-30-metros-de-altura-en-hortaleza-el-confidencial\/","title":{"rendered":"Nacho Cano planea construir una pir\u00e1mide azteca de 30 metros de altura en Hortaleza | El Confidencial"},"content":{"rendered":"\n<p style=\"font-size:18px\"><em>El proyecto se convertir\u00eda en uno de los mayores teatros de la capital y se emplazar\u00e1 en unos terrenos propiedad del ayuntamiento de Madrid<\/em><\/p>\n\n\n\n<p><\/p>\n\n\n\n<figure class=\"wp-block-image size-large\"><img fetchpriority=\"high\" decoding=\"async\" width=\"1024\" height=\"576\" src=\"https:\/\/losperiodistas.com.mx\/portal\/wp-content\/uploads\/2021\/09\/Captura-de-Pantalla-2021-09-16-a-las-7.45.39-1024x576.jpg\" alt=\"\" class=\"wp-image-13156\" srcset=\"https:\/\/losperiodistas.com.mx\/portal\/wp-content\/uploads\/2021\/09\/Captura-de-Pantalla-2021-09-16-a-las-7.45.39-1024x576.jpg 1024w, https:\/\/losperiodistas.com.mx\/portal\/wp-content\/uploads\/2021\/09\/Captura-de-Pantalla-2021-09-16-a-las-7.45.39-300x169.jpg 300w, https:\/\/losperiodistas.com.mx\/portal\/wp-content\/uploads\/2021\/09\/Captura-de-Pantalla-2021-09-16-a-las-7.45.39-768x432.jpg 768w, https:\/\/losperiodistas.com.mx\/portal\/wp-content\/uploads\/2021\/09\/Captura-de-Pantalla-2021-09-16-a-las-7.45.39-1536x864.jpg 1536w, https:\/\/losperiodistas.com.mx\/portal\/wp-content\/uploads\/2021\/09\/Captura-de-Pantalla-2021-09-16-a-las-7.45.39.jpg 1942w\" sizes=\"(max-width: 1024px) 100vw, 1024px\" \/><figcaption>Aspecto del proyecto que ha presentado el m\u00fasico Nacho Cano (EC)<\/figcaption><\/figure>\n\n\n\n<p class=\"has-vivid-cyan-blue-color has-text-color has-medium-font-size\">A. PASCUAL \/ EL CONFIDENCIAL<\/p>\n\n\n\n<p>El m\u00fasico<strong>&nbsp;Nacho Cano<\/strong>, exintegrante de Mecano, planea construir una&nbsp;<strong>pir\u00e1mide azteca de 29 metros de altura y nueve plantas,<\/strong>&nbsp;en un solar del barrio de Hortaleza cedido por el ayuntamiento. Se trata de un proyecto fara\u00f3nico que contar\u00e1 con 20.000 metros cuadrados edificados, de los cuales la mitad pertenecer\u00e1n a un parking y la otra mitad a una colosal pir\u00e1mide, en cuyo interior se ubicar\u00e1 un teatro, con los \u00faltimos avances en imagen y sonido, que tendr\u00e1 capacidad para m\u00e1s de 1.300 butacas. Estar\u00e1 ubicado en la&nbsp;<strong>avenida del Machupichu n\u00famero 30<\/strong>, frente al recinto ferial IFEMA.<\/p>\n\n\n\n<p>Las l\u00edneas maestras del teatro\u00a0<a href=\"https:\/\/www.periodicohortaleza.org\/una-piramide-azteca-con-teatro-y-macroparking-asi-es-el-proyecto-de-nacho-cano-en-hortaleza\/\" target=\"_blank\" rel=\"noreferrer noopener\">han sido avanzadas por el peri\u00f3dico vecinal de Hortaleza<\/a>\u00a0y confirmadas por fuentes municipales, que indican que hace m\u00e1s de un a\u00f1o que se est\u00e1 trabajando en la idea y contratando al personal necesario para sacarlo adelante.<strong>\u00a0El coste est\u00e1 proyectado en 11 millones de euros<\/strong>\u00a0y el tiempo de ejecuci\u00f3n, en torno a nueve meses. Aunque no es definitivo, los planos indican que<strong>\u00a0el teatro se llamar\u00e1 Malinche<\/strong>, en honor a la ind\u00edgena que gui\u00f3 a las tropas de Hern\u00e1n Cort\u00e9s en la conquista de M\u00e9xico, y que el espect\u00e1culo inaugural ser\u00e1 un musical, dirigido por el propio Cano, en el que se narran sus aventuras durante la conquista de Am\u00e9rica.<\/p>\n\n\n\n<figure class=\"wp-block-image size-large\"><img decoding=\"async\" width=\"1024\" height=\"577\" src=\"https:\/\/losperiodistas.com.mx\/portal\/wp-content\/uploads\/2021\/09\/Captura-de-Pantalla-2021-09-16-a-las-7.53.15-1024x577.jpg\" alt=\"\" class=\"wp-image-13158\" srcset=\"https:\/\/losperiodistas.com.mx\/portal\/wp-content\/uploads\/2021\/09\/Captura-de-Pantalla-2021-09-16-a-las-7.53.15-1024x577.jpg 1024w, https:\/\/losperiodistas.com.mx\/portal\/wp-content\/uploads\/2021\/09\/Captura-de-Pantalla-2021-09-16-a-las-7.53.15-300x169.jpg 300w, https:\/\/losperiodistas.com.mx\/portal\/wp-content\/uploads\/2021\/09\/Captura-de-Pantalla-2021-09-16-a-las-7.53.15-768x433.jpg 768w, https:\/\/losperiodistas.com.mx\/portal\/wp-content\/uploads\/2021\/09\/Captura-de-Pantalla-2021-09-16-a-las-7.53.15.jpg 1284w\" sizes=\"(max-width: 1024px) 100vw, 1024px\" \/><figcaption>La ubicaci\u00f3n del solar, en pleno barrio de Hortaleza (Google Maps)<\/figcaption><\/figure>\n\n\n\n<p>Para llevar adelante el proyecto, Cano ha creado la mercantil&nbsp;<strong>Malinche The Musical Spain, SL<\/strong>, controlada por su matriz Malinche Productions con sede en Estados Unidos, y cuenta con apoyos importantes como&nbsp;<a href=\"https:\/\/www.ejeprime.com\/directorios\/perfiles\/david-hatchwell.html\" target=\"_blank\" rel=\"noreferrer noopener\">el empresario de &#8216;real estate&#8217; David Hatchwell<\/a>, con pasado en Goldman Sachs y el HSBC, y el prestigioso fiscalista<strong>&nbsp;Pablo Alarc\u00f3n,&nbsp;<a href=\"https:\/\/alarcon-espinosa.com\/\" target=\"_blank\" rel=\"noreferrer noopener\">del bufete Alarc\u00f3n Espinosa<\/a>.<\/strong><\/p>\n\n\n\n<p>Fuentes cercanas al promotor indican que Cano lleva \u00abcasi una d\u00e9cada\u00bb perfilando este proyecto, tanto el espect\u00e1culo como la construcci\u00f3n de un palacio para albergarlo, y que su idea pasa po<strong>r estrenarlo en Madrid para posteriormente llevarlo de gira por M\u00e9xico y Estados Unidos<\/strong>. Se tratar\u00eda, contin\u00faan, de un musical \u00abcomo nunca antes se ha visto, ni siquiera en Las Vegas\u00bb, repleto de efectos de luz y sonido y apto para todos los p\u00fablicos.<\/p>\n\n\n\n<h2 class=\"wp-block-heading\">Cr\u00edticas de la oposici\u00f3n<\/h2>\n\n\n\n<p>El proyecto no ha pillado de nuevas a la oposici\u00f3n, que viene criticando hace unos meses<strong>\u00a0la cercan\u00eda de Nacho Cano con las instituciones madrile\u00f1as<\/strong>. El m\u00fasico fue el elegido para interpretar el acto de homenaje a las v\u00edctimas del covid en la Puerta del Sol y alberg\u00f3 en su mansi\u00f3n de Ibiza a la presidenta de la Comunidad de Madrid durante el mes de agosto,\u00a0<a href=\"https:\/\/www.vanitatis.elconfidencial.com\/famosos\/2021-08-12\/diaz-ayuso-vacaciones-ibiza-nacho-cano_3226319\/\">seg\u00fan publicaron varios medios de comunicaci\u00f3n<\/a>. En esta ocasi\u00f3n se le ha adjudicado la explotaci\u00f3n del solar, uno de los mejores que tiene el ayuntamiento y que en el pasado\u00a0<strong>tambi\u00e9n se cedi\u00f3 al empresario Jos\u00e9 Luis Moreno<\/strong>, en un procedimiento de concesi\u00f3n directa, sin concurso.<\/p>\n\n\n\n<figure class=\"wp-block-image size-large\"><img decoding=\"async\" width=\"1024\" height=\"580\" src=\"https:\/\/losperiodistas.com.mx\/portal\/wp-content\/uploads\/2021\/09\/Captura-de-Pantalla-2021-09-16-a-las-7.52.31-1024x580.jpg\" alt=\"\" class=\"wp-image-13157\" srcset=\"https:\/\/losperiodistas.com.mx\/portal\/wp-content\/uploads\/2021\/09\/Captura-de-Pantalla-2021-09-16-a-las-7.52.31-1024x580.jpg 1024w, https:\/\/losperiodistas.com.mx\/portal\/wp-content\/uploads\/2021\/09\/Captura-de-Pantalla-2021-09-16-a-las-7.52.31-300x170.jpg 300w, https:\/\/losperiodistas.com.mx\/portal\/wp-content\/uploads\/2021\/09\/Captura-de-Pantalla-2021-09-16-a-las-7.52.31-768x435.jpg 768w, https:\/\/losperiodistas.com.mx\/portal\/wp-content\/uploads\/2021\/09\/Captura-de-Pantalla-2021-09-16-a-las-7.52.31.jpg 1278w\" sizes=\"(max-width: 1024px) 100vw, 1024px\" \/><figcaption>Cano y D\u00edaz Ayuso, durante la imposici\u00f3n de la Gran Cruz del Dos de Mayo al m\u00fasico. (Efe)<\/figcaption><\/figure>\n\n\n\n<p>M\u00e1s Madrid, principal partido de la oposici\u00f3n en el ayuntamiento, ya ha adelantado que llevar\u00e1 el asunto al pr\u00f3ximo pleno municipal, ya que lo considera \u00abuna falta de respeto al resto de creadores culturales\u00bb de la capital. Tambi\u00e9n lamentan que\u00a0<strong>se vayan a ocupar 2.500 metros cuadrados de zona verde<\/strong>\u00a0que no figuran en el proyecto ni est\u00e1n presupuestados. Por el momento solo han obtenido respuesta del concejal<strong>\u00a0Alberto Serrano<\/strong>, de Ciudadanos, que\u00a0<a href=\"https:\/\/twitter.com\/MarcosMManza\/status\/1438422910935384067?s=20\" target=\"_blank\" rel=\"noreferrer noopener\">ha recordado que se le present\u00f3 el proyecto hace nueve meses<\/a>\u00a0y que Cano admiti\u00f3 que con este proyecto en Madrid \u00abviene a perder dinero\u00bb. \u00abAquello parec\u00eda un espect\u00e1culo grandioso que se quiere proyectar en varios continentes a la vez. Mi aportaci\u00f3n fue que, ya que el c\u00e1tering que tienen en mente es mexicano, que al menos no se olviden de poner jam\u00f3n extreme\u00f1o\u00bb.<\/p>\n\n\n\n<p>Fuente: https:\/\/www.elconfidencial.com\/espana\/madrid\/2021-09-16\/piramide-azteca-hortaleza-nacho-cano_3290554\/<\/p>\n","protected":false},"excerpt":{"rendered":"<p>El proyecto se convertir\u00eda en uno de los mayores teatros de la capital y se emplazar\u00e1 en unos terrenos propiedad [&hellip;]<\/p>\n","protected":false},"author":1,"featured_media":13156,"comment_status":"open","ping_status":"open","sticky":false,"template":"","format":"standard","meta":{"site-sidebar-layout":"default","site-content-layout":"","ast-site-content-layout":"default","site-content-style":"default","site-sidebar-style":"default","ast-global-header-display":"","ast-banner-title-visibility":"","ast-main-header-display":"","ast-hfb-above-header-display":"","ast-hfb-below-header-display":"","ast-hfb-mobile-header-display":"","site-post-title":"","ast-breadcrumbs-content":"","ast-featured-img":"","footer-sml-layout":"","theme-transparent-header-meta":"","adv-header-id-meta":"","stick-header-meta":"","header-above-stick-meta":"","header-main-stick-meta":"","header-below-stick-meta":"","astra-migrate-meta-layouts":"default","ast-page-background-enabled":"default","ast-page-background-meta":{"desktop":{"background-color":"var(--ast-global-color-4)","background-image":"","background-repeat":"repeat","background-position":"center center","background-size":"auto","background-attachment":"scroll","background-type":"","background-media":"","overlay-type":"","overlay-color":"","overlay-opacity":"","overlay-gradient":""},"tablet":{"background-color":"","background-image":"","background-repeat":"repeat","background-position":"center center","background-size":"auto","background-attachment":"scroll","background-type":"","background-media":"","overlay-type":"","overlay-color":"","overlay-opacity":"","overlay-gradient":""},"mobile":{"background-color":"","background-image":"","background-repeat":"repeat","background-position":"center center","background-size":"auto","background-attachment":"scroll","background-type":"","background-media":"","overlay-type":"","overlay-color":"","overlay-opacity":"","overlay-gradient":""}},"ast-content-background-meta":{"desktop":{"background-color":"var(--ast-global-color-5)","background-image":"","background-repeat":"repeat","background-position":"center center","background-size":"auto","background-attachment":"scroll","background-type":"","background-media":"","overlay-type":"","overlay-color":"","overlay-opacity":"","overlay-gradient":""},"tablet":{"background-color":"var(--ast-global-color-5)","background-image":"","background-repeat":"repeat","background-position":"center center","background-size":"auto","background-attachment":"scroll","background-type":"","background-media":"","overlay-type":"","overlay-color":"","overlay-opacity":"","overlay-gradient":""},"mobile":{"background-color":"var(--ast-global-color-5)","background-image":"","background-repeat":"repeat","background-position":"center center","background-size":"auto","background-attachment":"scroll","background-type":"","background-media":"","overlay-type":"","overlay-color":"","overlay-opacity":"","overlay-gradient":""}},"footnotes":""},"categories":[8],"tags":[4048,2224,4049],"class_list":["post-13155","post","type-post","status-publish","format-standard","has-post-thumbnail","hentry","category-noticias","tag-malinche-the-musical-spain","tag-nacho-cano","tag-piramide-azteca-madrid"],"_links":{"self":[{"href":"https:\/\/losperiodistas.com.mx\/portal\/wp-json\/wp\/v2\/posts\/13155","targetHints":{"allow":["GET"]}}],"collection":[{"href":"https:\/\/losperiodistas.com.mx\/portal\/wp-json\/wp\/v2\/posts"}],"about":[{"href":"https:\/\/losperiodistas.com.mx\/portal\/wp-json\/wp\/v2\/types\/post"}],"author":[{"embeddable":true,"href":"https:\/\/losperiodistas.com.mx\/portal\/wp-json\/wp\/v2\/users\/1"}],"replies":[{"embeddable":true,"href":"https:\/\/losperiodistas.com.mx\/portal\/wp-json\/wp\/v2\/comments?post=13155"}],"version-history":[{"count":2,"href":"https:\/\/losperiodistas.com.mx\/portal\/wp-json\/wp\/v2\/posts\/13155\/revisions"}],"predecessor-version":[{"id":13161,"href":"https:\/\/losperiodistas.com.mx\/portal\/wp-json\/wp\/v2\/posts\/13155\/revisions\/13161"}],"wp:featuredmedia":[{"embeddable":true,"href":"https:\/\/losperiodistas.com.mx\/portal\/wp-json\/wp\/v2\/media\/13156"}],"wp:attachment":[{"href":"https:\/\/losperiodistas.com.mx\/portal\/wp-json\/wp\/v2\/media?parent=13155"}],"wp:term":[{"taxonomy":"category","embeddable":true,"href":"https:\/\/losperiodistas.com.mx\/portal\/wp-json\/wp\/v2\/categories?post=13155"},{"taxonomy":"post_tag","embeddable":true,"href":"https:\/\/losperiodistas.com.mx\/portal\/wp-json\/wp\/v2\/tags?post=13155"}],"curies":[{"name":"wp","href":"https:\/\/api.w.org\/{rel}","templated":true}]}}