{"id":129835,"date":"2026-09-02T08:47:29","date_gmt":"2026-09-02T14:47:29","guid":{"rendered":"https:\/\/losperiodistas.com.mx\/portal\/?p=129835"},"modified":"2026-09-02T08:47:30","modified_gmt":"2026-09-02T14:47:30","slug":"opinion-sheinbaum-honestidad-y-resultados","status":"publish","type":"post","link":"https:\/\/losperiodistas.com.mx\/portal\/opinion-sheinbaum-honestidad-y-resultados\/","title":{"rendered":"Opini\u00f3n | Sheinbaum: \u00bfHonestidad y resultados?"},"content":{"rendered":"\n<figure class=\"wp-block-image aligncenter size-full is-resized\"><img fetchpriority=\"high\" decoding=\"async\" width=\"500\" height=\"500\" src=\"https:\/\/losperiodistas.com.mx\/portal\/wp-content\/uploads\/2024\/04\/Fidencio-Aguilar.jpeg\" alt=\"\" class=\"wp-image-71831\" style=\"width:264px;height:auto\" srcset=\"https:\/\/losperiodistas.com.mx\/portal\/wp-content\/uploads\/2024\/04\/Fidencio-Aguilar.jpeg 500w, https:\/\/losperiodistas.com.mx\/portal\/wp-content\/uploads\/2024\/04\/Fidencio-Aguilar-300x300.jpeg 300w, https:\/\/losperiodistas.com.mx\/portal\/wp-content\/uploads\/2024\/04\/Fidencio-Aguilar-150x150.jpeg 150w\" sizes=\"(max-width: 500px) 100vw, 500px\" \/><\/figure>\n\n\n\n<p class=\"has-vivid-red-color has-text-color has-link-color has-medium-font-size wp-elements-2e1a3a2401b90313040be328de3e1528\"><strong><em>Por Dr. Fidencio Aguilar V\u00edquez<\/em><\/strong><\/p>\n\n\n\n<p>En su mensaje con motivo de su segundo Informe de gobierno, la presidenta Claudia Sheinabum plante\u00f3 que sigue la \u201ctransformaci\u00f3n\u201d. Una de las premisas de su gobierno, dijo, es la separaci\u00f3n entre el poder econ\u00f3mico y el poder pol\u00edtico. Habl\u00f3 tambi\u00e9n de un incremento de recaudaci\u00f3n fiscal relevante. Se\u00f1al\u00f3 una \u201cprimavera laboral\u201d coronada con 40 horas de trabajo semanales (hasta 2030) y la creaci\u00f3n de 86 mil empleos tan solo en agosto. Hay, ley\u00f3, una econom\u00eda estable y un peso fuerte.<\/p>\n\n\n\n<p>Claro, M\u00e9xico se ha transformado, sobre todo institucionalmente, para que emerja una clase pol\u00edtica no tan nueva, sino m\u00e1s bien reciclada con antiguos pol\u00edticos \u201cprofesionales\u201d, \u201cpurificados\u201d por el oficialismo \u2014provenientes del tan odiado Prian, aunque m\u00e1s tricolores que otra cosa\u2014 y reincorporados no a una separaci\u00f3n entre el poder pol\u00edtico y el poder econ\u00f3mico, sino precisamente coludidos, imbricados y fusionados: Pol\u00edticos enriquecidos \u2014que vuelan en jets privados\u2014 atentos al mensaje.<\/p>\n\n\n\n<p>Despu\u00e9s la mandataria habl\u00f3 del desarrollo en la infraestructura del pa\u00eds y de los 10 de 25 polos de desarrollo que ya est\u00e1n activos (3 mil 760 millones de USD); plante\u00f3 el desarrollo en ciencia, del modelo Coatlicue como uno de los proyectos m\u00e1s ambiciosos en inform\u00e1tica (previsto para operar en 2028). Destac\u00f3 los programas sociales, una de las fortalezas de este r\u00e9gimen. La meta: alcanzar los 42 millones de beneficiarios con una inversi\u00f3n de 1 bill\u00f3n de pesos. El 2027 debe estar bien aceitado.<\/p>\n\n\n\n<p>No cabe duda que para el poder, desde los tiempos del PRI hegem\u00f3nico y ahora con Morena no es la excepci\u00f3n, los programas sociales se enfilan a prop\u00f3sitos llanamente clientelares. El pretexto es la solidaridad, lo cual est\u00e1 muy bien y, en toda sociedad humanizada, es esencial; pero sin subsidiariedad, es decir, sin vitalidad social de las familias y las comunidades, f\u00e1cilmente termina en mero asistencialismo, tentaci\u00f3n recurrente de los neopopulismos, tanto de izquierdas como de derechas.<\/p>\n\n\n\n<p>La Presidenta continu\u00f3 con su informe; habl\u00f3 de la soberan\u00eda alimentaria, el apoyo al campo. Destac\u00f3 el tema de la educaci\u00f3n, no de la calidad, sino del apoyo en programas sociales mediante becas \u20148 millones de beneficiarios en primaria, 5 millones en secundaria y la meta de abrir 800 mil lugares para la educaci\u00f3n media superior. Enfatiz\u00f3 que, a diferencia de antes, ahora \u201ctodas las escuelas de educaci\u00f3n media superior son buenas.\u201d No dijo nada de sindicatos, acuerdos, conflictos, etc.<\/p>\n\n\n\n<p>En el rubro de la salud hizo una megas\u00edntesis. De 1943 a 1982, dijo, se habilitaron 29 mil camas; en lo que llam\u00f3 \u201cperiodo neoliberal\u201d, de 1983 a 2018, se implementaron 4 mil; en el lapso que va de la 4T, remarc\u00f3, van 9 mil camas. Se lanz\u00f3 contra el Seguro popular y destac\u00f3 el IMSS-Bienestar: 24 estados (los gobernados por Morena) se incorporaron con un incremento de atenci\u00f3n del 106% m\u00e1s que en 2022. Desde luego, uno puede ir a consulta y que le atiendan, pero las medicinas a menudo faltan.<\/p>\n\n\n\n<p>Sigui\u00f3 con una danza de datos: 33 nuevos hospitales (contra 80 inservibles o a medio vapor de antes), 36 centros de atenci\u00f3n de la salud, 650 quir\u00f3fanos; adem\u00e1s, enfatiz\u00f3, \u201cning\u00fan hospital que atiende c\u00e1ncer carece de medicamentos\u201d. Se abrieron, en esos estados afiliados, 12 mil consultorios. En suma, en el rubro de prevenci\u00f3n de la salud, el de M\u00e9xico, es el m\u00e1s importante del mundo. Uno no puede dejar de recordar las palabras de AMLO sobre el sistema de salud mexicano \u201cmejor que el de Dinamarca\u201d.<\/p>\n\n\n\n<p>Tambi\u00e9n habl\u00f3 del tema de la vivienda; Infonavit y Fovissste est\u00e1n revitalizados, presumi\u00f3. La meta de todo su gobierno es que 12 millones de familias tengan casa; dijo adem\u00e1s que 5 millones de familias han sido rescatadas de la usura crediticia. Habl\u00f3 de las mujeres: \u201cllegamos a la Constituci\u00f3n, a las leyes, a la toma de decisiones\u201d. Igualmente se\u00f1al\u00f3 el apoyo a los pueblos ind\u00edgenas y afroamericanos (25 mil millones de apoyo), la reducci\u00f3n de la deuda de Pemex y el funcionamiento de los trenes, incluyendo el Maya. Nada de descarrilamientos ni de fallecidos.<\/p>\n\n\n\n<p>En el tema de seguridad destac\u00f3 el 51% de disminuci\u00f3n de homicidios dolosos, el 54% de disminuci\u00f3n en delitos de alto impacto, el combate al crimen organizado. En esto dio cifras: 63 mil personas detenidas, 32 mil armas de fuego y 519 toneladas de droga decomisadas, 2 mil 700 laboratorios destruidos. Pidi\u00f3 un reconocimiento al gabinete de seguridad. Insisti\u00f3 en que con Estados Unidos hay coordinaci\u00f3n y entendimiento, no subordinaci\u00f3n y que defender\u00e1 la soberan\u00eda. Pol\u00edtica exterior: No intervenci\u00f3n, etc.<\/p>\n\n\n\n<p>Para cerrar, habl\u00f3 de M\u00e9xico como un pa\u00eds democr\u00e1tico. Y, en un mensaje <em>ad intra<\/em>, porque lo dijo para adentro \u2014y que lo oigan los de afuera\u2014: no hay divisiones, no hay rompimiento. Por un momento cre\u00ed que se refer\u00eda a la naci\u00f3n, a la patria, a M\u00e9xico entero. Pero no, se refer\u00eda a su movimiento, a los suyos. Como su movimiento pretende apropiarse del pueblo, dijo: \u201cHay defensa del pueblo y de su dignidad\u201d. La dignidad se escribe con honestidad y \u00e9sta da resultados. El pueblo es camino y destino.<\/p>\n\n\n\n<p>No mencion\u00f3 a las familias buscadoras ni a Sinaloa ni a las regiones sometidas por el crimen organizado. M\u00e9xico es el pa\u00eds m\u00e1s democr\u00e1tico del mundo, pero no mencion\u00f3 a las oposiciones, y no me refiero s\u00f3lo a los partidos pol\u00edticos, hay oposiciones en la sociedad, en sectores del pueblo mismo que reclaman soluci\u00f3n de sus problemas sin ser escuchados. No mencion\u00f3 la megafarmacia de Huehuetoca inutilizada; tampoco la deuda p\u00fablica que rebasa m\u00e1s del 50% del PIB con este r\u00e9gimen. Hay temas cuyo silencio es m\u00e1s elocuente que la danza de los n\u00fameros.<\/p>\n\n\n\n<hr class=\"wp-block-separator has-alpha-channel-opacity\"\/>\n\n\n\n<p><strong>+ OPINI\u00d3N: Las opiniones expresadas son responsabilidad del autor<\/strong><\/p>\n","protected":false},"excerpt":{"rendered":"<p>Por Dr. Fidencio Aguilar V\u00edquez En su mensaje con motivo de su segundo Informe de gobierno, la presidenta Claudia Sheinabum [&hellip;]<\/p>\n","protected":false},"author":1,"featured_media":71831,"comment_status":"open","ping_status":"open","sticky":false,"template":"","format":"standard","meta":{"site-sidebar-layout":"default","site-content-layout":"","ast-site-content-layout":"default","site-content-style":"default","site-sidebar-style":"default","ast-global-header-display":"","ast-banner-title-visibility":"","ast-main-header-display":"","ast-hfb-above-header-display":"","ast-hfb-below-header-display":"","ast-hfb-mobile-header-display":"","site-post-title":"","ast-breadcrumbs-content":"","ast-featured-img":"","footer-sml-layout":"","theme-transparent-header-meta":"","adv-header-id-meta":"","stick-header-meta":"","header-above-stick-meta":"","header-main-stick-meta":"","header-below-stick-meta":"","astra-migrate-meta-layouts":"default","ast-page-background-enabled":"default","ast-page-background-meta":{"desktop":{"background-color":"var(--ast-global-color-4)","background-image":"","background-repeat":"repeat","background-position":"center center","background-size":"auto","background-attachment":"scroll","background-type":"","background-media":"","overlay-type":"","overlay-color":"","overlay-opacity":"","overlay-gradient":""},"tablet":{"background-color":"","background-image":"","background-repeat":"repeat","background-position":"center center","background-size":"auto","background-attachment":"scroll","background-type":"","background-media":"","overlay-type":"","overlay-color":"","overlay-opacity":"","overlay-gradient":""},"mobile":{"background-color":"","background-image":"","background-repeat":"repeat","background-position":"center center","background-size":"auto","background-attachment":"scroll","background-type":"","background-media":"","overlay-type":"","overlay-color":"","overlay-opacity":"","overlay-gradient":""}},"ast-content-background-meta":{"desktop":{"background-color":"var(--ast-global-color-5)","background-image":"","background-repeat":"repeat","background-position":"center center","background-size":"auto","background-attachment":"scroll","background-type":"","background-media":"","overlay-type":"","overlay-color":"","overlay-opacity":"","overlay-gradient":""},"tablet":{"background-color":"var(--ast-global-color-5)","background-image":"","background-repeat":"repeat","background-position":"center center","background-size":"auto","background-attachment":"scroll","background-type":"","background-media":"","overlay-type":"","overlay-color":"","overlay-opacity":"","overlay-gradient":""},"mobile":{"background-color":"var(--ast-global-color-5)","background-image":"","background-repeat":"repeat","background-position":"center center","background-size":"auto","background-attachment":"scroll","background-type":"","background-media":"","overlay-type":"","overlay-color":"","overlay-opacity":"","overlay-gradient":""}},"footnotes":""},"categories":[8,22],"tags":[52910,52909],"class_list":["post-129835","post","type-post","status-publish","format-standard","has-post-thumbnail","hentry","category-noticias","category-opinion-invitada","tag-omisiones-informe-sheinbaum","tag-segundo-informe-sheinbaum"],"_links":{"self":[{"href":"https:\/\/losperiodistas.com.mx\/portal\/wp-json\/wp\/v2\/posts\/129835","targetHints":{"allow":["GET"]}}],"collection":[{"href":"https:\/\/losperiodistas.com.mx\/portal\/wp-json\/wp\/v2\/posts"}],"about":[{"href":"https:\/\/losperiodistas.com.mx\/portal\/wp-json\/wp\/v2\/types\/post"}],"author":[{"embeddable":true,"href":"https:\/\/losperiodistas.com.mx\/portal\/wp-json\/wp\/v2\/users\/1"}],"replies":[{"embeddable":true,"href":"https:\/\/losperiodistas.com.mx\/portal\/wp-json\/wp\/v2\/comments?post=129835"}],"version-history":[{"count":1,"href":"https:\/\/losperiodistas.com.mx\/portal\/wp-json\/wp\/v2\/posts\/129835\/revisions"}],"predecessor-version":[{"id":129836,"href":"https:\/\/losperiodistas.com.mx\/portal\/wp-json\/wp\/v2\/posts\/129835\/revisions\/129836"}],"wp:featuredmedia":[{"embeddable":true,"href":"https:\/\/losperiodistas.com.mx\/portal\/wp-json\/wp\/v2\/media\/71831"}],"wp:attachment":[{"href":"https:\/\/losperiodistas.com.mx\/portal\/wp-json\/wp\/v2\/media?parent=129835"}],"wp:term":[{"taxonomy":"category","embeddable":true,"href":"https:\/\/losperiodistas.com.mx\/portal\/wp-json\/wp\/v2\/categories?post=129835"},{"taxonomy":"post_tag","embeddable":true,"href":"https:\/\/losperiodistas.com.mx\/portal\/wp-json\/wp\/v2\/tags?post=129835"}],"curies":[{"name":"wp","href":"https:\/\/api.w.org\/{rel}","templated":true}]}}