{"id":129832,"date":"2026-09-02T08:22:06","date_gmt":"2026-09-02T14:22:06","guid":{"rendered":"https:\/\/losperiodistas.com.mx\/portal\/?p=129832"},"modified":"2026-09-02T08:22:07","modified_gmt":"2026-09-02T14:22:07","slug":"los-mexicanos-divididos-sobre-las-causas-de-la-cancelacion-de-la-visa-a-andy-lopez-beltran-el-pais","status":"publish","type":"post","link":"https:\/\/losperiodistas.com.mx\/portal\/los-mexicanos-divididos-sobre-las-causas-de-la-cancelacion-de-la-visa-a-andy-lopez-beltran-el-pais\/","title":{"rendered":"Los mexicanos, divididos sobre las causas de la cancelaci\u00f3n de la visa a Andy L\u00f3pez Beltr\u00e1n | El Pa\u00eds"},"content":{"rendered":"\n<p class=\"has-medium-font-size\">La encuesta de Enkoll para EL PA\u00cdS refleja que un 29% de la gente desconf\u00eda del hijo del expresidente y que una cuarta parte atribuye la decisi\u00f3n a las tensiones bilaterales<\/p>\n\n\n\n<figure class=\"wp-block-image size-large\"><img fetchpriority=\"high\" decoding=\"async\" width=\"1024\" height=\"273\" src=\"https:\/\/losperiodistas.com.mx\/portal\/wp-content\/uploads\/2026\/09\/Captura-de-pantalla-2026-09-02-a-las-8.18.45-1024x273.png\" alt=\"\" class=\"wp-image-129833\" srcset=\"https:\/\/losperiodistas.com.mx\/portal\/wp-content\/uploads\/2026\/09\/Captura-de-pantalla-2026-09-02-a-las-8.18.45-1024x273.png 1024w, https:\/\/losperiodistas.com.mx\/portal\/wp-content\/uploads\/2026\/09\/Captura-de-pantalla-2026-09-02-a-las-8.18.45-300x80.png 300w, https:\/\/losperiodistas.com.mx\/portal\/wp-content\/uploads\/2026\/09\/Captura-de-pantalla-2026-09-02-a-las-8.18.45-768x205.png 768w, https:\/\/losperiodistas.com.mx\/portal\/wp-content\/uploads\/2026\/09\/Captura-de-pantalla-2026-09-02-a-las-8.18.45-1536x410.png 1536w, https:\/\/losperiodistas.com.mx\/portal\/wp-content\/uploads\/2026\/09\/Captura-de-pantalla-2026-09-02-a-las-8.18.45-2048x547.png 2048w\" sizes=\"(max-width: 1024px) 100vw, 1024px\" \/><\/figure>\n\n\n\n<h3 class=\"wp-block-heading\"><\/h3>\n\n\n\n<p class=\"has-medium-font-size\"><strong><a href=\"https:\/\/elpais.com\/autor\/ernesto-nunez\/#?rel=author_top\">Ernesto N\u00fa\u00f1ez<\/a> \/ El Pa\u00eds<\/strong><\/p>\n\n\n\n<p>M\u00e9xico <\/p>\n\n\n\n<p>Una tercera parte de los mexicanos considera que la principal raz\u00f3n para que Estados Unidos retirara la visa a&nbsp;<a href=\"https:\/\/elpais.com\/mexico\/2026-08-15\/estados-unidos-asesta-un-golpe-al-corazon-de-morena-con-la-retirada-de-la-visa-a-andy-lopez-beltran.html\">Andr\u00e9s Manuel L\u00f3pez Beltr\u00e1n<\/a>&nbsp;fue la posibilidad de que haya cometido actos il\u00edcitos. La encuesta m\u00e1s reciente de Enkoll para EL PA\u00cdS y W Radio refleja que el 29% de los consultados tiene desconfianza respecto del hijo del expresidente Andr\u00e9s Manuel L\u00f3pez Obrador. Al mismo tiempo, otra cuarta parte (24% de los encuestados) considera que la decisi\u00f3n se tom\u00f3 \u201cpor diferencias entre los gobiernos de M\u00e9xico y Estados Unidos\u201d. El 21% lo atribuye a \u201crazones pol\u00edticas o por la actividad pol\u00edtica\u201d de Andy<em>,&nbsp;<\/em>el 11% dice que fue \u201cpara presionar o influir en el Gobierno\u201d de la presidenta Claudia Sheinbaum y el 4% considera que la decisi\u00f3n se tom\u00f3 \u201cpor razones de seguridad de Estados Unidos\u201d.<\/p>\n\n\n\n<p>El 13 de agosto pasado, Andy L\u00f3pez Beltr\u00e1n hizo p\u00fablico que hab\u00eda perdido su permiso de entrada a Estados Unidos,&nbsp;<a href=\"https:\/\/elpais.com\/mexico\/2026-08-14\/estados-unidos-cancela-la-visa-de-andres-manuel-lopez-beltran.html\">en una carta dirigida al presidente Donald Trump<\/a>, en la que acus\u00f3 a Marco Rubio, secretario de Estado, y al subsecretario Christopher Landau, de haber ordenado la retirada de su visa por una raz\u00f3n pol\u00edtica y \u201cal estilo hitleriano\u201d.<\/p>\n\n\n\n<p>La postura de Andy de que la revocaci\u00f3n de su visa fue una decisi\u00f3n motivada pol\u00edticamente es respaldada por el 42% de los encuestados, mientras que el 38% no coincide con lo dicho por el hijo de L\u00f3pez Obrador. En el estudio de Enkoll, el 67% de los encuestados dice haber tenido conocimiento previo de esta decisi\u00f3n del gobierno estadounidense y una mayor\u00eda del 51% est\u00e1 de acuerdo o muy de acuerdo con la afirmaci\u00f3n de que esto \u201crepresenta una forma de injerencia en los asuntos internos de M\u00e9xico\u201d. Ante esa pregunta, el 31% dijo no estar de acuerdo con dicha afirmaci\u00f3n.<\/p>\n\n\n\n<p>No es la primera controversia que recae sobre el hijo del expresidente o sus actividades: primero, por sus viajes y los lujos exhibidos en&nbsp;<a href=\"https:\/\/elpais.com\/mexico\/2025-08-25\/el-peor-verano-de-morena.html\">el verano de 2025<\/a>; luego, por su controvertido papel al frente de la Secretar\u00eda de Organizaci\u00f3n de Morena y&nbsp;<a href=\"https:\/\/elpais.com\/mexico\/2026-04-23\/sheinbaum-toma-el-control-de-morena.html\">sus diferencias con la presidenta del partido, Luisa Mar\u00eda Alcalde<\/a>. En mayo, Andy renunci\u00f3 a su cargo en el partido, una semana antes de la derrota de Morena en Coahuila, y anunci\u00f3 que har\u00eda trabajo territorial en el sexto distrito electoral de Villahermosa, en Tabasco, para ganarse la postulaci\u00f3n a una diputaci\u00f3n federal.<\/p>\n\n\n\n<p>En agosto, en medio de las tensiones entre M\u00e9xico y Estados Unidos por&nbsp;<a href=\"https:\/\/elpais.com\/mexico\/2026-04-29\/estados-unidos-acusa-al-gobernador-ruben-rocha-moya-y-a-otros-nueve-funcionarios-de-sinaloa-por-vinculos-con-el-narcotrafico.html\">la solicitud de extradici\u00f3n del gobernador de Sinaloa, Rub\u00e9n Rocha<\/a>, y nueve exfuncionarios ligados a \u00e9l, Andy L\u00f3pez Beltr\u00e1n revel\u00f3 la cancelaci\u00f3n de su visa e hizo p\u00fablica una en\u00e9rgica carta a Trump, en un tono que incomod\u00f3 a la Canciller\u00eda mexicana. \u201cEl hecho de quitarme la visa no es m\u00e1s que una burda y perversa canallada de estos funcionarios y otros halcones que, en sentido estricto, no son diplom\u00e1ticos ni mucho menos pol\u00edticos\u201d, escribi\u00f3, entre otras cosas.&nbsp;<a href=\"https:\/\/elpais.com\/mexico\/2026-08-14\/sheinbaum-respalda-a-andy-lopez-y-acusa-injerencia-por-la-cancelacion-de-su-visa-de-eeuu-tiene-un-sentido-politico.html\">La presidenta Sheinbaum<\/a>&nbsp;la dirigencia nacional de Morena y los 24 gobernadores del oficialismo cerraron filas con \u00e9l y condenaron la retirada de la visa.<\/p>\n\n\n\n<p>Este martes,&nbsp;<a href=\"https:\/\/elpais.com\/mexico\/2026-09-01\/sheinbaum-niega-rompimiento-o-division-con-lopez-obrador-que-nadie-se-equivoque.html\">con motivo del segundo informe de Claudia Sheinbaum<\/a>, el hijo del expresidente ha vuelto al tema, elogiando la postura de la mandataria de no negociar ni entregar la soberan\u00eda. \u201cSu mensaje es contundente: M\u00e9xico es y ser\u00e1 siempre un pa\u00eds libre, y la honestidad no es un discurso, sino una forma de gobernar que da resultados. Porque cuando se gobierna con el pueblo y para el pueblo, los frutos se ven. Con ella, la transformaci\u00f3n sigue firme. \u00a1Viva M\u00e9xico!\u201d, ha publicado L\u00f3pez Beltr\u00e1n en sus redes sociales.<\/p>\n\n\n\n<p>Fuente: <a href=\"https:\/\/elpais.com\/mexico\/2026-09-02\/la-mayoria-de-los-mexicanos-ve-posibles-actos-ilicitos-como-causa-de-la-cancelacion-de-la-visa-a-andy-lopez-beltran.html\">https:\/\/elpais.com\/mexico\/2026-09-02\/la-mayoria-de-los-mexicanos-ve-posibles-actos-ilicitos-como-causa-de-la-cancelacion-de-la-visa-a-andy-lopez-beltran.html<\/a><\/p>\n","protected":false},"excerpt":{"rendered":"<p>La encuesta de Enkoll para EL PA\u00cdS refleja que un 29% de la gente desconf\u00eda del hijo del expresidente y [&hellip;]<\/p>\n","protected":false},"author":1,"featured_media":129833,"comment_status":"open","ping_status":"open","sticky":false,"template":"","format":"standard","meta":{"site-sidebar-layout":"default","site-content-layout":"","ast-site-content-layout":"default","site-content-style":"default","site-sidebar-style":"default","ast-global-header-display":"","ast-banner-title-visibility":"","ast-main-header-display":"","ast-hfb-above-header-display":"","ast-hfb-below-header-display":"","ast-hfb-mobile-header-display":"","site-post-title":"","ast-breadcrumbs-content":"","ast-featured-img":"","footer-sml-layout":"","theme-transparent-header-meta":"","adv-header-id-meta":"","stick-header-meta":"","header-above-stick-meta":"","header-main-stick-meta":"","header-below-stick-meta":"","astra-migrate-meta-layouts":"default","ast-page-background-enabled":"default","ast-page-background-meta":{"desktop":{"background-color":"var(--ast-global-color-4)","background-image":"","background-repeat":"repeat","background-position":"center center","background-size":"auto","background-attachment":"scroll","background-type":"","background-media":"","overlay-type":"","overlay-color":"","overlay-opacity":"","overlay-gradient":""},"tablet":{"background-color":"","background-image":"","background-repeat":"repeat","background-position":"center center","background-size":"auto","background-attachment":"scroll","background-type":"","background-media":"","overlay-type":"","overlay-color":"","overlay-opacity":"","overlay-gradient":""},"mobile":{"background-color":"","background-image":"","background-repeat":"repeat","background-position":"center center","background-size":"auto","background-attachment":"scroll","background-type":"","background-media":"","overlay-type":"","overlay-color":"","overlay-opacity":"","overlay-gradient":""}},"ast-content-background-meta":{"desktop":{"background-color":"var(--ast-global-color-5)","background-image":"","background-repeat":"repeat","background-position":"center center","background-size":"auto","background-attachment":"scroll","background-type":"","background-media":"","overlay-type":"","overlay-color":"","overlay-opacity":"","overlay-gradient":""},"tablet":{"background-color":"var(--ast-global-color-5)","background-image":"","background-repeat":"repeat","background-position":"center center","background-size":"auto","background-attachment":"scroll","background-type":"","background-media":"","overlay-type":"","overlay-color":"","overlay-opacity":"","overlay-gradient":""},"mobile":{"background-color":"var(--ast-global-color-5)","background-image":"","background-repeat":"repeat","background-position":"center center","background-size":"auto","background-attachment":"scroll","background-type":"","background-media":"","overlay-type":"","overlay-color":"","overlay-opacity":"","overlay-gradient":""}},"footnotes":""},"categories":[8],"tags":[52907,52908],"class_list":["post-129832","post","type-post","status-publish","format-standard","has-post-thumbnail","hentry","category-noticias","tag-enkoll-andy-lopez","tag-retiro-visa-eui-andy"],"_links":{"self":[{"href":"https:\/\/losperiodistas.com.mx\/portal\/wp-json\/wp\/v2\/posts\/129832","targetHints":{"allow":["GET"]}}],"collection":[{"href":"https:\/\/losperiodistas.com.mx\/portal\/wp-json\/wp\/v2\/posts"}],"about":[{"href":"https:\/\/losperiodistas.com.mx\/portal\/wp-json\/wp\/v2\/types\/post"}],"author":[{"embeddable":true,"href":"https:\/\/losperiodistas.com.mx\/portal\/wp-json\/wp\/v2\/users\/1"}],"replies":[{"embeddable":true,"href":"https:\/\/losperiodistas.com.mx\/portal\/wp-json\/wp\/v2\/comments?post=129832"}],"version-history":[{"count":1,"href":"https:\/\/losperiodistas.com.mx\/portal\/wp-json\/wp\/v2\/posts\/129832\/revisions"}],"predecessor-version":[{"id":129834,"href":"https:\/\/losperiodistas.com.mx\/portal\/wp-json\/wp\/v2\/posts\/129832\/revisions\/129834"}],"wp:featuredmedia":[{"embeddable":true,"href":"https:\/\/losperiodistas.com.mx\/portal\/wp-json\/wp\/v2\/media\/129833"}],"wp:attachment":[{"href":"https:\/\/losperiodistas.com.mx\/portal\/wp-json\/wp\/v2\/media?parent=129832"}],"wp:term":[{"taxonomy":"category","embeddable":true,"href":"https:\/\/losperiodistas.com.mx\/portal\/wp-json\/wp\/v2\/categories?post=129832"},{"taxonomy":"post_tag","embeddable":true,"href":"https:\/\/losperiodistas.com.mx\/portal\/wp-json\/wp\/v2\/tags?post=129832"}],"curies":[{"name":"wp","href":"https:\/\/api.w.org\/{rel}","templated":true}]}}