{"id":129829,"date":"2026-09-02T07:57:16","date_gmt":"2026-09-02T13:57:16","guid":{"rendered":"https:\/\/losperiodistas.com.mx\/portal\/?p=129829"},"modified":"2026-09-02T07:57:17","modified_gmt":"2026-09-02T13:57:17","slug":"leon-xiv-contemplar-la-creacion-de-dios-es-el-primer-paso-hacia-la-conversion-ecologica-vatican-news","status":"publish","type":"post","link":"https:\/\/losperiodistas.com.mx\/portal\/leon-xiv-contemplar-la-creacion-de-dios-es-el-primer-paso-hacia-la-conversion-ecologica-vatican-news\/","title":{"rendered":"Le\u00f3n XIV: Contemplar la creaci\u00f3n de Dios es el primer paso hacia la conversi\u00f3n ecol\u00f3gica | Vatican News"},"content":{"rendered":"\n<p class=\"has-luminous-vivid-amber-background-color has-background has-medium-font-size\">En su homil\u00eda en la Jornada Mundial por el Cuidado de la Creaci\u00f3n, desde Castel Gandolfo, sede del Borgo \u201cLaudato si\u2019\u201d, el Papa invita a ponernos \u201cen modalidad silenciosa\u201d para escuchar la obra de Dios, detenernos algunos minutos para disfrutar la armon\u00eda de la que somos parte y a convertir lo utilizado para la destrucci\u00f3n en instrumentos de vida.<\/p>\n\n\n\n<figure class=\"wp-block-embed is-type-video is-provider-youtube wp-block-embed-youtube wp-embed-aspect-16-9 wp-has-aspect-ratio\"><div class=\"wp-block-embed__wrapper\">\n<iframe title=\"Santa Misa presidida por el Papa Le\u00f3n XIV por la Custodia de la Creaci\u00f3n\" width=\"500\" height=\"281\" src=\"https:\/\/www.youtube.com\/embed\/dctXncxQs4U?feature=oembed\" frameborder=\"0\" allow=\"accelerometer; autoplay; clipboard-write; encrypted-media; gyroscope; picture-in-picture; web-share\" referrerpolicy=\"strict-origin-when-cross-origin\" allowfullscreen><\/iframe>\n<\/div><\/figure>\n\n\n\n<p><\/p>\n\n\n\n<p class=\"has-vivid-red-color has-text-color has-link-color has-medium-font-size wp-elements-937fc673134d5b69816d8c2b696fced1\"><strong>Alina Tufani D\u00edaz \/ Vatican News<\/strong><\/p>\n\n\n\n<p>\u201cContemplar la belleza y el poder de la creaci\u00f3n para ser capaces de reconocer al Art\u00edfice\u201d, es la exhortaci\u00f3n que emana del libro de la Sabidur\u00eda y de las lecturas de esta jornada, como \u201calzar la mirada para contemplar los cielos que narran la gloria de Dios\u201d que propone el Salmo 18, o la invitaci\u00f3n de Mateo contemplar la creaci\u00f3n, \u201csubrayando el amor especial del Se\u00f1or por el ser humano\u201d. As\u00ed abre su homil\u00eda, el Papa Le\u00f3n XIV, en la misa por la Jornada Mundial por el Cuidado de la Creaci\u00f3n, celebrada, esta tarde, en los Jardines del \u201cBorgo Laudato si\u2019, en la Villa Pontificia de Castel Gandolfo.<\/p>\n\n\n\n<figure class=\"wp-block-image\"><img decoding=\"async\" src=\"https:\/\/www.vaticannews.va\/content\/dam\/vaticannews\/agenzie\/images\/srv\/2026\/09\/01\/2026-09-01-borgo-laudato-si--castel-gandolfo---santa-messa-per-l\/1788280798142.jpg\/_jcr_content\/renditions\/cq5dam.thumbnail.cropped.750.422.jpeg\" alt=\"El Papa se encamina hacia el Jard\u00edn de la &quot;Madonnina&quot; en el Borgo Laudato si' en Castel Gandolfo\" title=\"El Papa se encamina hacia el Jard\u00edn de la &quot;Madonnina&quot; en el Borgo Laudato si' en Castel Gandolfo\"\/><\/figure>\n\n\n\n<p>El Papa se encamina hacia el Jard\u00edn de la \u00abMadonnina\u00bb en el Borgo Laudato si&#8217; en Castel Gandolfo &nbsp; (@Vatican Media)<\/p>\n\n\n\n<h2 class=\"wp-block-heading\"><strong>La mirada y el coraz\u00f3n abiertos al misterio<\/strong><\/h2>\n\n\n\n<p>Contemplar las obras del Se\u00f1or es para el Santo Padre un \u201cejercicio\u201d pues, como afirma,&nbsp;<em>\u201ces superficial detenerse en la contemplaci\u00f3n del fuego, del viento, del agua impetuosa o de las estrellas del cielo sin elevarse al Creador de tantas maravillas\u201d.<\/em><\/p>\n\n\n\n<p>Pero el Pont\u00edfice, adem\u00e1s advierte que&nbsp;<em>\u201ctoda la creaci\u00f3n nos habla de la grandeza del Creador, siempre y cuando la mirada y el coraz\u00f3n se abran a tan grande misterio\u201d.&nbsp;<\/em>Porque admirar con asombro la Creaci\u00f3n, desde las \u201caves del cielo y los lirios del campo\u201d, asegura el Papa, hace que comprendamos tambi\u00e9n el amor de Dios por nosotros. Y agrega:<\/p>\n\n\n\n<p><em>\u00abSi el Se\u00f1or no deja de otorgar espl\u00e9ndida belleza y de proveer lo necesario a plantas y animales, \u00a1cu\u00e1nto m\u00e1s estar\u00e1 atento a las exigencias de sus amados hijos e hijas!\u00bb<\/em><\/p>\n\n\n\n<h2 class=\"wp-block-heading\"><strong>Una pausa para contemplar y acercarnos al Se\u00f1or<\/strong><\/h2>\n\n\n\n<p>Al comenzar el \u201cTiempo de la creaci\u00f3n\u201d, las cinco semanas dedicadas a la oraci\u00f3n y al compromiso por el cuidado de la \u201ccasa com\u00fan, Le\u00f3n XIV llama a hacer \u201calgunos minutos de pausa del ajetreo de las actividades cotidianas\u201d para disfrutar de la belleza y armon\u00eda de la que formamos parte:<\/p>\n\n\n\n<p><em>\u00abPongamos en `modalidad silenciosa\u00b4 todos los ruidos de las tareas humanas para escuchar la voz melodiosa de la creaci\u00f3n, en la que Dios, autor de todas las cosas, nos habla.<\/em><\/p>\n\n\n\n<figure class=\"wp-block-image\"><img decoding=\"async\" src=\"https:\/\/www.vaticannews.va\/content\/dam\/vaticannews\/agenzie\/images\/srv\/2026\/09\/01\/2026-09-01-borgo-laudato-si--castel-gandolfo---santa-messa-per-l\/1788281401428.jpg\/_jcr_content\/renditions\/cq5dam.thumbnail.cropped.750.422.jpeg\" alt=\"Saludo lit\u00fargico de Le\u00f3n XIV al abrir la Santa Misa por el Cidado de la Creaci\u00f3n en Castel Gandolfo\" title=\"Saludo lit\u00fargico de Le\u00f3n XIV al abrir la Santa Misa por el Cidado de la Creaci\u00f3n en Castel Gandolfo\"\/><\/figure>\n\n\n\n<p>Saludo lit\u00fargico de Le\u00f3n XIV al abrir la Santa Misa por el Cidado de la Creaci\u00f3n en Castel Gandolfo &nbsp; (@VATICAN MEDIA)<\/p>\n\n\n\n<h2 class=\"wp-block-heading\"><strong>Contemplar: un ejercicio de conversi\u00f3n<\/strong><\/h2>\n\n\n\n<p>El Santo Padre, nuevamente record\u00f3 que este \u201cejercicio contemplativo\u201d favorece el encuentro con el Se\u00f1or y constituye \u2013 como lo menciona en su&nbsp;<em><a href=\"https:\/\/www.vatican.va\/content\/leo-xiv\/es\/messages\/creation\/documents\/20260815-messaggio-giornata-curacreato.html\" target=\"_blank\" rel=\"noreferrer noopener\">Mensaje para la XI Jornada Mundial de Oraci\u00f3n por el Cuidado de la Creaci\u00f3n<\/a><\/em>&nbsp;&#8211; en \u201cun primer paso hacia una aut\u00e9ntica conversi\u00f3n ecol\u00f3gica\u201d. Y a\u00f1ade:<\/p>\n\n\n\n<p><em>De la contemplaci\u00f3n de la creaci\u00f3n y del encuentro con el Creador nace la conciencia de nuestro lugar especial en el maravilloso plan de Dios y de nuestra responsabilidad personal y colectiva en el cuidado de la armon\u00eda original. As\u00ed, de la toma de conciencia de nuestras faltas y de nuestros errores, nace un compromiso renovado por restaurar las relaciones entre las criaturas seg\u00fan la voluntad de su Art\u00edfice<\/em>.<\/p>\n\n\n\n<h2 class=\"wp-block-heading\"><strong>No es a\u00fan demasiado tarde<\/strong><\/h2>\n\n\n\n<p>Para Le\u00f3n XIV, \u201cno es a\u00fan demasiado tarde\u201d para esa conversi\u00f3n a la que estamos llamados, esa llamada de Isa\u00edas, \u201ccon sus espadas forjar\u00e1n arados\u201d, que dan el t\u00edtulo al mensaje de la jornada, es una exhortaci\u00f3n a \u201ctransformar la herida en vida\u201d<strong>.<\/strong>&nbsp;Como lo retoma el Papa de su mensaje:<\/p>\n\n\n\n<p><em>\u201cLo que ha sido utilizado para la destrucci\u00f3n puede ser redirigido hacia la vida: al cuidado de los pobres, al sustento alimentario de los hambrientos y al cuidado de la creaci\u00f3n\u201d<\/em>.<\/p>\n\n\n\n<figure class=\"wp-block-image\"><img decoding=\"async\" src=\"https:\/\/www.vaticannews.va\/content\/dam\/vaticannews\/agenzie\/images\/srv\/2026\/09\/01\/2026-09-01-borgo-laudato-si--castel-gandolfo---santa-messa-per-l\/1788282602243.jpg\/_jcr_content\/renditions\/cq5dam.thumbnail.cropped.750.422.jpeg\" alt=\"Un momento de la homil\u00eda del Papa en la Santa Misa por el Cuidado de la Creaci\u00f3n en el Borgo Laudato si' de Castel Gandolfo\" title=\"Un momento de la homil\u00eda del Papa en la Santa Misa por el Cuidado de la Creaci\u00f3n en el Borgo Laudato si' de Castel Gandolfo\"\/><\/figure>\n\n\n\n<p>Un momento de la homil\u00eda del Papa en la Santa Misa por el Cuidado de la Creaci\u00f3n en el Borgo Laudato si&#8217; de Castel Gandolfo &nbsp; (@VATICAN MEDIA)<\/p>\n\n\n\n<h2 class=\"wp-block-heading\"><strong>Que San Francisco inspire nuestro compromiso<\/strong><\/h2>\n\n\n\n<p>Al concluir, el Santo Padre recuerda que el \u201cTiempo de la creaci\u00f3n\u201d concluye, el 4 de octubre, que este a\u00f1o asume un car\u00e1cter especial al celebrarse el octavo centenario del Tr\u00e1nsito de san Francisco de As\u00eds, quien inspir\u00f3 la Carta enc\u00edclica&nbsp;<em>Laudato si\u2019<\/em>&nbsp;y la creaci\u00f3n del&nbsp;<em>Borgo<\/em>&nbsp;en Castel Gandolfo, de su predecesor Francisco.<\/p>\n\n\n\n<p>Y tras pronunciar el C\u00e1ntico de alabanza del Santo de As\u00eds, el Papa concluye su homil\u00eda invitando a renovar, con San Francisco,<em>\u201cnuestro compromiso de vivir y promover esa fraternidad universal que est\u00e1 inseparablemente unida al deber de cuidar la creaci\u00f3n\u201d<\/em>.<\/p>\n\n\n\n<figure class=\"wp-block-embed is-type-video is-provider-youtube wp-block-embed-youtube wp-embed-aspect-16-9 wp-has-aspect-ratio\"><div class=\"wp-block-embed__wrapper\">\n<iframe title=\"Highlights - Holy Mass, September 1, 2026 \u2013 Pope Leo XIV\" width=\"500\" height=\"281\" src=\"https:\/\/www.youtube.com\/embed\/HxgYwjavsQY?feature=oembed\" frameborder=\"0\" allow=\"accelerometer; autoplay; clipboard-write; encrypted-media; gyroscope; picture-in-picture; web-share\" referrerpolicy=\"strict-origin-when-cross-origin\" allowfullscreen><\/iframe>\n<\/div><\/figure>\n\n\n\n<p>Momentos destacados de la Santa Misa presidida por el Papa Le\u00f3n XIV en la Jornada por el Cuidado de la Creaci\u00f3n en el Borgo Laudato si&#8217; de Castel Gandolfo<\/p>\n\n\n\n<p>Fuente: <a href=\"https:\/\/www.vaticannews.va\/es\/papa\/news\/2026-09\/leon-xiv-homilia-jornada-cuidado-de-la-creacion-castel-gandolfo.html\">https:\/\/www.vaticannews.va\/es\/papa\/news\/2026-09\/leon-xiv-homilia-jornada-cuidado-de-la-creacion-castel-gandolfo.html<\/a><\/p>\n","protected":false},"excerpt":{"rendered":"<p>En su homil\u00eda en la Jornada Mundial por el Cuidado de la Creaci\u00f3n, desde Castel Gandolfo, sede del Borgo \u201cLaudato [&hellip;]<\/p>\n","protected":false},"author":1,"featured_media":129830,"comment_status":"open","ping_status":"open","sticky":false,"template":"","format":"standard","meta":{"site-sidebar-layout":"default","site-content-layout":"","ast-site-content-layout":"default","site-content-style":"default","site-sidebar-style":"default","ast-global-header-display":"","ast-banner-title-visibility":"","ast-main-header-display":"","ast-hfb-above-header-display":"","ast-hfb-below-header-display":"","ast-hfb-mobile-header-display":"","site-post-title":"","ast-breadcrumbs-content":"","ast-featured-img":"","footer-sml-layout":"","theme-transparent-header-meta":"","adv-header-id-meta":"","stick-header-meta":"","header-above-stick-meta":"","header-main-stick-meta":"","header-below-stick-meta":"","astra-migrate-meta-layouts":"default","ast-page-background-enabled":"default","ast-page-background-meta":{"desktop":{"background-color":"var(--ast-global-color-4)","background-image":"","background-repeat":"repeat","background-position":"center center","background-size":"auto","background-attachment":"scroll","background-type":"","background-media":"","overlay-type":"","overlay-color":"","overlay-opacity":"","overlay-gradient":""},"tablet":{"background-color":"","background-image":"","background-repeat":"repeat","background-position":"center center","background-size":"auto","background-attachment":"scroll","background-type":"","background-media":"","overlay-type":"","overlay-color":"","overlay-opacity":"","overlay-gradient":""},"mobile":{"background-color":"","background-image":"","background-repeat":"repeat","background-position":"center center","background-size":"auto","background-attachment":"scroll","background-type":"","background-media":"","overlay-type":"","overlay-color":"","overlay-opacity":"","overlay-gradient":""}},"ast-content-background-meta":{"desktop":{"background-color":"var(--ast-global-color-5)","background-image":"","background-repeat":"repeat","background-position":"center center","background-size":"auto","background-attachment":"scroll","background-type":"","background-media":"","overlay-type":"","overlay-color":"","overlay-opacity":"","overlay-gradient":""},"tablet":{"background-color":"var(--ast-global-color-5)","background-image":"","background-repeat":"repeat","background-position":"center center","background-size":"auto","background-attachment":"scroll","background-type":"","background-media":"","overlay-type":"","overlay-color":"","overlay-opacity":"","overlay-gradient":""},"mobile":{"background-color":"var(--ast-global-color-5)","background-image":"","background-repeat":"repeat","background-position":"center center","background-size":"auto","background-attachment":"scroll","background-type":"","background-media":"","overlay-type":"","overlay-color":"","overlay-opacity":"","overlay-gradient":""}},"footnotes":""},"categories":[8],"tags":[52906,38220],"class_list":["post-129829","post","type-post","status-publish","format-standard","has-post-thumbnail","hentry","category-noticias","tag-jornada-mundial-por-el-cuidado-de-la-creacion","tag-papa-leon-xiv"],"_links":{"self":[{"href":"https:\/\/losperiodistas.com.mx\/portal\/wp-json\/wp\/v2\/posts\/129829","targetHints":{"allow":["GET"]}}],"collection":[{"href":"https:\/\/losperiodistas.com.mx\/portal\/wp-json\/wp\/v2\/posts"}],"about":[{"href":"https:\/\/losperiodistas.com.mx\/portal\/wp-json\/wp\/v2\/types\/post"}],"author":[{"embeddable":true,"href":"https:\/\/losperiodistas.com.mx\/portal\/wp-json\/wp\/v2\/users\/1"}],"replies":[{"embeddable":true,"href":"https:\/\/losperiodistas.com.mx\/portal\/wp-json\/wp\/v2\/comments?post=129829"}],"version-history":[{"count":1,"href":"https:\/\/losperiodistas.com.mx\/portal\/wp-json\/wp\/v2\/posts\/129829\/revisions"}],"predecessor-version":[{"id":129831,"href":"https:\/\/losperiodistas.com.mx\/portal\/wp-json\/wp\/v2\/posts\/129829\/revisions\/129831"}],"wp:featuredmedia":[{"embeddable":true,"href":"https:\/\/losperiodistas.com.mx\/portal\/wp-json\/wp\/v2\/media\/129830"}],"wp:attachment":[{"href":"https:\/\/losperiodistas.com.mx\/portal\/wp-json\/wp\/v2\/media?parent=129829"}],"wp:term":[{"taxonomy":"category","embeddable":true,"href":"https:\/\/losperiodistas.com.mx\/portal\/wp-json\/wp\/v2\/categories?post=129829"},{"taxonomy":"post_tag","embeddable":true,"href":"https:\/\/losperiodistas.com.mx\/portal\/wp-json\/wp\/v2\/tags?post=129829"}],"curies":[{"name":"wp","href":"https:\/\/api.w.org\/{rel}","templated":true}]}}