{"id":129819,"date":"2026-09-02T07:34:48","date_gmt":"2026-09-02T13:34:48","guid":{"rendered":"https:\/\/losperiodistas.com.mx\/portal\/?p=129819"},"modified":"2026-09-02T07:34:50","modified_gmt":"2026-09-02T13:34:50","slug":"iglesia-catolica-y-sociedad-civil-proponen-claves-para-enfrentar-los-retos-educativos-en-mexico-aci","status":"publish","type":"post","link":"https:\/\/losperiodistas.com.mx\/portal\/iglesia-catolica-y-sociedad-civil-proponen-claves-para-enfrentar-los-retos-educativos-en-mexico-aci\/","title":{"rendered":"Iglesia Cat\u00f3lica y sociedad civil proponen claves para enfrentar los retos\u00a0educativos en M\u00e9xico | ACI"},"content":{"rendered":"\n<figure class=\"wp-block-image size-large\"><img fetchpriority=\"high\" decoding=\"async\" width=\"1024\" height=\"640\" src=\"https:\/\/losperiodistas.com.mx\/portal\/wp-content\/uploads\/2026\/09\/AULA1926_jazi2q-1024x640.png\" alt=\"\" class=\"wp-image-129820\" srcset=\"https:\/\/losperiodistas.com.mx\/portal\/wp-content\/uploads\/2026\/09\/AULA1926_jazi2q-1024x640.png 1024w, https:\/\/losperiodistas.com.mx\/portal\/wp-content\/uploads\/2026\/09\/AULA1926_jazi2q-300x188.png 300w, https:\/\/losperiodistas.com.mx\/portal\/wp-content\/uploads\/2026\/09\/AULA1926_jazi2q-768x480.png 768w, https:\/\/losperiodistas.com.mx\/portal\/wp-content\/uploads\/2026\/09\/AULA1926_jazi2q-1536x960.png 1536w, https:\/\/losperiodistas.com.mx\/portal\/wp-content\/uploads\/2026\/09\/AULA1926_jazi2q.png 1600w\" sizes=\"(max-width: 1024px) 100vw, 1024px\" \/><figcaption class=\"wp-element-caption\">Cr\u00e9dito: Pu_kibun \/ Shutterstock<\/figcaption><\/figure>\n\n\n\n<p><a href=\"https:\/\/www.aciprensa.com\/autor\/62\/diego-lopez-colin\"><\/a><\/p>\n\n\n\n<p class=\"has-medium-font-size\">Por\u00a0<a href=\"https:\/\/www.aciprensa.com\/autor\/62\/diego-lopez-colin\">Diego L\u00f3pez Col\u00edn<\/a> \/ ACI Prensa<\/p>\n\n\n\n<p>Ante el inicio del ciclo escolar 2026-2027, la Iglesia Cat\u00f3lica y organizaciones de padres de familia hicieron un llamado a aprovechar el regreso a las aulas para atender los problemas que afectan a ni\u00f1as, ni\u00f1os y adolescentes, desde la formaci\u00f3n y la violencia hasta el rezago educativo, el presupuesto y la calidad de los libros de texto.<\/p>\n\n\n\n<p>Este 31 de agosto, alrededor de 23 millones de estudiantes de educaci\u00f3n b\u00e1sica regresaron a clases en M\u00e9xico. El ciclo escolar concluir\u00e1 el 13 de julio de 2027.<\/p>\n\n\n\n<h2 class=\"wp-block-heading\">Atender las \u201ccrisis en las aulas\u201d<\/h2>\n\n\n\n<p>La Conferencia del Episcopado Mexicano (CEM) advirti\u00f3 que existe una \u201ccrisis en las aulas de manera multifac\u00e9tica\u201d, generada por \u201cla ideolog\u00eda de g\u00e9nero con la que pretenden confundir a los m\u00e1s peque\u00f1os, la exacerbaci\u00f3n del individualismo y la promoci\u00f3n de pr\u00e1cticas en contra de la vida\u201d.<\/p>\n\n\n\n<p><a href=\"https:\/\/x.com\/IglesiaMexico\/status\/2094577929007005704\" target=\"_blank\" rel=\"noreferrer noopener\">En un comunicado<\/a>, los obispos expresaron su expectativa de que exista un \u201ccompromiso firme y valiente de todos los maestros y sus dirigentes a favor de la vida de los ni\u00f1os, de la vida sana, plena y libre de toda violencia\u201d.<\/p>\n\n\n\n<p>\u201cTodos los agentes de la educaci\u00f3n, sean padres de familia, maestros o servidores p\u00fablicos, podemos asumir este nuevo ciclo escolar como una valiosa oportunidad para ayudar a nuestros ni\u00f1os, adolescentes y j\u00f3venes a enfrentar la vida con decisi\u00f3n y esperanza\u201d, se\u00f1alaron los obispos.<\/p>\n\n\n\n<h2 class=\"wp-block-heading\">Mejora de presupuesto<\/h2>\n\n\n\n<p>Por su parte, la Uni\u00f3n Nacional de Padres de Familia (UNPF) indic\u00f3 que es necesario contar con un presupuesto \u201cenfocado a instrumentar la mejora educativa que complemente el apoyo social\u201d.<\/p>\n\n\n\n<p><a href=\"https:\/\/x.com\/SomosUNPF\/status\/2094602953390735640\" target=\"_blank\" rel=\"noreferrer noopener\">A trav\u00e9s de un comunicado<\/a>, su presidente nacional, Israel S\u00e1nchez Mart\u00ednez, remarc\u00f3 que \u201cno basta entregar recursos econ\u00f3micos\u201d, sino tener \u201cinfraestructura digna\u201d.<\/p>\n\n\n\n<p>Indic\u00f3 que, para ello, es necesario contar con docentes con buenos salarios \u201cformados y respaldados en su autoridad en el aula\u201d, adem\u00e1s de tener \u201cmateriales de calidad y con contenidos que ense\u00f1en a leer, a escribir, a pensar y a dominar las ciencias y que podamos dar se\u00f1ales de una franca recuperaci\u00f3n\u201d.<\/p>\n\n\n\n<h2 class=\"wp-block-heading\">Revisi\u00f3n de los libros de texto<\/h2>\n\n\n\n<p>Durante el gobierno del presidente Andr\u00e9s Manuel L\u00f3pez Obrador se&nbsp;<a href=\"https:\/\/www.aciprensa.com\/noticias\/100607\/critican-textos-escolares-sexualizados-con-ideologia-de-genero-y-errores-en-mexico\" target=\"_blank\" rel=\"noreferrer noopener\">implement\u00f3<\/a>&nbsp;la llamada Nueva Escuela Mexicana, un nuevo modelo educativo que modific\u00f3 los planes y programas de estudio y dio paso, para el ciclo escolar 2023-2024, a una nueva familia de Libros de Texto Gratuitos.<\/p>\n\n\n\n<p>Red Familia hizo un llamado a la Secretar\u00eda de Educaci\u00f3n P\u00fablica (SEP) para \u201crevisar y corregir el rumbo\u201d de estas propuestas, colocando \u201cen el centro el aprendizaje, la dignidad y la integridad de los menores de edad\u201d.<\/p>\n\n\n\n<p>La organizaci\u00f3n cuestion\u00f3 los procesos de elaboraci\u00f3n de los materiales y se\u00f1al\u00f3 que existen dudas sobre \u201cla calidad y pertinencia de algunos de sus contenidos\u201d, as\u00ed como \u201cla nula participaci\u00f3n de padres de familia, especialistas y acad\u00e9micos en su revisi\u00f3n\u201d.<\/p>\n\n\n\n<p>Por ello, hizo un llamado a padres de familia para que se \u201cinvolucren m\u00e1s activamente en la revisi\u00f3n de los contenidos de los libros de texto, que cuestionen los temas para sus hijos\u201d.<\/p>\n\n\n\n<p>\u201cLa educaci\u00f3n de nuestras ni\u00f1as y ni\u00f1os merece rigor, calidad y corresponsabilidad\u201d, concluy\u00f3 la organizaci\u00f3n. \u201cSu futuro es demasiado importante para que las decisiones educativas se tomen sin escuchar a sus padres, maestros y especialistas\u201d.<\/p>\n\n\n\n<p>Fuente: <a href=\"https:\/\/www.aciprensa.com\/noticias\/128135\/iglesia-catolica-y-sociedad-civil-proponen-claves-para-enfrentar-los-retos-educativos-en-mexico\">https:\/\/www.aciprensa.com\/noticias\/128135\/iglesia-catolica-y-sociedad-civil-proponen-claves-para-enfrentar-los-retos-educativos-en-mexico<\/a><\/p>\n\n\n\n<p><\/p>\n","protected":false},"excerpt":{"rendered":"<p>Por\u00a0Diego L\u00f3pez Col\u00edn \/ ACI Prensa Ante el inicio del ciclo escolar 2026-2027, la Iglesia Cat\u00f3lica y organizaciones de padres [&hellip;]<\/p>\n","protected":false},"author":1,"featured_media":129820,"comment_status":"open","ping_status":"open","sticky":false,"template":"","format":"standard","meta":{"site-sidebar-layout":"default","site-content-layout":"","ast-site-content-layout":"default","site-content-style":"default","site-sidebar-style":"default","ast-global-header-display":"","ast-banner-title-visibility":"","ast-main-header-display":"","ast-hfb-above-header-display":"","ast-hfb-below-header-display":"","ast-hfb-mobile-header-display":"","site-post-title":"","ast-breadcrumbs-content":"","ast-featured-img":"","footer-sml-layout":"","theme-transparent-header-meta":"","adv-header-id-meta":"","stick-header-meta":"","header-above-stick-meta":"","header-main-stick-meta":"","header-below-stick-meta":"","astra-migrate-meta-layouts":"default","ast-page-background-enabled":"default","ast-page-background-meta":{"desktop":{"background-color":"var(--ast-global-color-4)","background-image":"","background-repeat":"repeat","background-position":"center center","background-size":"auto","background-attachment":"scroll","background-type":"","background-media":"","overlay-type":"","overlay-color":"","overlay-opacity":"","overlay-gradient":""},"tablet":{"background-color":"","background-image":"","background-repeat":"repeat","background-position":"center center","background-size":"auto","background-attachment":"scroll","background-type":"","background-media":"","overlay-type":"","overlay-color":"","overlay-opacity":"","overlay-gradient":""},"mobile":{"background-color":"","background-image":"","background-repeat":"repeat","background-position":"center center","background-size":"auto","background-attachment":"scroll","background-type":"","background-media":"","overlay-type":"","overlay-color":"","overlay-opacity":"","overlay-gradient":""}},"ast-content-background-meta":{"desktop":{"background-color":"var(--ast-global-color-5)","background-image":"","background-repeat":"repeat","background-position":"center center","background-size":"auto","background-attachment":"scroll","background-type":"","background-media":"","overlay-type":"","overlay-color":"","overlay-opacity":"","overlay-gradient":""},"tablet":{"background-color":"var(--ast-global-color-5)","background-image":"","background-repeat":"repeat","background-position":"center center","background-size":"auto","background-attachment":"scroll","background-type":"","background-media":"","overlay-type":"","overlay-color":"","overlay-opacity":"","overlay-gradient":""},"mobile":{"background-color":"var(--ast-global-color-5)","background-image":"","background-repeat":"repeat","background-position":"center center","background-size":"auto","background-attachment":"scroll","background-type":"","background-media":"","overlay-type":"","overlay-color":"","overlay-opacity":"","overlay-gradient":""}},"footnotes":""},"categories":[8],"tags":[7196,52904,52905,17829],"class_list":["post-129819","post","type-post","status-publish","format-standard","has-post-thumbnail","hentry","category-noticias","tag-cem","tag-educacion-catolica-en-mexico","tag-union-nacional-de-padres-de-familia","tag-unpf"],"_links":{"self":[{"href":"https:\/\/losperiodistas.com.mx\/portal\/wp-json\/wp\/v2\/posts\/129819","targetHints":{"allow":["GET"]}}],"collection":[{"href":"https:\/\/losperiodistas.com.mx\/portal\/wp-json\/wp\/v2\/posts"}],"about":[{"href":"https:\/\/losperiodistas.com.mx\/portal\/wp-json\/wp\/v2\/types\/post"}],"author":[{"embeddable":true,"href":"https:\/\/losperiodistas.com.mx\/portal\/wp-json\/wp\/v2\/users\/1"}],"replies":[{"embeddable":true,"href":"https:\/\/losperiodistas.com.mx\/portal\/wp-json\/wp\/v2\/comments?post=129819"}],"version-history":[{"count":1,"href":"https:\/\/losperiodistas.com.mx\/portal\/wp-json\/wp\/v2\/posts\/129819\/revisions"}],"predecessor-version":[{"id":129821,"href":"https:\/\/losperiodistas.com.mx\/portal\/wp-json\/wp\/v2\/posts\/129819\/revisions\/129821"}],"wp:featuredmedia":[{"embeddable":true,"href":"https:\/\/losperiodistas.com.mx\/portal\/wp-json\/wp\/v2\/media\/129820"}],"wp:attachment":[{"href":"https:\/\/losperiodistas.com.mx\/portal\/wp-json\/wp\/v2\/media?parent=129819"}],"wp:term":[{"taxonomy":"category","embeddable":true,"href":"https:\/\/losperiodistas.com.mx\/portal\/wp-json\/wp\/v2\/categories?post=129819"},{"taxonomy":"post_tag","embeddable":true,"href":"https:\/\/losperiodistas.com.mx\/portal\/wp-json\/wp\/v2\/tags?post=129819"}],"curies":[{"name":"wp","href":"https:\/\/api.w.org\/{rel}","templated":true}]}}