{"id":129817,"date":"2026-09-02T07:23:58","date_gmt":"2026-09-02T13:23:58","guid":{"rendered":"https:\/\/losperiodistas.com.mx\/portal\/?p=129817"},"modified":"2026-09-02T07:24:00","modified_gmt":"2026-09-02T13:24:00","slug":"opinion-la-trampa-contra-somos-mexico","status":"publish","type":"post","link":"https:\/\/losperiodistas.com.mx\/portal\/opinion-la-trampa-contra-somos-mexico\/","title":{"rendered":"Opini\u00f3n | La trampa contra Somos M\u00e9xico"},"content":{"rendered":"\n<figure class=\"wp-block-image aligncenter size-full is-resized\"><img fetchpriority=\"high\" decoding=\"async\" width=\"750\" height=\"292\" src=\"https:\/\/losperiodistas.com.mx\/portal\/wp-content\/uploads\/2026\/04\/Captura-de-Pantalla-2021-07-20-a-las-18.51.06.jpg\" alt=\"\" class=\"wp-image-119918\" style=\"width:480px;height:auto\" srcset=\"https:\/\/losperiodistas.com.mx\/portal\/wp-content\/uploads\/2026\/04\/Captura-de-Pantalla-2021-07-20-a-las-18.51.06.jpg 750w, https:\/\/losperiodistas.com.mx\/portal\/wp-content\/uploads\/2026\/04\/Captura-de-Pantalla-2021-07-20-a-las-18.51.06-300x117.jpg 300w\" sizes=\"(max-width: 750px) 100vw, 750px\" \/><\/figure>\n\n\n\n<p class=\"has-vivid-red-color has-text-color has-link-color has-medium-font-size wp-elements-004ea066e50e41bf7142b907c4edc374\"><em><strong>Por: Humberto Aguilar Coronado<\/strong>*<\/em><\/p>\n\n\n\n<p>Giovanni Sartori en su obra \u201c<em>Partidos y sistemas de partidos\u201d<\/em>, advert\u00eda que <em>\u201cLos sistemas electorales y las normas de acceso al poder no son simples instrumentos mec\u00e1nicos, sino el medio a trav\u00e9s del cual la clase pol\u00edtica en el poder intenta estructurar y moldear la competencia a su favor\u201d<\/em>.<\/p>\n\n\n\n<p>Sartori sostiene que las reglas de acceso al sistema pol\u00edtico (como los requisitos de registro, nombres y logotipos) no son neutrales, sino que funcionan como filtros manipulados para que la competencia sea inclinada a su favor y como consecuencia, obstruir el camino de la oposici\u00f3n.<\/p>\n\n\n\n<p>En una democracia participativa, el \u00e1rbitro y los tribunales electorales tienen como funci\u00f3n primordial garantizar la equidad, la certeza y el pluralismo pol\u00edtico.<\/p>\n\n\n\n<p>Sin embargo, cuando esas instituciones, que en el pasado reciente han tomado decisiones a favor del partido gobernante y recurren a pretextos sem\u00e1nticos o a un exceso de regulaci\u00f3n, la sospecha de complicidad se vuelve inevitable.<\/p>\n\n\n\n<p>Recientemente fuimos testigos del purismo institucional del INE con respecto a la solicitud que, para obtener su registro como partido pol\u00edtico, hiciera la organizaci\u00f3n ciudadana Somos M\u00e9xico.<\/p>\n\n\n\n<p>Despu\u00e9s de cumplir con los requisitos que exige la Ley General de Partidos Pol\u00edticos \u2014realizar decenas de asambleas, afiliar a cientos de miles de ciudadanos y fiscalizar minuciosamente sus recursos\u2014, la autoridad electoral resolvi\u00f3 condicionar su registro.<\/p>\n\n\n\n<p>La instrucci\u00f3n fue clara y altamente cuestionable: modificar su nombre, sus colores y su logotipo representativo.<\/p>\n\n\n\n<p>El argumento central fue que en la denominaci\u00f3n Somos M\u00e9xico se conten\u00eda una \u201capropiaci\u00f3n simb\u00f3lica de la identidad nacional\u201d que podr\u00eda generar \u201cconfusi\u00f3n sem\u00e1ntica\u201d en el electorado.<\/p>\n\n\n\n<p>La postura no solo es d\u00e9bil, sino francamente contradictoria cuando se contrasta con la realidad pol\u00edtica de nuestro pa\u00eds.<\/p>\n\n\n\n<p>En el caso de la apropiaci\u00f3n simb\u00f3lica de la identidad nacional, por ejemplo, el PRI ha utilizado los colores de nuestra bandera durante toda su vida pol\u00edtica; el PT utiliza un concepto universal como es el trabajo y el PVEM utiliza el nombre de nuestro pa\u00eds en sus siglas electorales.<\/p>\n\n\n\n<p>\u00bfLa autoridad electoral les exigir\u00e1 modificar el nombre y los colores a esos partidos pol\u00edticos? O ya cuentan con el derecho de tanto, que, en una l\u00f3gica contraria, no implica confusi\u00f3n en el electorado y no ha implicado una apropiaci\u00f3n simb\u00f3lica.<\/p>\n\n\n\n<p>En el caso de \u201clos riesgos de confusi\u00f3n sem\u00e1ntica\u201d y la posibilidad de que los colores induzcan a sesgos identitarios en los votantes, parece un exceso si se considera que el partido gobernante se apropi\u00f3 de una palabra: morena, que en el pueblo de M\u00e9xico s\u00ed representa una carga hist\u00f3rica, simb\u00f3lica y religiosa.<\/p>\n\n\n\n<p>Se argument\u00f3 tambi\u00e9n una \u201cNeutralidad gr\u00e1fica requerida\u00bb, vetando la silueta del mapa del territorio nacional en su emblema, asunto que me hizo recordar la primera propuesta de la Alianza por el Cambio en el a\u00f1o 2000, cuando se prohibi\u00f3 que la silueta del candidato Fox apareciera en el emblema electoral.<\/p>\n\n\n\n<p>Obligar a una organizaci\u00f3n ciudadana a cambiar su nombre, sus colores y su identidad visual, a solo unos meses de las elecciones, no es un asunto menor ni puramente t\u00e9cnico.<\/p>\n\n\n\n<p>Es una decisi\u00f3n que altera la equidad de la contienda. Exigir a una nueva alternativa pol\u00edtica a iniciar desde cero su posicionamiento de marca ante la ciudadan\u00eda, neutraliza el esfuerzo de a\u00f1os de movilizaci\u00f3n e inversi\u00f3n social.<\/p>\n\n\n\n<p>Estamos ante un celo institucional mal entendido de una burocracia electoral que quiere interpretar la ley, para desgastar nuevas alternativas democr\u00e1ticas, antes de que el ciudadano lo decida en las urnas.<\/p>\n\n\n\n<p>Los dados est\u00e1n echados, en este escenario, la que pierde es la democracia.<\/p>\n\n\n\n<p><em>*Es polit\u00f3logo<\/em><\/p>\n\n\n\n<hr class=\"wp-block-separator has-alpha-channel-opacity\"\/>\n\n\n\n<p><strong>+ OPINI\u00d3N: Las opiniones expresadas son responsabilidad del autor<\/strong><\/p>\n","protected":false},"excerpt":{"rendered":"<p>Por: Humberto Aguilar Coronado* Giovanni Sartori en su obra \u201cPartidos y sistemas de partidos\u201d, advert\u00eda que \u201cLos sistemas electorales y [&hellip;]<\/p>\n","protected":false},"author":1,"featured_media":119918,"comment_status":"open","ping_status":"open","sticky":false,"template":"","format":"standard","meta":{"site-sidebar-layout":"default","site-content-layout":"","ast-site-content-layout":"default","site-content-style":"default","site-sidebar-style":"default","ast-global-header-display":"","ast-banner-title-visibility":"","ast-main-header-display":"","ast-hfb-above-header-display":"","ast-hfb-below-header-display":"","ast-hfb-mobile-header-display":"","site-post-title":"","ast-breadcrumbs-content":"","ast-featured-img":"","footer-sml-layout":"","theme-transparent-header-meta":"","adv-header-id-meta":"","stick-header-meta":"","header-above-stick-meta":"","header-main-stick-meta":"","header-below-stick-meta":"","astra-migrate-meta-layouts":"default","ast-page-background-enabled":"default","ast-page-background-meta":{"desktop":{"background-color":"var(--ast-global-color-4)","background-image":"","background-repeat":"repeat","background-position":"center center","background-size":"auto","background-attachment":"scroll","background-type":"","background-media":"","overlay-type":"","overlay-color":"","overlay-opacity":"","overlay-gradient":""},"tablet":{"background-color":"","background-image":"","background-repeat":"repeat","background-position":"center center","background-size":"auto","background-attachment":"scroll","background-type":"","background-media":"","overlay-type":"","overlay-color":"","overlay-opacity":"","overlay-gradient":""},"mobile":{"background-color":"","background-image":"","background-repeat":"repeat","background-position":"center center","background-size":"auto","background-attachment":"scroll","background-type":"","background-media":"","overlay-type":"","overlay-color":"","overlay-opacity":"","overlay-gradient":""}},"ast-content-background-meta":{"desktop":{"background-color":"var(--ast-global-color-5)","background-image":"","background-repeat":"repeat","background-position":"center center","background-size":"auto","background-attachment":"scroll","background-type":"","background-media":"","overlay-type":"","overlay-color":"","overlay-opacity":"","overlay-gradient":""},"tablet":{"background-color":"var(--ast-global-color-5)","background-image":"","background-repeat":"repeat","background-position":"center center","background-size":"auto","background-attachment":"scroll","background-type":"","background-media":"","overlay-type":"","overlay-color":"","overlay-opacity":"","overlay-gradient":""},"mobile":{"background-color":"var(--ast-global-color-5)","background-image":"","background-repeat":"repeat","background-position":"center center","background-size":"auto","background-attachment":"scroll","background-type":"","background-media":"","overlay-type":"","overlay-color":"","overlay-opacity":"","overlay-gradient":""}},"footnotes":""},"categories":[8,18],"tags":[41248],"class_list":["post-129817","post","type-post","status-publish","format-standard","has-post-thumbnail","hentry","category-noticias","category-palabra-de-tigre","tag-somos-mexico"],"_links":{"self":[{"href":"https:\/\/losperiodistas.com.mx\/portal\/wp-json\/wp\/v2\/posts\/129817","targetHints":{"allow":["GET"]}}],"collection":[{"href":"https:\/\/losperiodistas.com.mx\/portal\/wp-json\/wp\/v2\/posts"}],"about":[{"href":"https:\/\/losperiodistas.com.mx\/portal\/wp-json\/wp\/v2\/types\/post"}],"author":[{"embeddable":true,"href":"https:\/\/losperiodistas.com.mx\/portal\/wp-json\/wp\/v2\/users\/1"}],"replies":[{"embeddable":true,"href":"https:\/\/losperiodistas.com.mx\/portal\/wp-json\/wp\/v2\/comments?post=129817"}],"version-history":[{"count":1,"href":"https:\/\/losperiodistas.com.mx\/portal\/wp-json\/wp\/v2\/posts\/129817\/revisions"}],"predecessor-version":[{"id":129818,"href":"https:\/\/losperiodistas.com.mx\/portal\/wp-json\/wp\/v2\/posts\/129817\/revisions\/129818"}],"wp:featuredmedia":[{"embeddable":true,"href":"https:\/\/losperiodistas.com.mx\/portal\/wp-json\/wp\/v2\/media\/119918"}],"wp:attachment":[{"href":"https:\/\/losperiodistas.com.mx\/portal\/wp-json\/wp\/v2\/media?parent=129817"}],"wp:term":[{"taxonomy":"category","embeddable":true,"href":"https:\/\/losperiodistas.com.mx\/portal\/wp-json\/wp\/v2\/categories?post=129817"},{"taxonomy":"post_tag","embeddable":true,"href":"https:\/\/losperiodistas.com.mx\/portal\/wp-json\/wp\/v2\/tags?post=129817"}],"curies":[{"name":"wp","href":"https:\/\/api.w.org\/{rel}","templated":true}]}}