{"id":129813,"date":"2026-09-02T05:29:14","date_gmt":"2026-09-02T11:29:14","guid":{"rendered":"https:\/\/losperiodistas.com.mx\/portal\/?p=129813"},"modified":"2026-09-02T05:29:15","modified_gmt":"2026-09-02T11:29:15","slug":"el-alma-detras-de-la-actriz-generada-por-ia-tilly-norwood-no-compite-contra-los-humanos-efe","status":"publish","type":"post","link":"https:\/\/losperiodistas.com.mx\/portal\/el-alma-detras-de-la-actriz-generada-por-ia-tilly-norwood-no-compite-contra-los-humanos-efe\/","title":{"rendered":"El alma detr\u00e1s de la actriz generada por IA Tilly Norwood: \u00abNo compite contra los humanos\u00bb | EFE"},"content":{"rendered":"\n<figure class=\"wp-block-image size-full\"><img fetchpriority=\"high\" decoding=\"async\" width=\"900\" height=\"497\" src=\"https:\/\/losperiodistas.com.mx\/portal\/wp-content\/uploads\/2026\/09\/actriz-ia.jpeg\" alt=\"\" class=\"wp-image-129815\" srcset=\"https:\/\/losperiodistas.com.mx\/portal\/wp-content\/uploads\/2026\/09\/actriz-ia.jpeg 900w, https:\/\/losperiodistas.com.mx\/portal\/wp-content\/uploads\/2026\/09\/actriz-ia-300x166.jpeg 300w, https:\/\/losperiodistas.com.mx\/portal\/wp-content\/uploads\/2026\/09\/actriz-ia-768x424.jpeg 768w\" sizes=\"(max-width: 900px) 100vw, 900px\" \/><figcaption class=\"wp-element-caption\">La actriz Tilly Norwood, generada con inteligencia artificial. EFE\/ Particle6<\/figcaption><\/figure>\n\n\n\n<p class=\"has-vivid-red-color has-text-color has-link-color has-medium-font-size wp-elements-cdd21902bbb2834a50924ca6b3068634\"><strong>Ra\u00fal Bob\u00e9 |<\/strong> <strong>EFE<\/strong><\/p>\n\n\n\n<p>Londres (EFE).- La actriz Tilly Norwood, generada con inteligencia artificial (IA), ha revolucionado la industria cinematogr\u00e1fica sin haber estrenado todav\u00eda su primera pel\u00edcula, pero su creadora, la neerlandesa Eline van der Velden, asegura en una entrevista con EFE que no est\u00e1 dise\u00f1ada para imitar a nadie ni pretende \u00abcompetir\u00bb con los humanos.<\/p>\n\n\n\n<p>En septiembre de 2025, durante el Festival de Cine de Z\u00farich (Suiza), la productora brit\u00e1nica de Van der Velden, Particle6, present\u00f3 a su nueva estrella virtual como \u00abla pr\u00f3xima Scarlett Johannson o Natalie Portman\u00bb, causando un&nbsp;<a href=\"https:\/\/efe.com\/cultura\/2026-01-23\/artistas-firman-carta-contra-uso-ia-inteligencia-artificial\/\" target=\"_blank\" rel=\"noreferrer noopener\">enorme revuelo en Hollywood<\/a>.<\/p>\n\n\n\n<p>El sindicato estadounidense de actores SAG-AFTRA se opuso con dureza a Norwood y asegur\u00f3 que su existencia pon\u00eda en peligro el trabajo y el sustento de los artistas.<\/p>\n\n\n\n<figure class=\"wp-block-embed is-type-video is-provider-youtube wp-block-embed-youtube wp-embed-aspect-16-9 wp-has-aspect-ratio\"><div class=\"wp-block-embed__wrapper\">\n<iframe title=\"La actriz Tilly Norwood, generada con IA, revoluciona la industria del cine\" width=\"500\" height=\"281\" src=\"https:\/\/www.youtube.com\/embed\/i8bwrHxRXAM?feature=oembed\" frameborder=\"0\" allow=\"accelerometer; autoplay; clipboard-write; encrypted-media; gyroscope; picture-in-picture; web-share\" referrerpolicy=\"strict-origin-when-cross-origin\" allowfullscreen><\/iframe>\n<\/div><\/figure>\n\n\n\n<p>Un a\u00f1o despu\u00e9s, tras recibir incluso amenazas de muerte y con la actriz sint\u00e9tica preparando su debut en el&nbsp;<a href=\"https:\/\/efe.com\/noticias\/cine\/\" target=\"_blank\" rel=\"noreferrer noopener\">cine<\/a>&nbsp;con \u2018Misaligned\u2019, Van der Velden afirma a EFE que \u00abser\u00eda una tonter\u00eda pensar que Tilly podr\u00eda competir contra los humanos en la misma categor\u00eda\u00bb en grandes festivales o premios y que \u00abhay espacio para todos\u00bb en el futuro del cine.<\/p>\n\n\n\n<p>A su juicio, la IA ha llegado para quedarse y la industria est\u00e1 todav\u00eda adapt\u00e1ndose \u00aba paso lento pero firme\u00bb a esta tecnolog\u00eda, que ella ve como una nueva forma para poder producir y contar historias de calidad con menor presupuesto.<\/p>\n\n\n\n<p>La equipara a las pel\u00edculas de animaci\u00f3n y defiende que si los espectadores son capaces de empatizar con personajes como Elsa, de \u2018Frozen\u2019, tambi\u00e9n podr\u00e1n llegar a hacerlo alg\u00fan d\u00eda con los de Tilly.<\/p>\n\n\n\n<h2 class=\"wp-block-heading\" id=\"h-una-chispa-humana\">Una \u2018chispa\u2019 humana<\/h2>\n\n\n\n<p>\u00abCuando hablan de m\u00ed, no ven la chispa humana, la creatividad. Detr\u00e1s del c\u00f3digo y la luz, soy solo una herramienta, pero tengo vida\u00bb, canta la propia Norwood en su videoclip \u2018Take the lead\u2019, en cuyo estribillo afirma que&nbsp;<a href=\"https:\/\/efe.com\/noticias\/inteligencia-artificial\/\" target=\"_blank\" rel=\"noreferrer noopener\">la IA<\/a>&nbsp;\u00abno es el enemigo\u00bb, sino \u00abla clave\u00bb.<\/p>\n\n\n\n<p>Esa \u00abchispa humana\u00bb de la que habla este avatar es la de Van der Velden y el resto de su equipo. La experiencia de la neerlandesa como actriz en la BBC -antes de fundar en 2016 su propio estudio, Particle6, reconvertido posteriormente en una productora de IA- tambi\u00e9n ha sido crucial a la hora de dar vida a Tilly.<\/p>\n\n\n\n<figure class=\"wp-block-image\"><img decoding=\"async\" src=\"https:\/\/i0.wp.com\/efe.com\/wp-content\/uploads\/2026\/09\/actriz-inteligencia-artificial.webp?resize=900%2C600&amp;ssl=1\" alt=\"actriz IA Inteligencia Artificial cine\" class=\"wp-image-2835290\"\/><figcaption class=\"wp-element-caption\">Eline van der Velden. EFE\/ Particle6<\/figcaption><\/figure>\n\n\n\n<p>Podr\u00eda decirse que es como su alma, pues la molde\u00f3 desde cero y trabajando mano a mano con ChatGPT, que le recomend\u00f3 proyectar la imagen de una chica brit\u00e1nica \u00abmuy sana\u00bb, con la edad \u00abexacta\u00bb para protagonizar su primera pel\u00edcula y una cercan\u00eda natural, como la \u00abvecina de al lado\u00bb.<\/p>\n\n\n\n<p>Del mismo modo, es la encargada de \u2018capturar\u2019 sus movimientos y expresiones, as\u00ed como de controlar creativamente su actuaci\u00f3n, nutrida -asegura- solo con herramientas de dominio p\u00fablico y bajo una estricta pol\u00edtica que no permite utilizar material con derechos de autor.<\/p>\n\n\n\n<figure class=\"wp-block-embed is-type-wp-embed is-provider-efe-noticias wp-block-embed-efe-noticias\"><div class=\"wp-block-embed__wrapper\">\n<blockquote class=\"wp-embedded-content\" data-secret=\"fk6IIqUC8E\"><a href=\"https:\/\/efe.com\/cultura\/2026-01-23\/artistas-firman-carta-contra-uso-ia-inteligencia-artificial\/\">Scarlett Johansson y Cate Blanchett entre los 700 artistas que apoyan una campa\u00f1a contra el uso de la Inteligencia Artificial (IA)<\/a><\/blockquote><iframe class=\"wp-embedded-content\" sandbox=\"allow-scripts\" security=\"restricted\" style=\"position: absolute; visibility: hidden;\" title=\"\u00abScarlett Johansson y Cate Blanchett entre los 700 artistas que apoyan una campa\u00f1a contra el uso de la Inteligencia Artificial (IA)\u00bb \u2014 EFE Noticias\" src=\"https:\/\/efe.com\/cultura\/2026-01-23\/artistas-firman-carta-contra-uso-ia-inteligencia-artificial\/embed\/#?secret=EdCY6Up5Bt#?secret=fk6IIqUC8E\" data-secret=\"fk6IIqUC8E\" width=\"500\" height=\"282\" frameborder=\"0\" marginwidth=\"0\" marginheight=\"0\" scrolling=\"no\"><\/iframe>\n<\/div><\/figure>\n\n\n\n<p>\u00abTilly no fue creada ni est\u00e1 entrenada para imitar a ninguna persona espec\u00edfica. Est\u00e1 pensada para ser original\u00bb, afirma Van der Velden.<\/p>\n\n\n\n<h2 class=\"wp-block-heading\" id=\"h-una-realidad-no-tan-distopica\">Una realidad (no tan) dist\u00f3pica<\/h2>\n\n\n\n<p>La historia de Norwood y de Particle6 recuerda inevitablemente a algunos episodios de \u2018Black Mirror\u2019, como \u2018Hotel Reverie\u2019 (que se centra en una productora que reimagina un filme cl\u00e1sico con IA), y demuestran que lo que en la pantalla parec\u00eda algo dist\u00f3pico es ya una realidad.<\/p>\n\n\n\n<p>\u00abLa tecnolog\u00eda ya est\u00e1 aqu\u00ed y quiero mostr\u00e1rsela a la industria creativa, pero creando empleos, no elimin\u00e1ndolos\u00bb, defiende Van der Velden. La mera existencia de Tilly Norwood ha generado 40 puestos de trabajo nuevos en su plantilla, y asegura que vendr\u00e1n m\u00e1s.<\/p>\n\n\n\n<figure class=\"wp-block-embed is-type-wp-embed is-provider-efe-noticias wp-block-embed-efe-noticias\"><div class=\"wp-block-embed__wrapper\">\n<blockquote class=\"wp-embedded-content\" data-secret=\"bWW3WUqSyD\"><a href=\"https:\/\/efe.com\/cultura\/2026-05-08\/globos-de-oro-ia\/\">Los Globos de Oro permiten el uso de IA, pero vetan actuaciones generadas artificialmente<\/a><\/blockquote><iframe class=\"wp-embedded-content\" sandbox=\"allow-scripts\" security=\"restricted\" style=\"position: absolute; visibility: hidden;\" title=\"\u00abLos Globos de Oro permiten el uso de IA, pero vetan actuaciones generadas artificialmente\u00bb \u2014 EFE Noticias\" src=\"https:\/\/efe.com\/cultura\/2026-05-08\/globos-de-oro-ia\/embed\/#?secret=1pcSSMnK8m#?secret=bWW3WUqSyD\" data-secret=\"bWW3WUqSyD\" width=\"500\" height=\"282\" frameborder=\"0\" marginwidth=\"0\" marginheight=\"0\" scrolling=\"no\"><\/iframe>\n<\/div><\/figure>\n\n\n\n<p>En esta l\u00ednea, dice que la IA ha sido demonizada por toda la \u00abbazofia\u00bb de contenido que hay en las redes sociales, pero que cuando est\u00e1 en manos de cineastas, guionistas y directores de fotograf\u00eda talentosos, es capaz de lograr un resultado brillante. Eso s\u00ed, pulir el producto final, lleva tiempo.<\/p>\n\n\n\n<p>\u00abLa gente piensa que es solo pulsarle a un bot\u00f3n y ya est\u00e1 terminado\u00bb, comenta Van der Velden. Ella calcula que una producci\u00f3n como \u2018Misaligned\u2019, el debut de Norwood, necesitar\u00e1 m\u00e1s de 12 meses y un gran equipo de personas para conseguir las tomas perfectas y que la historia fluya exactamente como se ha ideado.<\/p>\n\n\n\n<p>\u00abEl futuro consiste en que las personas y las m\u00e1quinas trabajen juntas. Es entonces cuando consigues los mejores resultados\u00bb, sostiene la neerlandesa.<\/p>\n\n\n\n<p>Bajo esta premisa, est\u00e1 convencida de que, no muy tarde, surgir\u00e1 un \u2018taquillazo\u2019 con una pel\u00edcula hecha con IA que se valorar\u00e1 por la historia que cuente y no por la tecnolog\u00eda empleada; as\u00ed como de que el cine se transformar\u00e1, y acoger\u00e1 a figuras como Norwood, sin perder su esencia humana.<\/p>\n\n\n\n<p>Fuente: <a href=\"https:\/\/efe.com\/otras-noticias-espana\/2026-09-02\/actriz-generada-ia-tilly-norwood\/\">https:\/\/efe.com\/otras-noticias-espana\/2026-09-02\/actriz-generada-ia-tilly-norwood\/<\/a><\/p>\n","protected":false},"excerpt":{"rendered":"<p>Ra\u00fal Bob\u00e9 | EFE Londres (EFE).- La actriz Tilly Norwood, generada con inteligencia artificial (IA), ha revolucionado la industria cinematogr\u00e1fica [&hellip;]<\/p>\n","protected":false},"author":1,"featured_media":129815,"comment_status":"open","ping_status":"open","sticky":false,"template":"","format":"standard","meta":{"site-sidebar-layout":"default","site-content-layout":"","ast-site-content-layout":"default","site-content-style":"default","site-sidebar-style":"default","ast-global-header-display":"","ast-banner-title-visibility":"","ast-main-header-display":"","ast-hfb-above-header-display":"","ast-hfb-below-header-display":"","ast-hfb-mobile-header-display":"","site-post-title":"","ast-breadcrumbs-content":"","ast-featured-img":"","footer-sml-layout":"","theme-transparent-header-meta":"","adv-header-id-meta":"","stick-header-meta":"","header-above-stick-meta":"","header-main-stick-meta":"","header-below-stick-meta":"","astra-migrate-meta-layouts":"default","ast-page-background-enabled":"default","ast-page-background-meta":{"desktop":{"background-color":"var(--ast-global-color-4)","background-image":"","background-repeat":"repeat","background-position":"center center","background-size":"auto","background-attachment":"scroll","background-type":"","background-media":"","overlay-type":"","overlay-color":"","overlay-opacity":"","overlay-gradient":""},"tablet":{"background-color":"","background-image":"","background-repeat":"repeat","background-position":"center center","background-size":"auto","background-attachment":"scroll","background-type":"","background-media":"","overlay-type":"","overlay-color":"","overlay-opacity":"","overlay-gradient":""},"mobile":{"background-color":"","background-image":"","background-repeat":"repeat","background-position":"center center","background-size":"auto","background-attachment":"scroll","background-type":"","background-media":"","overlay-type":"","overlay-color":"","overlay-opacity":"","overlay-gradient":""}},"ast-content-background-meta":{"desktop":{"background-color":"var(--ast-global-color-5)","background-image":"","background-repeat":"repeat","background-position":"center center","background-size":"auto","background-attachment":"scroll","background-type":"","background-media":"","overlay-type":"","overlay-color":"","overlay-opacity":"","overlay-gradient":""},"tablet":{"background-color":"var(--ast-global-color-5)","background-image":"","background-repeat":"repeat","background-position":"center center","background-size":"auto","background-attachment":"scroll","background-type":"","background-media":"","overlay-type":"","overlay-color":"","overlay-opacity":"","overlay-gradient":""},"mobile":{"background-color":"var(--ast-global-color-5)","background-image":"","background-repeat":"repeat","background-position":"center center","background-size":"auto","background-attachment":"scroll","background-type":"","background-media":"","overlay-type":"","overlay-color":"","overlay-opacity":"","overlay-gradient":""}},"footnotes":""},"categories":[8],"tags":[52901,52902,52903],"class_list":["post-129813","post","type-post","status-publish","format-standard","has-post-thumbnail","hentry","category-noticias","tag-actriz-de-ia-tilly-norwood","tag-eline-van-der-velden","tag-particle6"],"_links":{"self":[{"href":"https:\/\/losperiodistas.com.mx\/portal\/wp-json\/wp\/v2\/posts\/129813","targetHints":{"allow":["GET"]}}],"collection":[{"href":"https:\/\/losperiodistas.com.mx\/portal\/wp-json\/wp\/v2\/posts"}],"about":[{"href":"https:\/\/losperiodistas.com.mx\/portal\/wp-json\/wp\/v2\/types\/post"}],"author":[{"embeddable":true,"href":"https:\/\/losperiodistas.com.mx\/portal\/wp-json\/wp\/v2\/users\/1"}],"replies":[{"embeddable":true,"href":"https:\/\/losperiodistas.com.mx\/portal\/wp-json\/wp\/v2\/comments?post=129813"}],"version-history":[{"count":1,"href":"https:\/\/losperiodistas.com.mx\/portal\/wp-json\/wp\/v2\/posts\/129813\/revisions"}],"predecessor-version":[{"id":129816,"href":"https:\/\/losperiodistas.com.mx\/portal\/wp-json\/wp\/v2\/posts\/129813\/revisions\/129816"}],"wp:featuredmedia":[{"embeddable":true,"href":"https:\/\/losperiodistas.com.mx\/portal\/wp-json\/wp\/v2\/media\/129815"}],"wp:attachment":[{"href":"https:\/\/losperiodistas.com.mx\/portal\/wp-json\/wp\/v2\/media?parent=129813"}],"wp:term":[{"taxonomy":"category","embeddable":true,"href":"https:\/\/losperiodistas.com.mx\/portal\/wp-json\/wp\/v2\/categories?post=129813"},{"taxonomy":"post_tag","embeddable":true,"href":"https:\/\/losperiodistas.com.mx\/portal\/wp-json\/wp\/v2\/tags?post=129813"}],"curies":[{"name":"wp","href":"https:\/\/api.w.org\/{rel}","templated":true}]}}