{"id":129768,"date":"2026-09-01T12:36:42","date_gmt":"2026-09-01T18:36:42","guid":{"rendered":"https:\/\/losperiodistas.com.mx\/portal\/?p=129768"},"modified":"2026-09-01T12:36:43","modified_gmt":"2026-09-01T18:36:43","slug":"colocan-alejandro-armenta-y-pepe-chedraui-bando-solemne-de-las-fiestas-patrias-2026-en-el-palacio-municipal","status":"publish","type":"post","link":"https:\/\/losperiodistas.com.mx\/portal\/colocan-alejandro-armenta-y-pepe-chedraui-bando-solemne-de-las-fiestas-patrias-2026-en-el-palacio-municipal\/","title":{"rendered":"Colocan Alejandro Armenta y Pepe Chedraui Bando Solemne de las Fiestas Patrias 2026 en el Palacio Municipal"},"content":{"rendered":"\n<p class=\"has-vivid-green-cyan-background-color has-background has-medium-font-size\">Junto con el gobernador, encabez\u00f3 la primera guardia de honor ante el L\u00e1baro Patrio<\/p>\n\n\n\n<figure class=\"wp-block-image size-large\"><img fetchpriority=\"high\" decoding=\"async\" width=\"1024\" height=\"682\" src=\"https:\/\/losperiodistas.com.mx\/portal\/wp-content\/uploads\/2026\/09\/WhatsApp-Image-2026-09-01-at-09.52.46-1024x682.jpeg\" alt=\"\" class=\"wp-image-129769\" srcset=\"https:\/\/losperiodistas.com.mx\/portal\/wp-content\/uploads\/2026\/09\/WhatsApp-Image-2026-09-01-at-09.52.46-1024x682.jpeg 1024w, https:\/\/losperiodistas.com.mx\/portal\/wp-content\/uploads\/2026\/09\/WhatsApp-Image-2026-09-01-at-09.52.46-300x200.jpeg 300w, https:\/\/losperiodistas.com.mx\/portal\/wp-content\/uploads\/2026\/09\/WhatsApp-Image-2026-09-01-at-09.52.46-768x512.jpeg 768w, https:\/\/losperiodistas.com.mx\/portal\/wp-content\/uploads\/2026\/09\/WhatsApp-Image-2026-09-01-at-09.52.46.jpeg 1280w\" sizes=\"(max-width: 1024px) 100vw, 1024px\" \/><\/figure>\n\n\n\n<p><\/p>\n\n\n\n<p class=\"has-vivid-red-color has-text-color has-link-color has-medium-font-size wp-elements-cb8ef1f83e4686ff6146294253e3f2fa\"><strong>Comunicado <\/strong><\/p>\n\n\n\n<p>Puebla, Pue., 01 de septiembre de 2026.- Junto con el gobernador del estado, Alejandro Armenta, el presidente municipal, Pepe Chedraui, coloc\u00f3 el Bando Solemne de Fiestas Patrias 2026 en la entrada de Palacio Municipal, en el marco de la ceremonia de lectura, donde se dieron a conocer las actividades programadas durante septiembre para conmemorar el 216 Aniversario de la Independencia de M\u00e9xico.<\/p>\n\n\n\n<p>Al realizar la lectura del bando el alcalde destac\u00f3 que La Independencia no fue solamente un episodio militar ni una sucesi\u00f3n de nombres y fechas, afirm\u00f3 que fue una decisi\u00f3n colectiva de mujeres y hombres que entendieron que hab\u00eda llegado el momento de transformar una realidad que ya no respond\u00eda a las aspiraciones del pueblo.<\/p>\n\n\n\n<p>Precis\u00f3 que en el Gobierno de la Ciudad tiene claro que Puebla necesita coordinaci\u00f3n, di\u00e1logo y trabajo conjunto; asimismo, que la relaci\u00f3n entre los tres \u00f3rdenes de gobierno debe estar siempre en el centro de nuestra actividad gubernamental y esto con el objetivo de dar resultados a las y los poblanos.<\/p>\n\n\n\n<p>\u201cBajo el liderazgo de la presidenta de M\u00e9xico, la doctora Claudia Sheinbaum y en coordinaci\u00f3n con el gobernador del estado Alejandro Armenta, seguiremos sumando esfuerzos para que Puebla avance, para que tenga mejores oportunidades y para que nuestra ciudad est\u00e9 a la altura de lo que las y los poblanos merecen. Porque gobernar es servir. Gobernar es escuchar. Gobernar es estar cerca de quien lo necesita\u201d, dijo.<\/p>\n\n\n\n<figure class=\"wp-block-image size-large\"><img decoding=\"async\" width=\"1024\" height=\"682\" src=\"https:\/\/losperiodistas.com.mx\/portal\/wp-content\/uploads\/2026\/09\/WhatsApp-Image-2026-09-01-at-09.52.45-1024x682.jpeg\" alt=\"\" class=\"wp-image-129770\" srcset=\"https:\/\/losperiodistas.com.mx\/portal\/wp-content\/uploads\/2026\/09\/WhatsApp-Image-2026-09-01-at-09.52.45-1024x682.jpeg 1024w, https:\/\/losperiodistas.com.mx\/portal\/wp-content\/uploads\/2026\/09\/WhatsApp-Image-2026-09-01-at-09.52.45-300x200.jpeg 300w, https:\/\/losperiodistas.com.mx\/portal\/wp-content\/uploads\/2026\/09\/WhatsApp-Image-2026-09-01-at-09.52.45-768x512.jpeg 768w, https:\/\/losperiodistas.com.mx\/portal\/wp-content\/uploads\/2026\/09\/WhatsApp-Image-2026-09-01-at-09.52.45.jpeg 1280w\" sizes=\"(max-width: 1024px) 100vw, 1024px\" \/><\/figure>\n\n\n\n<p>Despu\u00e9s de la ceremonia de lectura del Bando Solemne, encabezada en el Z\u00f3calo de la Ciudad por el mandatario estatal, el alcalde realiz\u00f3 la primera guardia de honor ante el L\u00e1baro Patrio en el Palacio Municipal.<\/p>\n\n\n\n<p>Dentro de las actividades se encuentran ceremonias conmemorativas al 164 Aniversario Luctuoso del General Ignacio Zaragoza; 240 Aniversario del Natalicio de Nicol\u00e1s Bravo; 179 aniversario de la gesta heroica de los Ni\u00f1os H\u00e9roes de Chapultepec; 216 Aniversario del Grito de Independencia de 1810; 216 Aniversario de la Independencia de M\u00e9xico; 205 Aniversario de la Consumaci\u00f3n de la Independencia M\u00e9xico; y 261 Aniversario del Natalicio del General Jos\u00e9 Mar\u00eda Morelos y Pav\u00f3n, entre otras.<\/p>\n\n\n\n<p>Asimismo, el presidente municipal, Pepe Chedraui, acompa\u00f1\u00f3 a representantes de los poderes Ejecutivo, Legislativo y Judicial en la colocaci\u00f3n del Bando Solemne en el Palacio de Justicia, el Congreso del Estado y Casa Aguayo.<\/p>\n","protected":false},"excerpt":{"rendered":"<p>Junto con el gobernador, encabez\u00f3 la primera guardia de honor ante el L\u00e1baro Patrio Comunicado Puebla, Pue., 01 de septiembre [&hellip;]<\/p>\n","protected":false},"author":1,"featured_media":129769,"comment_status":"open","ping_status":"open","sticky":false,"template":"","format":"standard","meta":{"site-sidebar-layout":"default","site-content-layout":"","ast-site-content-layout":"default","site-content-style":"default","site-sidebar-style":"default","ast-global-header-display":"","ast-banner-title-visibility":"","ast-main-header-display":"","ast-hfb-above-header-display":"","ast-hfb-below-header-display":"","ast-hfb-mobile-header-display":"","site-post-title":"","ast-breadcrumbs-content":"","ast-featured-img":"","footer-sml-layout":"","theme-transparent-header-meta":"","adv-header-id-meta":"","stick-header-meta":"","header-above-stick-meta":"","header-main-stick-meta":"","header-below-stick-meta":"","astra-migrate-meta-layouts":"default","ast-page-background-enabled":"default","ast-page-background-meta":{"desktop":{"background-color":"var(--ast-global-color-4)","background-image":"","background-repeat":"repeat","background-position":"center center","background-size":"auto","background-attachment":"scroll","background-type":"","background-media":"","overlay-type":"","overlay-color":"","overlay-opacity":"","overlay-gradient":""},"tablet":{"background-color":"","background-image":"","background-repeat":"repeat","background-position":"center center","background-size":"auto","background-attachment":"scroll","background-type":"","background-media":"","overlay-type":"","overlay-color":"","overlay-opacity":"","overlay-gradient":""},"mobile":{"background-color":"","background-image":"","background-repeat":"repeat","background-position":"center center","background-size":"auto","background-attachment":"scroll","background-type":"","background-media":"","overlay-type":"","overlay-color":"","overlay-opacity":"","overlay-gradient":""}},"ast-content-background-meta":{"desktop":{"background-color":"var(--ast-global-color-5)","background-image":"","background-repeat":"repeat","background-position":"center center","background-size":"auto","background-attachment":"scroll","background-type":"","background-media":"","overlay-type":"","overlay-color":"","overlay-opacity":"","overlay-gradient":""},"tablet":{"background-color":"var(--ast-global-color-5)","background-image":"","background-repeat":"repeat","background-position":"center center","background-size":"auto","background-attachment":"scroll","background-type":"","background-media":"","overlay-type":"","overlay-color":"","overlay-opacity":"","overlay-gradient":""},"mobile":{"background-color":"var(--ast-global-color-5)","background-image":"","background-repeat":"repeat","background-position":"center center","background-size":"auto","background-attachment":"scroll","background-type":"","background-media":"","overlay-type":"","overlay-color":"","overlay-opacity":"","overlay-gradient":""}},"footnotes":""},"categories":[8],"tags":[25788,3947],"class_list":["post-129768","post","type-post","status-publish","format-standard","has-post-thumbnail","hentry","category-noticias","tag-pepechedraui","tag-fiestas-patrias-puebla"],"_links":{"self":[{"href":"https:\/\/losperiodistas.com.mx\/portal\/wp-json\/wp\/v2\/posts\/129768","targetHints":{"allow":["GET"]}}],"collection":[{"href":"https:\/\/losperiodistas.com.mx\/portal\/wp-json\/wp\/v2\/posts"}],"about":[{"href":"https:\/\/losperiodistas.com.mx\/portal\/wp-json\/wp\/v2\/types\/post"}],"author":[{"embeddable":true,"href":"https:\/\/losperiodistas.com.mx\/portal\/wp-json\/wp\/v2\/users\/1"}],"replies":[{"embeddable":true,"href":"https:\/\/losperiodistas.com.mx\/portal\/wp-json\/wp\/v2\/comments?post=129768"}],"version-history":[{"count":1,"href":"https:\/\/losperiodistas.com.mx\/portal\/wp-json\/wp\/v2\/posts\/129768\/revisions"}],"predecessor-version":[{"id":129771,"href":"https:\/\/losperiodistas.com.mx\/portal\/wp-json\/wp\/v2\/posts\/129768\/revisions\/129771"}],"wp:featuredmedia":[{"embeddable":true,"href":"https:\/\/losperiodistas.com.mx\/portal\/wp-json\/wp\/v2\/media\/129769"}],"wp:attachment":[{"href":"https:\/\/losperiodistas.com.mx\/portal\/wp-json\/wp\/v2\/media?parent=129768"}],"wp:term":[{"taxonomy":"category","embeddable":true,"href":"https:\/\/losperiodistas.com.mx\/portal\/wp-json\/wp\/v2\/categories?post=129768"},{"taxonomy":"post_tag","embeddable":true,"href":"https:\/\/losperiodistas.com.mx\/portal\/wp-json\/wp\/v2\/tags?post=129768"}],"curies":[{"name":"wp","href":"https:\/\/api.w.org\/{rel}","templated":true}]}}