{"id":129765,"date":"2026-09-01T11:33:42","date_gmt":"2026-09-01T17:33:42","guid":{"rendered":"https:\/\/losperiodistas.com.mx\/portal\/?p=129765"},"modified":"2026-09-01T11:33:43","modified_gmt":"2026-09-01T17:33:43","slug":"opinion-desapariciones-en-mexico-avances-deudas-y-la-necesidad-de-prevenir","status":"publish","type":"post","link":"https:\/\/losperiodistas.com.mx\/portal\/opinion-desapariciones-en-mexico-avances-deudas-y-la-necesidad-de-prevenir\/","title":{"rendered":"Opini\u00f3n | Desapariciones en M\u00e9xico: avances, deudas y la necesidad de prevenir"},"content":{"rendered":"\n<p class=\"has-medium-font-size\">Este 30 de agosto conmemoramos el D\u00eda Internacional de las V\u00edctimas de Desapariciones Forzadas. En M\u00e9xico, hay avances institucionales, deudas con las v\u00edctimas y necesidad de prevenci\u00f3n<\/p>\n\n\n\n<figure class=\"wp-block-image size-large\"><img fetchpriority=\"high\" decoding=\"async\" width=\"1024\" height=\"533\" src=\"https:\/\/losperiodistas.com.mx\/portal\/wp-content\/uploads\/2026\/09\/Desapariciones-en-Mexico_-avances-deudas-y-la-necesidad-de-prevenir-1-1024x533.webp\" alt=\"\" class=\"wp-image-129766\" srcset=\"https:\/\/losperiodistas.com.mx\/portal\/wp-content\/uploads\/2026\/09\/Desapariciones-en-Mexico_-avances-deudas-y-la-necesidad-de-prevenir-1-1024x533.webp 1024w, https:\/\/losperiodistas.com.mx\/portal\/wp-content\/uploads\/2026\/09\/Desapariciones-en-Mexico_-avances-deudas-y-la-necesidad-de-prevenir-1-300x156.webp 300w, https:\/\/losperiodistas.com.mx\/portal\/wp-content\/uploads\/2026\/09\/Desapariciones-en-Mexico_-avances-deudas-y-la-necesidad-de-prevenir-1-768x400.webp 768w, https:\/\/losperiodistas.com.mx\/portal\/wp-content\/uploads\/2026\/09\/Desapariciones-en-Mexico_-avances-deudas-y-la-necesidad-de-prevenir-1.webp 1200w\" sizes=\"(max-width: 1024px) 100vw, 1024px\" \/><\/figure>\n\n\n\n<p class=\"has-medium-font-size\">Por <strong><a href=\"https:\/\/www.angulo7.com.mx\/author\/luis\/\">Luis Soriano Peregrina<\/a><\/strong><\/p>\n\n\n\n<p>Este 30 de agosto conmemoramos el&nbsp;<strong>D\u00eda Internacional de las V\u00edctimas de Desapariciones Forzadas<\/strong>. Es inevitable preguntarnos qu\u00e9 ha hecho M\u00e9xico, en qu\u00e9 hemos avanzado y cu\u00e1les siguen siendo nuestras deudas con las personas desaparecidas y sus familias.<\/p>\n\n\n\n<p>Hay que partir de d\u00f3nde est\u00e1bamos. En el periodo de Felipe Calder\u00f3n, M\u00e9xico no ten\u00eda arquitectura institucional para enfrentar las desapariciones. Hoy s\u00ed la tiene y ser\u00eda injusto no reconocerlo. Contamos con una Ley General en la materia, una&nbsp;<strong>Comisi\u00f3n Nacional de B\u00fasqueda<\/strong>, comisiones estatales, fiscal\u00edas especializadas y protocolos de b\u00fasqueda. Hace quince a\u00f1os nada de eso exist\u00eda.<\/p>\n\n\n\n<p>Estos avances no surgieron por iniciativa espont\u00e1nea del Estado. Fueron impulsados desde la sociedad, principalmente por las familias, que exigieron respuestas y mantuvieron el tema en la agenda.<\/p>\n\n\n\n<p><a href=\"https:\/\/www.youtube.com\/live\/9KsL97PinP8\" target=\"_blank\" rel=\"noreferrer noopener\"><\/a><\/p>\n\n\n\n<h2 class=\"wp-block-heading\" id=\"h-dimension-del-problema-supera-avances\">Dimensi\u00f3n del problema supera avances<\/h2>\n\n\n\n<p>Lo digo desde la experiencia. En Puebla me toc\u00f3 provocar y encabezar como Subsecretario de Derechos Humanos en el Estado de Puebla, en el primer semestre de 2019, la creaci\u00f3n de la&nbsp;<strong>Comisi\u00f3n de B\u00fasqueda de Personas del Estado<\/strong>&nbsp;(CBPPue), desde un gobierno interino que para muchos fue tan solo un gobierno de transici\u00f3n, pero para otros fue donde se generaron dos pol\u00edticas trascendentales para el estado de Puebla. La creaci\u00f3n de la Comisi\u00f3n de B\u00fasqueda de Personas y sentar las bases jur\u00eddicas y administrativas blindadas que dar\u00edan origen a la&nbsp;<strong>Comisi\u00f3n de V\u00edctimas en el Estado de Puebla<\/strong>.<\/p>\n\n\n\n<p>Como primer encargado de despacho de la CBPPue, la encomienda fue construir desde cero esa instituci\u00f3n, atendiendo una exigencia que planteamos durante a\u00f1os desde la sociedad civil, desde&nbsp;<strong>Voz Ciudadana<\/strong>&nbsp;y desde los colectivos de familiares.<\/p>\n\n\n\n<p>Decir que no hemos avanzado ser\u00eda injusto. Pero frente a la dimensi\u00f3n del problema, lo construido no ha sido suficiente.<\/p>\n\n\n\n<p>La<strong>&nbsp;guerra contra el narcotr\u00e1fico<\/strong>&nbsp;marc\u00f3 un quiebre. A partir de 2006 las desapariciones tomaron una escala in\u00e9dita. Hoy hablamos de una crisis, no de casos aislados. La&nbsp;<strong>Comisi\u00f3n Interamericana de Derechos Humanos<\/strong>&nbsp;(CIDH ), en su informe de 2026 sobre M\u00e9xico, con cifras a junio de 2025, se\u00f1ala m\u00e1s de&nbsp;<strong>128 mil personas desaparecidas<\/strong>&nbsp;y estima m\u00e1s de<strong>&nbsp;70 mil cuerpos no identificados<\/strong>&nbsp;bajo custodia del Estado. Reconoce avances, pero advierte problemas graves de coordinaci\u00f3n, investigaci\u00f3n, impunidad e identificaci\u00f3n humana.<\/p>\n\n\n\n<h2 class=\"wp-block-heading\" id=\"h-diagnostico-internacional-desvinculacion-impunidad-crisis-forense\">Diagn\u00f3stico internacional: desvinculaci\u00f3n, impunidad, crisis forense<\/h2>\n\n\n\n<p>Detr\u00e1s de cada registro hay una persona y una familia esperando respuesta. Muchas han tenido que asumir tareas de b\u00fasqueda e investigaci\u00f3n para las que no tendr\u00edan por qu\u00e9 estar preparadas.<\/p>\n\n\n\n<p>El&nbsp;<strong>diagn\u00f3stico internacional<\/strong>&nbsp;se repite: construimos instituciones, pero los problemas de fondo permanecen.<\/p>\n\n\n\n<p>Primero, la<em>&nbsp;<\/em><strong>b\u00fasqueda<\/strong><em>.<\/em>&nbsp;Tenemos instituciones especializadas, pero una b\u00fasqueda efectiva exige coordinaci\u00f3n real. La informaci\u00f3n de las comisiones debe servir a la investigaci\u00f3n, la de las fiscal\u00edas debe&nbsp;<strong>vincularse con los registros de desaparecidos<\/strong>&nbsp;y todo con lo forense. Si cada quien trabaja por separado, se pierde tiempo, y en una desaparici\u00f3n las primeras horas son determinantes.<\/p>\n\n\n\n<p>Segundo, la&nbsp;<strong>impunidad<\/strong>. Buscar no es solo localizar, es investigar qu\u00e9 pas\u00f3. No toda desaparici\u00f3n es jur\u00eddicamente una desaparici\u00f3n forzada. Muchas son atribuidas al crimen organizado, aunque la&nbsp;<strong>CIDH&nbsp;<\/strong>tambi\u00e9n ha documentado posibles v\u00ednculos entre criminales y autoridades que deben investigarse. La judicializaci\u00f3n sigue siendo muy baja. Hay una distancia enorme entre la denuncia y la justicia.<\/p>\n\n\n\n<p>La urgencia de contar con prevenci\u00f3n desde el municipio<\/p>\n\n\n\n<p>Tercero, la&nbsp;<strong>crisis forense<\/strong>. Miles de restos siguen sin identificar y las capacidades no crecieron al ritmo del problema. Localizar restos no cierra una desaparici\u00f3n. Hay que identificar cient\u00edficamente a la persona, comunicarlo dignamente y esclarecer c\u00f3mo muri\u00f3.<\/p>\n\n\n\n<p>Hasta ahora nuestra respuesta ha sido reactiva. Desaparece una persona y se moviliza el Estado. Pero tras casi dos d\u00e9cadas de&nbsp;<strong>violencia&nbsp;<\/strong>acumulada, ya tenemos informaci\u00f3n suficiente para preguntarnos qu\u00e9 condiciones permiten que sigan ocurriendo. La CIDH identifica la&nbsp;<strong>prevenci\u00f3n&nbsp;<\/strong>como uno de los principales desaf\u00edos.<\/p>\n\n\n\n<p>M\u00e9xico necesita un&nbsp;<strong>Programa Nacional de Prevenci\u00f3n de las Desapariciones<\/strong>&nbsp;que no sea un documento administrativo, sino una pol\u00edtica p\u00fablica real. Que convierta la informaci\u00f3n disponible en inteligencia preventiva, que identifique riesgos antes del da\u00f1o y establezca responsabilidades concretas en los tres \u00f3rdenes de gobierno.<\/p>\n\n\n\n<h2 class=\"wp-block-heading\" id=\"h-romper-el-ciclo-mediante-la-prevencion\">Romper el ciclo mediante la prevenci\u00f3n<\/h2>\n\n\n\n<p>Eso nos lleva al territorio. No se puede prevenir solo desde la Ciudad de M\u00e9xico. La prevenci\u00f3n debe llegar al municipio, donde el Estado toca primero a la poblaci\u00f3n. Necesitamos una&nbsp;<strong>municipalizaci\u00f3n de los derechos humanos<\/strong>&nbsp;que permita detectar riesgos, atender conflictos y prevenir violencias antes de que se conviertan en violaciones graves.<\/p>\n\n\n\n<p>No es trasladar responsabilidades sin recursos, es construir capacidades en territorio, pero tambi\u00e9n es necesaria la coordinaci\u00f3n local, estatal y federal, solo se lograra con la creaci\u00f3n de un verdadero&nbsp;<strong>Sistema Nacional de Derechos Humanos&nbsp;<\/strong>que sea efectivo y aut\u00e9nticamente coordinado que busque resolver la desaparici\u00f3n desde cuatro puntos fundamentales, la prevenci\u00f3n, la reacci\u00f3n inmediata, el seguimiento de la investigaci\u00f3n y la reincorporaci\u00f3n a la vida activa o la deconstrucci\u00f3n rumbo a la profesionalizaci\u00f3n de quienes buscan por la dignidad de sus seres queridos.<\/p>\n\n\n\n<p>M\u00e9xico ha avanzado, pero frente a lo que dej\u00f3 la guerra contra el narcotr\u00e1fico, frente a las familias que siguen buscando y frente a la impunidad y la crisis forense, la deuda sigue siendo enorme. El siguiente paso es cambiar la l\u00f3gica:&nbsp;<strong>que la b\u00fasqueda siga siendo inmediata<\/strong>&nbsp;y las familias est\u00e9n en el centro, pero que al mismo tiempo podamos intervenir antes para evitar que nuevas familias pasen por esta tragedia.<\/p>\n\n\n\n<p>Si queremos romper el ciclo de las desapariciones, debemos dejar de pensar solo en c\u00f3mo reaccionamos frente al da\u00f1o y empezar a construir condiciones para que ese da\u00f1o no ocurra. La respuesta es&nbsp;<strong>PREVENCI\u00d3N<\/strong>. En nuestras redes sociales podr\u00e1s ver nuestra colaboraci\u00f3n en radio, b\u00fascanos como LuisSorianoVC y s\u00edguenos, reacciona, comenta y comparte.<\/p>\n\n\n\n<hr class=\"wp-block-separator has-alpha-channel-opacity\"\/>\n\n\n\n<p><strong>+ OPINI\u00d3N : Las opiniones expresadas son responsabilidad del autor<\/strong><\/p>\n","protected":false},"excerpt":{"rendered":"<p>Este 30 de agosto conmemoramos el D\u00eda Internacional de las V\u00edctimas de Desapariciones Forzadas. En M\u00e9xico, hay avances institucionales, deudas [&hellip;]<\/p>\n","protected":false},"author":1,"featured_media":129766,"comment_status":"open","ping_status":"open","sticky":false,"template":"","format":"standard","meta":{"site-sidebar-layout":"default","site-content-layout":"","ast-site-content-layout":"default","site-content-style":"default","site-sidebar-style":"default","ast-global-header-display":"","ast-banner-title-visibility":"","ast-main-header-display":"","ast-hfb-above-header-display":"","ast-hfb-below-header-display":"","ast-hfb-mobile-header-display":"","site-post-title":"","ast-breadcrumbs-content":"","ast-featured-img":"","footer-sml-layout":"","theme-transparent-header-meta":"","adv-header-id-meta":"","stick-header-meta":"","header-above-stick-meta":"","header-main-stick-meta":"","header-below-stick-meta":"","astra-migrate-meta-layouts":"default","ast-page-background-enabled":"default","ast-page-background-meta":{"desktop":{"background-color":"var(--ast-global-color-4)","background-image":"","background-repeat":"repeat","background-position":"center center","background-size":"auto","background-attachment":"scroll","background-type":"","background-media":"","overlay-type":"","overlay-color":"","overlay-opacity":"","overlay-gradient":""},"tablet":{"background-color":"","background-image":"","background-repeat":"repeat","background-position":"center center","background-size":"auto","background-attachment":"scroll","background-type":"","background-media":"","overlay-type":"","overlay-color":"","overlay-opacity":"","overlay-gradient":""},"mobile":{"background-color":"","background-image":"","background-repeat":"repeat","background-position":"center center","background-size":"auto","background-attachment":"scroll","background-type":"","background-media":"","overlay-type":"","overlay-color":"","overlay-opacity":"","overlay-gradient":""}},"ast-content-background-meta":{"desktop":{"background-color":"var(--ast-global-color-5)","background-image":"","background-repeat":"repeat","background-position":"center center","background-size":"auto","background-attachment":"scroll","background-type":"","background-media":"","overlay-type":"","overlay-color":"","overlay-opacity":"","overlay-gradient":""},"tablet":{"background-color":"var(--ast-global-color-5)","background-image":"","background-repeat":"repeat","background-position":"center center","background-size":"auto","background-attachment":"scroll","background-type":"","background-media":"","overlay-type":"","overlay-color":"","overlay-opacity":"","overlay-gradient":""},"mobile":{"background-color":"var(--ast-global-color-5)","background-image":"","background-repeat":"repeat","background-position":"center center","background-size":"auto","background-attachment":"scroll","background-type":"","background-media":"","overlay-type":"","overlay-color":"","overlay-opacity":"","overlay-gradient":""}},"footnotes":""},"categories":[8,22],"tags":[52877],"class_list":["post-129765","post","type-post","status-publish","format-standard","has-post-thumbnail","hentry","category-noticias","category-opinion-invitada","tag-dia-internacional-de-las-victimas-de-desapariciones-forzadas"],"_links":{"self":[{"href":"https:\/\/losperiodistas.com.mx\/portal\/wp-json\/wp\/v2\/posts\/129765","targetHints":{"allow":["GET"]}}],"collection":[{"href":"https:\/\/losperiodistas.com.mx\/portal\/wp-json\/wp\/v2\/posts"}],"about":[{"href":"https:\/\/losperiodistas.com.mx\/portal\/wp-json\/wp\/v2\/types\/post"}],"author":[{"embeddable":true,"href":"https:\/\/losperiodistas.com.mx\/portal\/wp-json\/wp\/v2\/users\/1"}],"replies":[{"embeddable":true,"href":"https:\/\/losperiodistas.com.mx\/portal\/wp-json\/wp\/v2\/comments?post=129765"}],"version-history":[{"count":1,"href":"https:\/\/losperiodistas.com.mx\/portal\/wp-json\/wp\/v2\/posts\/129765\/revisions"}],"predecessor-version":[{"id":129767,"href":"https:\/\/losperiodistas.com.mx\/portal\/wp-json\/wp\/v2\/posts\/129765\/revisions\/129767"}],"wp:featuredmedia":[{"embeddable":true,"href":"https:\/\/losperiodistas.com.mx\/portal\/wp-json\/wp\/v2\/media\/129766"}],"wp:attachment":[{"href":"https:\/\/losperiodistas.com.mx\/portal\/wp-json\/wp\/v2\/media?parent=129765"}],"wp:term":[{"taxonomy":"category","embeddable":true,"href":"https:\/\/losperiodistas.com.mx\/portal\/wp-json\/wp\/v2\/categories?post=129765"},{"taxonomy":"post_tag","embeddable":true,"href":"https:\/\/losperiodistas.com.mx\/portal\/wp-json\/wp\/v2\/tags?post=129765"}],"curies":[{"name":"wp","href":"https:\/\/api.w.org\/{rel}","templated":true}]}}