{"id":129750,"date":"2026-09-01T07:33:41","date_gmt":"2026-09-01T13:33:41","guid":{"rendered":"https:\/\/losperiodistas.com.mx\/portal\/?p=129750"},"modified":"2026-09-01T07:33:43","modified_gmt":"2026-09-01T13:33:43","slug":"mantiene-sheinbaum-aprobacion-de-68-en-agosto-encuesta-el-financiero","status":"publish","type":"post","link":"https:\/\/losperiodistas.com.mx\/portal\/mantiene-sheinbaum-aprobacion-de-68-en-agosto-encuesta-el-financiero\/","title":{"rendered":"Mantiene Sheinbaum aprobaci\u00f3n de 68% en agosto: Encuesta El Financiero"},"content":{"rendered":"\n<h2 class=\"wp-block-heading has-medium-font-size\">Seg\u00fan la encuesta  la aprobaci\u00f3n de la presidenta Claudia Sheinbaum fue de 68% para agosto.<\/h2>\n\n\n\n<figure class=\"wp-block-image size-large\"><img fetchpriority=\"high\" decoding=\"async\" width=\"1024\" height=\"576\" src=\"https:\/\/losperiodistas.com.mx\/portal\/wp-content\/uploads\/2026\/09\/LG7KFLJSPFAETPLDKJETJA4UGQ-1024x576.jpg\" alt=\"\" class=\"wp-image-129751\" srcset=\"https:\/\/losperiodistas.com.mx\/portal\/wp-content\/uploads\/2026\/09\/LG7KFLJSPFAETPLDKJETJA4UGQ-1024x576.jpg 1024w, https:\/\/losperiodistas.com.mx\/portal\/wp-content\/uploads\/2026\/09\/LG7KFLJSPFAETPLDKJETJA4UGQ-300x169.jpg 300w, https:\/\/losperiodistas.com.mx\/portal\/wp-content\/uploads\/2026\/09\/LG7KFLJSPFAETPLDKJETJA4UGQ-768x432.jpg 768w, https:\/\/losperiodistas.com.mx\/portal\/wp-content\/uploads\/2026\/09\/LG7KFLJSPFAETPLDKJETJA4UGQ.jpg 1200w\" sizes=\"(max-width: 1024px) 100vw, 1024px\" \/><figcaption class=\"wp-element-caption\">Mantiene Sheinbaum aprobaci\u00f3n de 68% en agosto (FOTO: MOIS\u00c9S PABLO\/CUARTOSCURO)\u00a0(Mois\u00e9s Pablo Nava)<\/figcaption><\/figure>\n\n\n\n<p class=\"has-vivid-red-color has-text-color has-link-color has-medium-font-size wp-elements-7950efbd4887228921e4538d688187f5\"><strong>El Financiero<\/strong><\/p>\n\n\n\n<p>Con miras a su&nbsp;<a href=\"https:\/\/www.elfinanciero.com.mx\/nacional\/2026\/08\/31\/2-anos-de-claudia-sheinbaum-en-la-presidencia-que-movimientos-ha-hecho-en-su-gabinete\/\" target=\"_blank\" rel=\"noreferrer noopener\">Segundo Informe de Gobierno<\/a>, la presidenta&nbsp;<a href=\"https:\/\/www.elfinanciero.com.mx\/encuestas-ef\/2026\/08\/03\/mantiene-sheinbaum-aprobacion-consistente-en-julio-encuesta-ef\/\" target=\"_blank\" rel=\"noreferrer noopener\">Claudia Sheinbaum<\/a>&nbsp;obtuvo una&nbsp;<strong>aprobaci\u00f3n ciudadana de 68 por ciento en agosto<\/strong>, de acuerdo con la&nbsp;<a href=\"https:\/\/www.elfinanciero.com.mx\/encuestas-ef\/\" target=\"_blank\" rel=\"noreferrer noopener\">encuesta nacional de El Financiero<\/a>.<\/p>\n\n\n\n<p>La&nbsp;<strong>desaprobaci\u00f3n<\/strong>, seg\u00fan el estudio, registr\u00f3&nbsp;<strong>32 por ciento<\/strong>&nbsp;en ese mes.<\/p>\n\n\n\n<figure class=\"wp-block-image size-large\"><img decoding=\"async\" width=\"1024\" height=\"576\" src=\"https:\/\/losperiodistas.com.mx\/portal\/wp-content\/uploads\/2026\/09\/WXXAFUEJMZEZ7NNDREWMTKO7BY-1024x576.avif\" alt=\"\" class=\"wp-image-129752\" srcset=\"https:\/\/losperiodistas.com.mx\/portal\/wp-content\/uploads\/2026\/09\/WXXAFUEJMZEZ7NNDREWMTKO7BY-1024x576.avif 1024w, https:\/\/losperiodistas.com.mx\/portal\/wp-content\/uploads\/2026\/09\/WXXAFUEJMZEZ7NNDREWMTKO7BY-300x169.avif 300w, https:\/\/losperiodistas.com.mx\/portal\/wp-content\/uploads\/2026\/09\/WXXAFUEJMZEZ7NNDREWMTKO7BY-768x432.avif 768w, https:\/\/losperiodistas.com.mx\/portal\/wp-content\/uploads\/2026\/09\/WXXAFUEJMZEZ7NNDREWMTKO7BY.avif 1200w\" sizes=\"(max-width: 1024px) 100vw, 1024px\" \/><figcaption class=\"wp-element-caption\">(Gr\u00e1fico: El Financiero)<\/figcaption><\/figure>\n\n\n\n<p>De acuerdo con la encuesta, los&nbsp;<a href=\"https:\/\/www.elfinanciero.com.mx\/nacional\/2025\/03\/11\/pension-del-bienstar-becas-y-programas-sociales-claudia-sheinbaum-invertira-1-billon-de-pesos\/\" target=\"_blank\" rel=\"noreferrer noopener\">apoyos sociales<\/a>&nbsp;contin\u00faan como el&nbsp;<strong>rubro mejor evaluado del desempe\u00f1o de gobierno<\/strong>, con 64 por ciento de opiniones favorables, seguidos por el&nbsp;<strong>manejo de la econom\u00eda<\/strong>, que obtuvo 50 por ciento de opini\u00f3n positiva.<\/p>\n\n\n\n<p>No obstante, los rubros de&nbsp;<strong>seguridad<\/strong>,&nbsp;<strong>crimen organizado<\/strong>&nbsp;y&nbsp;<strong>corrupci\u00f3n<\/strong>&nbsp;contin\u00faan con una tendencia a la baja desde mayo pasado, registrando 13, 11 y 14 por ciento de opiniones favorables, respectivamente.<\/p>\n\n\n\n<figure class=\"wp-block-image size-large\"><img decoding=\"async\" width=\"1024\" height=\"576\" src=\"https:\/\/losperiodistas.com.mx\/portal\/wp-content\/uploads\/2026\/09\/CHXOI7K2ARESLKCVGUKINEBFCY-1024x576.avif\" alt=\"\" class=\"wp-image-129753\" srcset=\"https:\/\/losperiodistas.com.mx\/portal\/wp-content\/uploads\/2026\/09\/CHXOI7K2ARESLKCVGUKINEBFCY-1024x576.avif 1024w, https:\/\/losperiodistas.com.mx\/portal\/wp-content\/uploads\/2026\/09\/CHXOI7K2ARESLKCVGUKINEBFCY-300x169.avif 300w, https:\/\/losperiodistas.com.mx\/portal\/wp-content\/uploads\/2026\/09\/CHXOI7K2ARESLKCVGUKINEBFCY-768x432.avif 768w, https:\/\/losperiodistas.com.mx\/portal\/wp-content\/uploads\/2026\/09\/CHXOI7K2ARESLKCVGUKINEBFCY.avif 1200w\" sizes=\"(max-width: 1024px) 100vw, 1024px\" \/><figcaption class=\"wp-element-caption\">(Gr\u00e1fico: El Financiero)<\/figcaption><\/figure>\n\n\n\n<p>El mes de agosto fue particularmente duro en esos rubros, y en especial en&nbsp;<strong>seguridad p\u00fablica<\/strong>, ya que la opini\u00f3n negativa se dispar\u00f3 de 61 a 76 por ciento en el \u00faltimo mes, el nivel m\u00e1s alto de opiniones negativas en ese rubro de gobierno en lo que va de la administraci\u00f3n de Sheinbaum.<\/p>\n\n\n\n<p>Por otro lado, la encuesta marca una aumento en las menciones de la&nbsp;<a href=\"https:\/\/www.elfinanciero.com.mx\/nacional\/2025\/01\/23\/percepcion-de-inseguridad-con-sheinbaum-6-de-cada-10-jovenes-ven-peligrosa-su-ciudad\/\" target=\"_blank\" rel=\"noreferrer noopener\">inseguridad<\/a>&nbsp;como principal problema del pa\u00eds, al subir de 52 a 65 por ciento en el mes. Lo m\u00e1s alto que ha mostrado ese indicador es 79 por ciento en marzo pasado.<\/p>\n\n\n\n<p>En contraste, las percepciones respecto de la&nbsp;<strong>relaci\u00f3n entre la mandataria mexicana y el presidente de Estados Unidos, Donald Trump<\/strong>, nuevamente tuvieron una mejor\u00eda, al pasar de 35 a 41 por ciento de opiniones favorables. El mes anterior hab\u00eda avanzado de 33 a 35 por ciento.<\/p>\n\n\n\n<figure class=\"wp-block-image size-large\"><img loading=\"lazy\" decoding=\"async\" width=\"1024\" height=\"576\" src=\"https:\/\/losperiodistas.com.mx\/portal\/wp-content\/uploads\/2026\/09\/NK7WIFAB2RDUPO6ME7BUV7M6VI-1024x576.avif\" alt=\"\" class=\"wp-image-129754\" srcset=\"https:\/\/losperiodistas.com.mx\/portal\/wp-content\/uploads\/2026\/09\/NK7WIFAB2RDUPO6ME7BUV7M6VI-1024x576.avif 1024w, https:\/\/losperiodistas.com.mx\/portal\/wp-content\/uploads\/2026\/09\/NK7WIFAB2RDUPO6ME7BUV7M6VI-300x169.avif 300w, https:\/\/losperiodistas.com.mx\/portal\/wp-content\/uploads\/2026\/09\/NK7WIFAB2RDUPO6ME7BUV7M6VI-768x432.avif 768w, https:\/\/losperiodistas.com.mx\/portal\/wp-content\/uploads\/2026\/09\/NK7WIFAB2RDUPO6ME7BUV7M6VI.avif 1200w\" sizes=\"(max-width: 1024px) 100vw, 1024px\" \/><figcaption class=\"wp-element-caption\">(Gr\u00e1fico: El Financiero)<\/figcaption><\/figure>\n\n\n\n<p>Tambi\u00e9n subi\u00f3 el porcentaje de opiniones positivas en relaci\u00f3n con el manejo de las&nbsp;<a href=\"https:\/\/www.elfinanciero.com.mx\/economia\/2026\/07\/27\/revision-del-t-mec-resaltan-avances-en-tercera-ronda-de-negociaciones\/\" target=\"_blank\" rel=\"noreferrer noopener\">negociaciones o revisiones del T-MEC<\/a>, al pasar de 51 a 56 por ciento entre julio y agosto.<\/p>\n\n\n\n<figure class=\"wp-block-image size-large\"><img loading=\"lazy\" decoding=\"async\" width=\"1024\" height=\"576\" src=\"https:\/\/losperiodistas.com.mx\/portal\/wp-content\/uploads\/2026\/09\/YSICNGAOFNB6LKNIDHRB2C7MOU-1024x576.avif\" alt=\"\" class=\"wp-image-129755\" srcset=\"https:\/\/losperiodistas.com.mx\/portal\/wp-content\/uploads\/2026\/09\/YSICNGAOFNB6LKNIDHRB2C7MOU-1024x576.avif 1024w, https:\/\/losperiodistas.com.mx\/portal\/wp-content\/uploads\/2026\/09\/YSICNGAOFNB6LKNIDHRB2C7MOU-300x169.avif 300w, https:\/\/losperiodistas.com.mx\/portal\/wp-content\/uploads\/2026\/09\/YSICNGAOFNB6LKNIDHRB2C7MOU-768x432.avif 768w, https:\/\/losperiodistas.com.mx\/portal\/wp-content\/uploads\/2026\/09\/YSICNGAOFNB6LKNIDHRB2C7MOU.avif 1200w\" sizes=\"(max-width: 1024px) 100vw, 1024px\" \/><figcaption class=\"wp-element-caption\">(Gr\u00e1fico: El Financiero)<\/figcaption><\/figure>\n\n\n\n<p>Este mes se dio a conocer la&nbsp;<a href=\"https:\/\/www.elfinanciero.com.mx\/nacional\/2026\/08\/13\/eu-le-retira-la-visa-americana-a-andy-lopez-beltran-es-politiqueria\/\" target=\"_blank\" rel=\"noreferrer noopener\">cancelaci\u00f3n de la visa a Andr\u00e9s Manuel L\u00f3pez Beltr\u00e1n<\/a>. De acuerdo con el sondeo, el 45 por ciento se enter\u00f3 de esa noticia.<\/p>\n\n\n\n<p>Al respecto, la encuesta pregunt\u00f3 acerca de la&nbsp;<a href=\"https:\/\/www.elfinanciero.com.mx\/nacional\/2026\/08\/25\/politicos-mexicanos-en-la-lista-negra-de-eu-a-quienes-les-cancelaron-ya-la-visa\/\" target=\"_blank\" rel=\"noreferrer noopener\">cancelaci\u00f3n de visas a pol\u00edticos mexicanos<\/a>. El 59 por ciento de los entrevistados considera que es una se\u00f1al de que se debe investigar a esos pol\u00edticos, mientras 35 por ciento considera que es una forma de presi\u00f3n pol\u00edtica de Estados Unidos que hay que rechazar.<\/p>\n\n\n\n<p>Otro tema que acaparar\u00f3 la conversaci\u00f3n p\u00fablica este mes fue la&nbsp;<a href=\"https:\/\/www.elfinanciero.com.mx\/nacional\/2026\/08\/14\/sheinbaum-niega-que-4t-persiga-a-periodistas-no-son-listas-son-ejemplos\/\" target=\"_blank\" rel=\"noreferrer noopener\">lista de periodistas y pol\u00edticos que supuestamente difunden mensajes en contra del gobierno<\/a>.<\/p>\n\n\n\n<p>A decir de 49 por ciento de los entrevistados, la lista, dada a conocer en la conferencia matutina en Palacio Nacional es una&nbsp;<strong>acci\u00f3n intimidatoria<\/strong>&nbsp;<strong>que atenta contra la libertad de expresi\u00f3n<\/strong>. Mientras que para 46 por ciento es un esfuerzo v\u00e1lido para se\u00f1alar cr\u00edticas o noticias falsas.<\/p>\n\n\n\n<figure class=\"wp-block-image size-large\"><img loading=\"lazy\" decoding=\"async\" width=\"1024\" height=\"576\" src=\"https:\/\/losperiodistas.com.mx\/portal\/wp-content\/uploads\/2026\/09\/HCCWBLJF25DEVFTIEWSLERDT2A-1024x576.avif\" alt=\"\" class=\"wp-image-129756\" srcset=\"https:\/\/losperiodistas.com.mx\/portal\/wp-content\/uploads\/2026\/09\/HCCWBLJF25DEVFTIEWSLERDT2A-1024x576.avif 1024w, https:\/\/losperiodistas.com.mx\/portal\/wp-content\/uploads\/2026\/09\/HCCWBLJF25DEVFTIEWSLERDT2A-300x169.avif 300w, https:\/\/losperiodistas.com.mx\/portal\/wp-content\/uploads\/2026\/09\/HCCWBLJF25DEVFTIEWSLERDT2A-768x432.avif 768w, https:\/\/losperiodistas.com.mx\/portal\/wp-content\/uploads\/2026\/09\/HCCWBLJF25DEVFTIEWSLERDT2A.avif 1200w\" sizes=\"(max-width: 1024px) 100vw, 1024px\" \/><figcaption class=\"wp-element-caption\">(Gr\u00e1fico: El Financiero)<\/figcaption><\/figure>\n\n\n\n<p>Fuente: <a href=\"https:\/\/www.elfinanciero.com.mx\/nacional\/2026\/09\/01\/mantiene-sheinbaum-aprobacion-de-68-en-agosto-encuesta-ef\/\">https:\/\/www.elfinanciero.com.mx\/nacional\/2026\/09\/01\/mantiene-sheinbaum-aprobacion-de-68-en-agosto-encuesta-ef\/<\/a><\/p>\n","protected":false},"excerpt":{"rendered":"<p>Seg\u00fan la encuesta la aprobaci\u00f3n de la presidenta Claudia Sheinbaum fue de 68% para agosto. El Financiero Con miras a [&hellip;]<\/p>\n","protected":false},"author":1,"featured_media":129751,"comment_status":"open","ping_status":"open","sticky":false,"template":"","format":"standard","meta":{"site-sidebar-layout":"default","site-content-layout":"","ast-site-content-layout":"default","site-content-style":"default","site-sidebar-style":"default","ast-global-header-display":"","ast-banner-title-visibility":"","ast-main-header-display":"","ast-hfb-above-header-display":"","ast-hfb-below-header-display":"","ast-hfb-mobile-header-display":"","site-post-title":"","ast-breadcrumbs-content":"","ast-featured-img":"","footer-sml-layout":"","theme-transparent-header-meta":"","adv-header-id-meta":"","stick-header-meta":"","header-above-stick-meta":"","header-main-stick-meta":"","header-below-stick-meta":"","astra-migrate-meta-layouts":"default","ast-page-background-enabled":"default","ast-page-background-meta":{"desktop":{"background-color":"var(--ast-global-color-4)","background-image":"","background-repeat":"repeat","background-position":"center center","background-size":"auto","background-attachment":"scroll","background-type":"","background-media":"","overlay-type":"","overlay-color":"","overlay-opacity":"","overlay-gradient":""},"tablet":{"background-color":"","background-image":"","background-repeat":"repeat","background-position":"center center","background-size":"auto","background-attachment":"scroll","background-type":"","background-media":"","overlay-type":"","overlay-color":"","overlay-opacity":"","overlay-gradient":""},"mobile":{"background-color":"","background-image":"","background-repeat":"repeat","background-position":"center center","background-size":"auto","background-attachment":"scroll","background-type":"","background-media":"","overlay-type":"","overlay-color":"","overlay-opacity":"","overlay-gradient":""}},"ast-content-background-meta":{"desktop":{"background-color":"var(--ast-global-color-5)","background-image":"","background-repeat":"repeat","background-position":"center center","background-size":"auto","background-attachment":"scroll","background-type":"","background-media":"","overlay-type":"","overlay-color":"","overlay-opacity":"","overlay-gradient":""},"tablet":{"background-color":"var(--ast-global-color-5)","background-image":"","background-repeat":"repeat","background-position":"center center","background-size":"auto","background-attachment":"scroll","background-type":"","background-media":"","overlay-type":"","overlay-color":"","overlay-opacity":"","overlay-gradient":""},"mobile":{"background-color":"var(--ast-global-color-5)","background-image":"","background-repeat":"repeat","background-position":"center center","background-size":"auto","background-attachment":"scroll","background-type":"","background-media":"","overlay-type":"","overlay-color":"","overlay-opacity":"","overlay-gradient":""}},"footnotes":""},"categories":[8],"tags":[52876],"class_list":["post-129750","post","type-post","status-publish","format-standard","has-post-thumbnail","hentry","category-noticias","tag-sheinbaum-aprobacion"],"_links":{"self":[{"href":"https:\/\/losperiodistas.com.mx\/portal\/wp-json\/wp\/v2\/posts\/129750","targetHints":{"allow":["GET"]}}],"collection":[{"href":"https:\/\/losperiodistas.com.mx\/portal\/wp-json\/wp\/v2\/posts"}],"about":[{"href":"https:\/\/losperiodistas.com.mx\/portal\/wp-json\/wp\/v2\/types\/post"}],"author":[{"embeddable":true,"href":"https:\/\/losperiodistas.com.mx\/portal\/wp-json\/wp\/v2\/users\/1"}],"replies":[{"embeddable":true,"href":"https:\/\/losperiodistas.com.mx\/portal\/wp-json\/wp\/v2\/comments?post=129750"}],"version-history":[{"count":1,"href":"https:\/\/losperiodistas.com.mx\/portal\/wp-json\/wp\/v2\/posts\/129750\/revisions"}],"predecessor-version":[{"id":129757,"href":"https:\/\/losperiodistas.com.mx\/portal\/wp-json\/wp\/v2\/posts\/129750\/revisions\/129757"}],"wp:featuredmedia":[{"embeddable":true,"href":"https:\/\/losperiodistas.com.mx\/portal\/wp-json\/wp\/v2\/media\/129751"}],"wp:attachment":[{"href":"https:\/\/losperiodistas.com.mx\/portal\/wp-json\/wp\/v2\/media?parent=129750"}],"wp:term":[{"taxonomy":"category","embeddable":true,"href":"https:\/\/losperiodistas.com.mx\/portal\/wp-json\/wp\/v2\/categories?post=129750"},{"taxonomy":"post_tag","embeddable":true,"href":"https:\/\/losperiodistas.com.mx\/portal\/wp-json\/wp\/v2\/tags?post=129750"}],"curies":[{"name":"wp","href":"https:\/\/api.w.org\/{rel}","templated":true}]}}