{"id":129734,"date":"2026-09-01T05:24:24","date_gmt":"2026-09-01T11:24:24","guid":{"rendered":"https:\/\/losperiodistas.com.mx\/portal\/?p=129734"},"modified":"2026-09-01T05:24:26","modified_gmt":"2026-09-01T11:24:26","slug":"quien-es-que-recibe-y-cuales-son-sus-retos-john-ternus-el-relevo-de-tim-cook-al-frente-de-apple-efe","status":"publish","type":"post","link":"https:\/\/losperiodistas.com.mx\/portal\/quien-es-que-recibe-y-cuales-son-sus-retos-john-ternus-el-relevo-de-tim-cook-al-frente-de-apple-efe\/","title":{"rendered":"\u00bfQui\u00e9n es, qu\u00e9 recibe y cu\u00e1les son sus retos? John Ternus, el relevo de Tim Cook al frente de Apple | EFE"},"content":{"rendered":"\n<figure class=\"wp-block-image size-full\"><img fetchpriority=\"high\" decoding=\"async\" width=\"900\" height=\"600\" src=\"https:\/\/losperiodistas.com.mx\/portal\/wp-content\/uploads\/2026\/09\/John-Ternus-1.jpeg\" alt=\"\" class=\"wp-image-129735\" srcset=\"https:\/\/losperiodistas.com.mx\/portal\/wp-content\/uploads\/2026\/09\/John-Ternus-1.jpeg 900w, https:\/\/losperiodistas.com.mx\/portal\/wp-content\/uploads\/2026\/09\/John-Ternus-1-300x200.jpeg 300w, https:\/\/losperiodistas.com.mx\/portal\/wp-content\/uploads\/2026\/09\/John-Ternus-1-768x512.jpeg 768w\" sizes=\"(max-width: 900px) 100vw, 900px\" \/><figcaption class=\"wp-element-caption\">Fotograf\u00eda de archivo del nuevo CEO de Apple, John Ternus (i), junto a su antecesor, Tim Cook (d). EFE\/Jill Connelly<\/figcaption><\/figure>\n\n\n\n<p class=\"has-medium-font-size\"><strong>Por Sarah Y\u00e1\u00f1ez-Richards \/ EFE<\/strong><\/p>\n\n\n\n<p>Nueva York (EFE).- Apple inicia una nueva era este 1 de septiembre cuando John Ternus asume a sus 51 a\u00f1os -la misma edad a la que Tim Cook sucedi\u00f3 a Steve Jobs en 2011- el cargo de director ejecutivo, con lo que se convierte en el tercer l\u00edder de la compa\u00f1\u00eda en tres d\u00e9cadas, para acelerar el despliegue de la inteligencia artificial (IA) y navegar un complejo panorama geopol\u00edtico.<\/p>\n\n\n\n<p>El actual director de ingenier\u00eda de hardware lleva un cuarto de siglo en la empresa de Cupertino (California) y ha estado involucrado en pr\u00e1cticamente todos los grandes \u00e9xitos recientes de la firma de la manzana mordida: desde las distintas generaciones del iPhone y el iPad hasta el lanzamiento de los AirPods, el Apple Watch y su incursi\u00f3n en la realidad mixta con las Vision Pro.<\/p>\n\n\n\n<p>Uno de los mayores \u00e9xitos bajo la gesti\u00f3n de Ternus fue el redise\u00f1o de los ordenadores Mac de Apple para utilizar los chips propios de la compa\u00f1\u00eda, los cuales funcionan a mayor velocidad y generan menos calor que los chips de Intel que Apple empleaba anteriormente.<\/p>\n\n\n\n<h2 class=\"wp-block-heading\" id=\"h-el-liston-de-jobs-y-cook\">El list\u00f3n de Jobs y Cook<\/h2>\n\n\n\n<p>Ternus sucede a dos leyendas empresariales: Steve Jobs desarroll\u00f3 el producto m\u00e1s lucrativo de la historia, el iPhone, y&nbsp;<a href=\"https:\/\/efe.com\/economia\/2026-04-20\/apple-sale-tim-cook-director-ejecutivo-reemplazo-john-ternus\/\">Tim Cook<\/a>&nbsp;consigui\u00f3 impulsar el valor del producto estrella gracias a la cadena de suministro que cre\u00f3 y a los servicios y productos complementarios que lanz\u00f3 al mercado, lo que convirti\u00f3 a la empresa en un imperio valorado en m\u00e1s de 4 billones de d\u00f3lares.<\/p>\n\n\n\n<figure class=\"wp-block-image\"><img decoding=\"async\" src=\"https:\/\/i0.wp.com\/efe.com\/wp-content\/uploads\/2026\/08\/John-Ternus-2.webp?resize=900%2C600&amp;ssl=1\" alt=\"\u00bfQui\u00e9n es, qu\u00e9 recibe y cu\u00e1les son sus retos? John Ternus, el relevo de Tim Cook al frente de Apple\" class=\"wp-image-2832144\"\/><figcaption class=\"wp-element-caption\">Fotograf\u00eda de archivo de John Ternus (d), durante una presentaci\u00f3n de productos de Apple. EFE\/Sarah Yenesel<\/figcaption><\/figure>\n\n\n\n<p>Quienes han trabajado con Ternus, un californiano apasionado por las carreras de Porsche en su tiempo libre, lo describen a la prensa especializada como un colaborador excepcional, de car\u00e1cter templado y que inspira una gran lealtad.<\/p>\n\n\n\n<p>Cook, de 65 a\u00f1os, pasa ahora a ocupar el cargo de presidente ejecutivo del consejo en sustituci\u00f3n de Arthur Levinson, quien pasa a ser consejero independiente principal tras 15 a\u00f1os al frente del consejo de administraci\u00f3n.<\/p>\n\n\n\n<p>El saliente director de Apple ha elogiado a su sucesor afirmando que posee \u00abla mente de un ingeniero, el alma de un innovador y el coraz\u00f3n necesario para liderar con integridad y honor\u00bb.<\/p>\n\n\n\n<figure class=\"wp-block-embed is-type-wp-embed is-provider-efe-noticias wp-block-embed-efe-noticias\"><div class=\"wp-block-embed__wrapper\">\n<blockquote class=\"wp-embedded-content\" data-secret=\"IAxFVjCLLZ\"><a href=\"https:\/\/efe.com\/economia\/2026-05-19\/apple-25-anos-tiendas-fisicas-estados-unidos\/\">Apple cumple 25 a\u00f1os de tiendas f\u00edsicas con 272 locales en EE.UU. y un giro al comercio online<\/a><\/blockquote><iframe class=\"wp-embedded-content\" sandbox=\"allow-scripts\" security=\"restricted\" style=\"position: absolute; visibility: hidden;\" title=\"\u00abApple cumple 25 a\u00f1os de tiendas f\u00edsicas con 272 locales en EE.UU. y un giro al comercio online\u00bb \u2014 EFE Noticias\" src=\"https:\/\/efe.com\/economia\/2026-05-19\/apple-25-anos-tiendas-fisicas-estados-unidos\/embed\/#?secret=KSUxHpRQrD#?secret=IAxFVjCLLZ\" data-secret=\"IAxFVjCLLZ\" width=\"500\" height=\"282\" frameborder=\"0\" marginwidth=\"0\" marginheight=\"0\" scrolling=\"no\"><\/iframe>\n<\/div><\/figure>\n\n\n\n<p>El ingeniero mec\u00e1nico por la Universidad de Pensilvania, donde en su juventud destac\u00f3 como campe\u00f3n de nataci\u00f3n y dise\u00f1\u00f3 brazos mec\u00e1nicos para tetrapl\u00e9jicos, afrontar\u00e1 su primera gran prueba el pr\u00f3ximo 9 de septiembre, cuando se espera que suba al escenario para&nbsp;<a href=\"https:\/\/efe.com\/economia\/2026-08-26\/apple-nuevo-iphone-18\/\">el evento de lanzamiento de dispositivos de Apple este oto\u00f1o<\/a>.<\/p>\n\n\n\n<h2 class=\"wp-block-heading\" id=\"h-los-retos-por-delante-de-john-ternus\">Los retos por delante de John Ternus<\/h2>\n\n\n\n<p>El principal desaf\u00edo tecnol\u00f3gico para Ternus -quien antes de entrar en Apple&nbsp;<a href=\"https:\/\/efe.com\/ciencia-y-tecnologia\/2026-04-21\/john-ternus-apple-tim-cook\/\">trabaj\u00f3 cuatro a\u00f1os en una empresa emergente de realidad virtual<\/a>\u2013 ser\u00e1 cerrar la brecha en la carrera de la IA.<\/p>\n\n\n\n<figure class=\"wp-block-image\"><img decoding=\"async\" src=\"https:\/\/i0.wp.com\/efe.com\/wp-content\/uploads\/2026\/08\/John-Ternus-3.webp?resize=900%2C637&amp;ssl=1\" alt=\"\u00bfQui\u00e9n es, qu\u00e9 recibe y cu\u00e1les son sus retos? John Ternus, el relevo de Tim Cook al frente de Apple\" class=\"wp-image-2832145\"\/><figcaption class=\"wp-element-caption\">Fotograf\u00eda de archivo de varios modelos de iPhone de Apple. EFE\/Rungroj Yongrit<\/figcaption><\/figure>\n\n\n\n<p>Mientras competidores como Google han avanzado a pasos agigantados para incorporar los chatbots m\u00e1s avanzados en sus dispositivos, Apple ha mostrado una estrategia m\u00e1s cautelosa.<\/p>\n\n\n\n<p>La falta de anuncios contundentes sobre su plataforma Apple Intelligence y los retrasos en las nuevas funciones de personalizaci\u00f3n de Siri han hecho que la compa\u00f1\u00eda dependa de integraciones de IA de terceros.<\/p>\n\n\n\n<p>Ternus tambi\u00e9n tendr\u00e1 que demostrar sus dotes diplom\u00e1ticas en el terreno pol\u00edtico, pues Cook destac\u00f3 por su habilidad para lidiar con las tensiones comerciales entre Washington y Pek\u00edn, y logr\u00f3 sortear las pol\u00edticas arancelarias durante el mandato de Donald Trump.<\/p>\n\n\n\n<p>Ahora, con renovadas presiones desde la Casa Blanca para trasladar la producci\u00f3n a Estados Unidos, el nuevo consejero delegado deber\u00e1 gestionar&nbsp;<a href=\"https:\/\/efe.com\/ciencia-y-tecnologia\/2026-06-25\/apple-aumento-precios-chips-ia\/\">la dependencia de la cadena de suministro china<\/a>&nbsp;y acelerar la diversificaci\u00f3n hacia pa\u00edses como India.<\/p>\n\n\n\n<p>Fuente: <a href=\"https:\/\/efe.com\/ciencia-y-tecnologia\/2026-09-01\/apple-nuevo-consejero-delegado-john-ternus-ceo\/\">https:\/\/efe.com\/ciencia-y-tecnologia\/2026-09-01\/apple-nuevo-consejero-delegado-john-ternus-ceo\/<\/a><\/p>\n","protected":false},"excerpt":{"rendered":"<p>Por Sarah Y\u00e1\u00f1ez-Richards \/ EFE Nueva York (EFE).- Apple inicia una nueva era este 1 de septiembre cuando John Ternus [&hellip;]<\/p>\n","protected":false},"author":1,"featured_media":129735,"comment_status":"open","ping_status":"open","sticky":false,"template":"","format":"standard","meta":{"site-sidebar-layout":"default","site-content-layout":"","ast-site-content-layout":"default","site-content-style":"default","site-sidebar-style":"default","ast-global-header-display":"","ast-banner-title-visibility":"","ast-main-header-display":"","ast-hfb-above-header-display":"","ast-hfb-below-header-display":"","ast-hfb-mobile-header-display":"","site-post-title":"","ast-breadcrumbs-content":"","ast-featured-img":"","footer-sml-layout":"","theme-transparent-header-meta":"","adv-header-id-meta":"","stick-header-meta":"","header-above-stick-meta":"","header-main-stick-meta":"","header-below-stick-meta":"","astra-migrate-meta-layouts":"default","ast-page-background-enabled":"default","ast-page-background-meta":{"desktop":{"background-color":"var(--ast-global-color-4)","background-image":"","background-repeat":"repeat","background-position":"center center","background-size":"auto","background-attachment":"scroll","background-type":"","background-media":"","overlay-type":"","overlay-color":"","overlay-opacity":"","overlay-gradient":""},"tablet":{"background-color":"","background-image":"","background-repeat":"repeat","background-position":"center center","background-size":"auto","background-attachment":"scroll","background-type":"","background-media":"","overlay-type":"","overlay-color":"","overlay-opacity":"","overlay-gradient":""},"mobile":{"background-color":"","background-image":"","background-repeat":"repeat","background-position":"center center","background-size":"auto","background-attachment":"scroll","background-type":"","background-media":"","overlay-type":"","overlay-color":"","overlay-opacity":"","overlay-gradient":""}},"ast-content-background-meta":{"desktop":{"background-color":"var(--ast-global-color-5)","background-image":"","background-repeat":"repeat","background-position":"center center","background-size":"auto","background-attachment":"scroll","background-type":"","background-media":"","overlay-type":"","overlay-color":"","overlay-opacity":"","overlay-gradient":""},"tablet":{"background-color":"var(--ast-global-color-5)","background-image":"","background-repeat":"repeat","background-position":"center center","background-size":"auto","background-attachment":"scroll","background-type":"","background-media":"","overlay-type":"","overlay-color":"","overlay-opacity":"","overlay-gradient":""},"mobile":{"background-color":"var(--ast-global-color-5)","background-image":"","background-repeat":"repeat","background-position":"center center","background-size":"auto","background-attachment":"scroll","background-type":"","background-media":"","overlay-type":"","overlay-color":"","overlay-opacity":"","overlay-gradient":""}},"footnotes":""},"categories":[8],"tags":[52868,43412,5127],"class_list":["post-129734","post","type-post","status-publish","format-standard","has-post-thumbnail","hentry","category-noticias","tag-ceo-apple","tag-john-ternus","tag-tim-cook"],"_links":{"self":[{"href":"https:\/\/losperiodistas.com.mx\/portal\/wp-json\/wp\/v2\/posts\/129734","targetHints":{"allow":["GET"]}}],"collection":[{"href":"https:\/\/losperiodistas.com.mx\/portal\/wp-json\/wp\/v2\/posts"}],"about":[{"href":"https:\/\/losperiodistas.com.mx\/portal\/wp-json\/wp\/v2\/types\/post"}],"author":[{"embeddable":true,"href":"https:\/\/losperiodistas.com.mx\/portal\/wp-json\/wp\/v2\/users\/1"}],"replies":[{"embeddable":true,"href":"https:\/\/losperiodistas.com.mx\/portal\/wp-json\/wp\/v2\/comments?post=129734"}],"version-history":[{"count":1,"href":"https:\/\/losperiodistas.com.mx\/portal\/wp-json\/wp\/v2\/posts\/129734\/revisions"}],"predecessor-version":[{"id":129736,"href":"https:\/\/losperiodistas.com.mx\/portal\/wp-json\/wp\/v2\/posts\/129734\/revisions\/129736"}],"wp:featuredmedia":[{"embeddable":true,"href":"https:\/\/losperiodistas.com.mx\/portal\/wp-json\/wp\/v2\/media\/129735"}],"wp:attachment":[{"href":"https:\/\/losperiodistas.com.mx\/portal\/wp-json\/wp\/v2\/media?parent=129734"}],"wp:term":[{"taxonomy":"category","embeddable":true,"href":"https:\/\/losperiodistas.com.mx\/portal\/wp-json\/wp\/v2\/categories?post=129734"},{"taxonomy":"post_tag","embeddable":true,"href":"https:\/\/losperiodistas.com.mx\/portal\/wp-json\/wp\/v2\/tags?post=129734"}],"curies":[{"name":"wp","href":"https:\/\/api.w.org\/{rel}","templated":true}]}}