{"id":129725,"date":"2026-09-01T04:36:13","date_gmt":"2026-09-01T10:36:13","guid":{"rendered":"https:\/\/losperiodistas.com.mx\/portal\/?p=129725"},"modified":"2026-09-01T04:36:14","modified_gmt":"2026-09-01T10:36:14","slug":"secretario-del-ejercito-de-estados-unidos-presenta-su-renuncia-el-economista","status":"publish","type":"post","link":"https:\/\/losperiodistas.com.mx\/portal\/secretario-del-ejercito-de-estados-unidos-presenta-su-renuncia-el-economista\/","title":{"rendered":"Secretario del Ej\u00e9rcito de Estados Unidos presenta su renuncia | El Economista"},"content":{"rendered":"\n<p class=\"has-medium-font-size\">De concretarse, la renuncia de Dan Driscoll supondr\u00eda la salida m\u00e1s reciente de un alto mando militar bajo la administraci\u00f3n de Donald Trump.<\/p>\n\n\n\n<figure class=\"wp-block-image size-full\"><img fetchpriority=\"high\" decoding=\"async\" width=\"1000\" height=\"667\" src=\"https:\/\/losperiodistas.com.mx\/portal\/wp-content\/uploads\/2026\/09\/6a964427b52a2.jpeg\" alt=\"\" class=\"wp-image-129726\" srcset=\"https:\/\/losperiodistas.com.mx\/portal\/wp-content\/uploads\/2026\/09\/6a964427b52a2.jpeg 1000w, https:\/\/losperiodistas.com.mx\/portal\/wp-content\/uploads\/2026\/09\/6a964427b52a2-300x200.jpeg 300w, https:\/\/losperiodistas.com.mx\/portal\/wp-content\/uploads\/2026\/09\/6a964427b52a2-768x512.jpeg 768w\" sizes=\"(max-width: 1000px) 100vw, 1000px\" \/><figcaption class=\"wp-element-caption\">La Casa Blanca confirm\u00f3 que Dan Driscoll present\u00f3 su renuncia.AFP<\/figcaption><\/figure>\n\n\n\n<p class=\"has-vivid-red-color has-text-color has-link-color has-medium-font-size wp-elements-a43277bc75d0b250d6d6ee7ef2956917\"><strong>Por AFP \/ El Economista<\/strong><\/p>\n\n\n\n<p>El secretario del<a href=\"https:\/\/www.eleconomista.com.mx\/internacionales\/trump-promete-golpear-fuerza-iran-primeros-intercambios-ataques-mes-20260831-831072.html\" target=\"_blank\" rel=\"noreferrer noopener\">&nbsp;Ej\u00e9rcito de Estados Unidos<\/a>, Dan Driscoll, present\u00f3 su renuncia, confirm\u00f3 la Casa Blanca el lunes, despu\u00e9s de informes sobre tensiones con el secretario de Defensa, Pete Hegseth.<\/p>\n\n\n\n<p>Consultada por la AFP sobre un informe del Wall Street Journal sobre la renuncia de Driscoll, la subsecretaria principal de prensa de la Casa Blanca, Anna Kelly, no lo neg\u00f3.<\/p>\n\n\n\n<h2 class=\"wp-block-heading\">Te puede interesar<\/h2>\n\n\n\n<ul class=\"wp-block-list\">\n<li><img decoding=\"async\" width=\"128\" height=\"72\" src=\"https:\/\/imagenes.eleconomista.com.mx\/files\/webp_128_72\/uploads\/2023\/12\/30\/66e4cd77eb292.jpeg\" alt=\"El Economista\"><a href=\"https:\/\/www.eleconomista.com.mx\/internacionales\">Geopol\u00edtica<\/a><a href=\"https:\/\/www.eleconomista.com.mx\/internacionales\/ejercito-eu-utiliza-laser-derribar-3-drones-carteles-mexicanos-frontera-20260828-830698.html\">El ej\u00e9rcito de EU utiliza un l\u00e1ser para derribar 3 drones de c\u00e1rteles mexicanos en la frontera<\/a><\/li>\n<\/ul>\n\n\n\n<p>\u00abDriscoll ha sido altamente efectivo para avanzar en la agenda del presidente Trump para hacer a Estados Unidos fuerte otra vez en el Departamento del Ej\u00e9rcito\u00bb, dijo.<\/p>\n\n\n\n<p>\u00abEl&nbsp;<strong>Ej\u00e9rcito de los Estados Unidos<\/strong>&nbsp;es m\u00e1s poderoso que nunca gracias a su trabajo junto al comandante en jefe y al secretario de Guerra\u00bb, agreg\u00f3.<\/p>\n\n\n\n<p>Driscoll particip\u00f3 especialmente en las negociaciones relativas a la guerra en Ucrania.<\/p>\n\n\n\n<p>De concretarse, su renuncia supondr\u00eda la salida m\u00e1s reciente de un alto mando militar bajo la administraci\u00f3n de Donald Trump y podr\u00eda dejar al ej\u00e9rcito estadounidense sin liderazgo civil ni militar permanente, con la guerra en Ir\u00e1n entrando en su s\u00e9ptimo mes.<\/p>\n\n\n\n<p>Hegseth destituy\u00f3 al jefe del Estado Mayor, el general Randy George, en abril y a\u00fan no ha propuesto un sucesor permanente.<\/p>\n\n\n\n<p>Fuente: <a href=\"https:\/\/www.eleconomista.com.mx\/internacionales\/secretario-ejercito-estados-unidos-presenta-renuncia-20260831-831170.html\">https:\/\/www.eleconomista.com.mx\/internacionales\/secretario-ejercito-estados-unidos-presenta-renuncia-20260831-831170.html<\/a><\/p>\n","protected":false},"excerpt":{"rendered":"<p>De concretarse, la renuncia de Dan Driscoll supondr\u00eda la salida m\u00e1s reciente de un alto mando militar bajo la administraci\u00f3n [&hellip;]<\/p>\n","protected":false},"author":1,"featured_media":129726,"comment_status":"open","ping_status":"open","sticky":false,"template":"","format":"standard","meta":{"site-sidebar-layout":"default","site-content-layout":"","ast-site-content-layout":"default","site-content-style":"default","site-sidebar-style":"default","ast-global-header-display":"","ast-banner-title-visibility":"","ast-main-header-display":"","ast-hfb-above-header-display":"","ast-hfb-below-header-display":"","ast-hfb-mobile-header-display":"","site-post-title":"","ast-breadcrumbs-content":"","ast-featured-img":"","footer-sml-layout":"","theme-transparent-header-meta":"","adv-header-id-meta":"","stick-header-meta":"","header-above-stick-meta":"","header-main-stick-meta":"","header-below-stick-meta":"","astra-migrate-meta-layouts":"default","ast-page-background-enabled":"default","ast-page-background-meta":{"desktop":{"background-color":"var(--ast-global-color-4)","background-image":"","background-repeat":"repeat","background-position":"center center","background-size":"auto","background-attachment":"scroll","background-type":"","background-media":"","overlay-type":"","overlay-color":"","overlay-opacity":"","overlay-gradient":""},"tablet":{"background-color":"","background-image":"","background-repeat":"repeat","background-position":"center center","background-size":"auto","background-attachment":"scroll","background-type":"","background-media":"","overlay-type":"","overlay-color":"","overlay-opacity":"","overlay-gradient":""},"mobile":{"background-color":"","background-image":"","background-repeat":"repeat","background-position":"center center","background-size":"auto","background-attachment":"scroll","background-type":"","background-media":"","overlay-type":"","overlay-color":"","overlay-opacity":"","overlay-gradient":""}},"ast-content-background-meta":{"desktop":{"background-color":"var(--ast-global-color-5)","background-image":"","background-repeat":"repeat","background-position":"center center","background-size":"auto","background-attachment":"scroll","background-type":"","background-media":"","overlay-type":"","overlay-color":"","overlay-opacity":"","overlay-gradient":""},"tablet":{"background-color":"var(--ast-global-color-5)","background-image":"","background-repeat":"repeat","background-position":"center center","background-size":"auto","background-attachment":"scroll","background-type":"","background-media":"","overlay-type":"","overlay-color":"","overlay-opacity":"","overlay-gradient":""},"mobile":{"background-color":"var(--ast-global-color-5)","background-image":"","background-repeat":"repeat","background-position":"center center","background-size":"auto","background-attachment":"scroll","background-type":"","background-media":"","overlay-type":"","overlay-color":"","overlay-opacity":"","overlay-gradient":""}},"footnotes":""},"categories":[8],"tags":[52860,52861],"class_list":["post-129725","post","type-post","status-publish","format-standard","has-post-thumbnail","hentry","category-noticias","tag-dan-driscoll-renuncia","tag-secretario-del-ejeercito-de-estados-unidos"],"_links":{"self":[{"href":"https:\/\/losperiodistas.com.mx\/portal\/wp-json\/wp\/v2\/posts\/129725","targetHints":{"allow":["GET"]}}],"collection":[{"href":"https:\/\/losperiodistas.com.mx\/portal\/wp-json\/wp\/v2\/posts"}],"about":[{"href":"https:\/\/losperiodistas.com.mx\/portal\/wp-json\/wp\/v2\/types\/post"}],"author":[{"embeddable":true,"href":"https:\/\/losperiodistas.com.mx\/portal\/wp-json\/wp\/v2\/users\/1"}],"replies":[{"embeddable":true,"href":"https:\/\/losperiodistas.com.mx\/portal\/wp-json\/wp\/v2\/comments?post=129725"}],"version-history":[{"count":1,"href":"https:\/\/losperiodistas.com.mx\/portal\/wp-json\/wp\/v2\/posts\/129725\/revisions"}],"predecessor-version":[{"id":129727,"href":"https:\/\/losperiodistas.com.mx\/portal\/wp-json\/wp\/v2\/posts\/129725\/revisions\/129727"}],"wp:featuredmedia":[{"embeddable":true,"href":"https:\/\/losperiodistas.com.mx\/portal\/wp-json\/wp\/v2\/media\/129726"}],"wp:attachment":[{"href":"https:\/\/losperiodistas.com.mx\/portal\/wp-json\/wp\/v2\/media?parent=129725"}],"wp:term":[{"taxonomy":"category","embeddable":true,"href":"https:\/\/losperiodistas.com.mx\/portal\/wp-json\/wp\/v2\/categories?post=129725"},{"taxonomy":"post_tag","embeddable":true,"href":"https:\/\/losperiodistas.com.mx\/portal\/wp-json\/wp\/v2\/tags?post=129725"}],"curies":[{"name":"wp","href":"https:\/\/api.w.org\/{rel}","templated":true}]}}