{"id":129722,"date":"2026-09-01T04:29:04","date_gmt":"2026-09-01T10:29:04","guid":{"rendered":"https:\/\/losperiodistas.com.mx\/portal\/?p=129722"},"modified":"2026-09-01T04:29:06","modified_gmt":"2026-09-01T10:29:06","slug":"puebla-tiene-el-tercer-peor-transporte-del-pais-smt-ljo","status":"publish","type":"post","link":"https:\/\/losperiodistas.com.mx\/portal\/puebla-tiene-el-tercer-peor-transporte-del-pais-smt-ljo\/","title":{"rendered":"Puebla tiene el tercer peor transporte del pa\u00eds: SMT | LJO"},"content":{"rendered":"\n<p class=\"has-medium-font-size\">Silvia Tan\u00fas informa que de un padr\u00f3n de 20 mil veh\u00edculos, se han renovado casi 7 mil automotores y 2 mil siguen sin regularizarse<\/p>\n\n\n\n<figure class=\"wp-block-embed is-type-video is-provider-youtube wp-block-embed-youtube wp-embed-aspect-16-9 wp-has-aspect-ratio\"><div class=\"wp-block-embed__wrapper\">\n<iframe title=\"El transporte p\u00fablico en Puebla es el tercer peor del pa\u00eds, reconoce Silvia Tan\u00fas\" width=\"500\" height=\"281\" src=\"https:\/\/www.youtube.com\/embed\/v1VRrX1BTZk?feature=oembed\" frameborder=\"0\" allow=\"accelerometer; autoplay; clipboard-write; encrypted-media; gyroscope; picture-in-picture; web-share\" referrerpolicy=\"strict-origin-when-cross-origin\" allowfullscreen><\/iframe>\n<\/div><\/figure>\n\n\n\n<p><\/p>\n\n\n\n<p class=\"has-medium-font-size\"><strong><a href=\"https:\/\/lajornadadeoriente.com.mx\/author\/yadira_llaven\">Yadira Llaven Anzures<\/a> \/ La Jornada de Oriente<\/strong><\/p>\n\n\n\n<p>El sistema de transporte p\u00fablico en el estado de Puebla se ubica como el tercer peor calificado a nivel nacional tras a\u00f1os de rezago institucional. Sin embargo, se han renovado 6 mil 936 veh\u00edculos en la entidad, en su mayor\u00eda con modelos recientes, inform\u00f3 la titular de la Secretar\u00eda de Movilidad y Transporte (SMT),&nbsp;<a href=\"https:\/\/x.com\/silvia_tanus?lang=es\" target=\"_blank\" rel=\"noreferrer noopener\">Silvia Tan\u00fas Osorio<\/a>.<\/p>\n\n\n\n<p>En rueda de prensa, la funcionaria estatal reconoci\u00f3 la complejidad de transformar las condiciones del servicio colectivo que durante administraciones pasadas permaneci\u00f3 en el olvido.<\/p>\n\n\n\n<blockquote class=\"wp-block-quote is-layout-flow wp-block-quote-is-layout-flow\">\n<p>\u201cPara nosotros que nos entregaron el sector en el abandono, creo que vamos bastante bien. Ha sido una tarea muy ardua porque todos sabemos que nuestro transporte es el tercer peor transporte del pa\u00eds, y de eso a llevarlo a condiciones que mejoren nuestra calificaci\u00f3n \u2014sobre todo para el servicio de los ciudadanos\u2014 no ha sido f\u00e1cil\u201d, destac\u00f3.<\/p>\n<\/blockquote>\n\n\n\n<p>Respecto al estado administrativo de las concesiones, Tan\u00fas Osorio precis\u00f3 que el padr\u00f3n estatal comprende 22 mil 749 veh\u00edculos de servicio p\u00fablico, de los cuales 20 mil 411 ya cuentan con placas vigentes y actualizadas.<\/p>\n\n\n\n<p><\/p>\n\n\n\n<p><strong>Te puede interesar:&nbsp;<a href=\"https:\/\/www.lajornadadeoriente.com.mx\/puebla\/smt-puebla-licita-63-nuevas-concesiones-para-reforzar-siete-rutas-del-transporte-publico\/\">SMT Puebla licita 63 nuevas concesiones para reforzar siete rutas del transporte p\u00fablico<\/a><\/strong><\/p>\n\n\n\n<p>La brecha de m\u00e1s de 2 mil automotores sin regularizar obedece primordialmente a que los concesionarios arrastran pasivos fiscales y sanciones viales.<\/p>\n\n\n\n<p>\u201cEsta diferencia de 2 mil veh\u00edculos hemos podido detectar que se debe precisamente a que hay personas que tienen adeudos y por eso no han ido a reemplacar. Yo espero que con este programa que acaba de presentar la Secretar\u00eda de Finanzas, estos permisionarios y concesionarios que tienen veh\u00edculos vigentes y han realizado todos sus tr\u00e1mites, puedan utilizar este servicio y podamos contar ya con todos los veh\u00edculos de servicio p\u00fablico emplacados\u201d, exhort\u00f3.<\/p>\n\n\n\n<h2 class=\"wp-block-heading\">Modernizaci\u00f3n de la flota: 5 mil 826 unidades de reciente modelo<\/h2>\n\n\n\n<p>En materia de modernizaci\u00f3n del parque vehicular, la titular de la SMT expuso un avance en la sustituci\u00f3n de automotores obsoletos, contrastando la cifra con sexenios pasados donde la renovaci\u00f3n anual era marginal.<\/p>\n\n\n\n<blockquote class=\"wp-block-quote is-layout-flow wp-block-quote-is-layout-flow\">\n<p>\u201cEn lo que va de la administraci\u00f3n y, sobre todo en estos meses del a\u00f1o, se han renovado 6 mil 936 unidades. Cuando en a\u00f1os anteriores se cambiaban 200 o 300, hoy llevamos casi 7 mil unidades ya renovadas\u201d, resalt\u00f3.<\/p>\n<\/blockquote>\n\n\n\n<p>Del total de flota sustituida, dijo que 5 mil 826 veh\u00edculos corresponden a modelos del a\u00f1o 2023 al 2027, desglosadas en 58 veh\u00edculos modelo 2027, mil 008 de 2026; 2 mil 50 de 2025 y el resto entre 2024 y 2023.<\/p>\n\n\n\n<p>\u201cSon veh\u00edculos que con mucho esfuerzo los concesionarios han pagado y tambi\u00e9n que el gobierno del estado ha apoyado a los concesionarios que han demostrado probidad en la prestaci\u00f3n del servicio, que han demostrado que cumplen las caracter\u00edsticas y que esto lo sanciona una comisi\u00f3n de revisi\u00f3n para ser quienes reciban estos cr\u00e9ditos\u201d, puntualiz\u00f3.<\/p>\n\n\n\n<blockquote class=\"wp-block-quote is-layout-flow wp-block-quote-is-layout-flow\">\n<p>La actualizaci\u00f3n del parque vehicular y de la documentaci\u00f3n oficial ocurre de manera paralela a la implementaci\u00f3n del programa temporal de beneficios y regularizaci\u00f3n fiscal del Gobierno del Estado \u201cPonte al d\u00eda\u201d, el cual busca facilitar que permisionarios y transportistas salden fotomultas y recargos rezagados.<\/p>\n<\/blockquote>\n\n\n\n<p>La meta de las autoridades de movilidad es erradicar el parque irregular y elevar los est\u00e1ndares de seguridad para los millones de usuarios diarios en la zona metropolitana y el interior de la entidad.<\/p>\n\n\n\n<p><strong>Tambi\u00e9n puedes leer:&nbsp;<a href=\"https:\/\/www.lajornadadeoriente.com.mx\/puebla\/transporte-tehuacan-rezago-e-informalidad-ctm\/\">Transporte en Tehuac\u00e1n opera con rezago e informalidad: CTM<\/a><\/strong><\/p>\n\n\n\n<p>Fuente: <a href=\"https:\/\/www.lajornadadeoriente.com.mx\/puebla\/puebla-tiene-el-tercer-peor-transporte-del-pais-smt\/\">https:\/\/www.lajornadadeoriente.com.mx\/puebla\/puebla-tiene-el-tercer-peor-transporte-del-pais-smt\/<\/a><\/p>\n","protected":false},"excerpt":{"rendered":"<p>Silvia Tan\u00fas informa que de un padr\u00f3n de 20 mil veh\u00edculos, se han renovado casi 7 mil automotores y 2 [&hellip;]<\/p>\n","protected":false},"author":1,"featured_media":129723,"comment_status":"open","ping_status":"open","sticky":false,"template":"","format":"standard","meta":{"site-sidebar-layout":"default","site-content-layout":"","ast-site-content-layout":"default","site-content-style":"default","site-sidebar-style":"default","ast-global-header-display":"","ast-banner-title-visibility":"","ast-main-header-display":"","ast-hfb-above-header-display":"","ast-hfb-below-header-display":"","ast-hfb-mobile-header-display":"","site-post-title":"","ast-breadcrumbs-content":"","ast-featured-img":"","footer-sml-layout":"","theme-transparent-header-meta":"","adv-header-id-meta":"","stick-header-meta":"","header-above-stick-meta":"","header-main-stick-meta":"","header-below-stick-meta":"","astra-migrate-meta-layouts":"default","ast-page-background-enabled":"default","ast-page-background-meta":{"desktop":{"background-color":"var(--ast-global-color-4)","background-image":"","background-repeat":"repeat","background-position":"center center","background-size":"auto","background-attachment":"scroll","background-type":"","background-media":"","overlay-type":"","overlay-color":"","overlay-opacity":"","overlay-gradient":""},"tablet":{"background-color":"","background-image":"","background-repeat":"repeat","background-position":"center center","background-size":"auto","background-attachment":"scroll","background-type":"","background-media":"","overlay-type":"","overlay-color":"","overlay-opacity":"","overlay-gradient":""},"mobile":{"background-color":"","background-image":"","background-repeat":"repeat","background-position":"center center","background-size":"auto","background-attachment":"scroll","background-type":"","background-media":"","overlay-type":"","overlay-color":"","overlay-opacity":"","overlay-gradient":""}},"ast-content-background-meta":{"desktop":{"background-color":"var(--ast-global-color-5)","background-image":"","background-repeat":"repeat","background-position":"center center","background-size":"auto","background-attachment":"scroll","background-type":"","background-media":"","overlay-type":"","overlay-color":"","overlay-opacity":"","overlay-gradient":""},"tablet":{"background-color":"var(--ast-global-color-5)","background-image":"","background-repeat":"repeat","background-position":"center center","background-size":"auto","background-attachment":"scroll","background-type":"","background-media":"","overlay-type":"","overlay-color":"","overlay-opacity":"","overlay-gradient":""},"mobile":{"background-color":"var(--ast-global-color-5)","background-image":"","background-repeat":"repeat","background-position":"center center","background-size":"auto","background-attachment":"scroll","background-type":"","background-media":"","overlay-type":"","overlay-color":"","overlay-opacity":"","overlay-gradient":""}},"footnotes":""},"categories":[8],"tags":[52859,15554,9133],"class_list":["post-129722","post","type-post","status-publish","format-standard","has-post-thumbnail","hentry","category-noticias","tag-puebla-tercer-peor-transporte-publico","tag-silvia-tanus-osorio","tag-transporte-publico-puebla"],"_links":{"self":[{"href":"https:\/\/losperiodistas.com.mx\/portal\/wp-json\/wp\/v2\/posts\/129722","targetHints":{"allow":["GET"]}}],"collection":[{"href":"https:\/\/losperiodistas.com.mx\/portal\/wp-json\/wp\/v2\/posts"}],"about":[{"href":"https:\/\/losperiodistas.com.mx\/portal\/wp-json\/wp\/v2\/types\/post"}],"author":[{"embeddable":true,"href":"https:\/\/losperiodistas.com.mx\/portal\/wp-json\/wp\/v2\/users\/1"}],"replies":[{"embeddable":true,"href":"https:\/\/losperiodistas.com.mx\/portal\/wp-json\/wp\/v2\/comments?post=129722"}],"version-history":[{"count":1,"href":"https:\/\/losperiodistas.com.mx\/portal\/wp-json\/wp\/v2\/posts\/129722\/revisions"}],"predecessor-version":[{"id":129724,"href":"https:\/\/losperiodistas.com.mx\/portal\/wp-json\/wp\/v2\/posts\/129722\/revisions\/129724"}],"wp:featuredmedia":[{"embeddable":true,"href":"https:\/\/losperiodistas.com.mx\/portal\/wp-json\/wp\/v2\/media\/129723"}],"wp:attachment":[{"href":"https:\/\/losperiodistas.com.mx\/portal\/wp-json\/wp\/v2\/media?parent=129722"}],"wp:term":[{"taxonomy":"category","embeddable":true,"href":"https:\/\/losperiodistas.com.mx\/portal\/wp-json\/wp\/v2\/categories?post=129722"},{"taxonomy":"post_tag","embeddable":true,"href":"https:\/\/losperiodistas.com.mx\/portal\/wp-json\/wp\/v2\/tags?post=129722"}],"curies":[{"name":"wp","href":"https:\/\/api.w.org\/{rel}","templated":true}]}}