{"id":129719,"date":"2026-09-01T04:23:38","date_gmt":"2026-09-01T10:23:38","guid":{"rendered":"https:\/\/losperiodistas.com.mx\/portal\/?p=129719"},"modified":"2026-09-01T04:23:40","modified_gmt":"2026-09-01T10:23:40","slug":"opinion-morena-y-tepeaca-el-imss-bienestar-agua-de-puebla","status":"publish","type":"post","link":"https:\/\/losperiodistas.com.mx\/portal\/opinion-morena-y-tepeaca-el-imss-bienestar-agua-de-puebla\/","title":{"rendered":"Opini\u00f3n | Morena y Tepeaca; el IMSS Bienestar; Agua de Puebla"},"content":{"rendered":"\n<p class=\"has-medium-font-size\">*Muere Alcalde Auxiliar de Ocoyucan; los Tequios del ISSSTE<\/p>\n\n\n\n<figure class=\"wp-block-image size-large\"><img fetchpriority=\"high\" decoding=\"async\" width=\"1024\" height=\"682\" src=\"https:\/\/losperiodistas.com.mx\/portal\/wp-content\/uploads\/2026\/09\/REUNION-MORENA-EN-TEPEACA-1024x682.jpg\" alt=\"\" class=\"wp-image-129720\" srcset=\"https:\/\/losperiodistas.com.mx\/portal\/wp-content\/uploads\/2026\/09\/REUNION-MORENA-EN-TEPEACA-1024x682.jpg 1024w, https:\/\/losperiodistas.com.mx\/portal\/wp-content\/uploads\/2026\/09\/REUNION-MORENA-EN-TEPEACA-300x200.jpg 300w, https:\/\/losperiodistas.com.mx\/portal\/wp-content\/uploads\/2026\/09\/REUNION-MORENA-EN-TEPEACA-768x512.jpg 768w, https:\/\/losperiodistas.com.mx\/portal\/wp-content\/uploads\/2026\/09\/REUNION-MORENA-EN-TEPEACA-1536x1023.jpg 1536w, https:\/\/losperiodistas.com.mx\/portal\/wp-content\/uploads\/2026\/09\/REUNION-MORENA-EN-TEPEACA.jpg 1600w\" sizes=\"(max-width: 1024px) 100vw, 1024px\" \/><\/figure>\n\n\n\n<p><\/p>\n\n\n\n<p class=\"has-vivid-red-color has-text-color has-link-color has-medium-font-size wp-elements-1b1ce3f984c10224e0fe7e26b00bd74a\"><strong>Por Ra\u00fal Torres Salmer\u00f3n \/ Sin L\u00edmites<\/strong><\/p>\n\n\n\n<p>Como parte de la convocatoria a nivel nacional, el Movimiento por la Regeneraci\u00f3n Nacional (Morena), realiz\u00f3 en la plaza p\u00fablica del Municipio de Tepeaca ante de cientos de militantes y simpatizantes, una asamblea informativa para discutir los avances de la Cuarta Transformaci\u00f3n y los retos actuales que enfrenta el pa\u00eds en materia de soberan\u00eda nacional.<\/p>\n\n\n\n<p>El Presidente de la Seccional 2064, Mario Rend\u00f3n Oliva, fue el encargado de llevar el mensaje de uni\u00f3n y conciencia para refrendar la defensa de la 4T y rechaz\u00f3 cualquier intervenci\u00f3n extranjera unilateral.<\/p>\n\n\n\n<p>El joven pol\u00edtico enfatiz\u00f3 que una de las principales razones de estas reuniones es para dejar en claro que M\u00e9xico es una naci\u00f3n libre y soberana que puede tener una relaci\u00f3n de cooperaci\u00f3n de comercio, seguridad y entendimiento con Estados Unidos y con el resto de las naciones del mundo, pero esto no significa subordinaci\u00f3n ni esclavismo.<\/p>\n\n\n\n<p>Expres\u00f3 que ning\u00fan otro gobierno debe decidir por nuestro pa\u00eds, que act\u00fae de manera unilateral dentro del territorio o sustituya a las instituciones mexicanas, por lo que los problemas de M\u00e9xico deben enfrentarlos los mexicanos apoyados en la Constituci\u00f3n.<\/p>\n\n\n\n<p>Agradeci\u00f3 a los asistentes la lucha que desde la cabecera y las 21 comunidades de Tepeaca realizan cada d\u00eda, ya que el municipio necesita el di\u00e1logo entre sus liderazgos, respeto entre las generaciones y capacidad para construir acuerdos y aunque existan diferencias, ning\u00fan inter\u00e9s personal est\u00e1 por encima de un inter\u00e9s colectivo.<\/p>\n\n\n\n<p>Rend\u00f3n Oliva sostuvo que ninguna diferencia interna debe impedir el di\u00e1logo, que ninguna aspiraci\u00f3n individual fracture a las comunidades y que ninguna campa\u00f1a de desinformaci\u00f3n, venga de donde venga, sustituya el an\u00e1lisis, la informaci\u00f3n comprobable y el pensamiento cr\u00edtico, adem\u00e1s de que ninguna relaci\u00f3n internacional signifique renunciar a nuestra dignidad como naci\u00f3n.<\/p>\n\n\n\n<p><strong>ACTIVIDAD DEL IMSS BIENESTAR<\/strong><\/p>\n\n\n\n<p>El Coordinador Estatal en Puebla del IMSS Bienestar, Joaqu\u00edn Espidio Camarillo, llev\u00f3 a cabo un recorrido por el Hospital General de Cholula para conversar y escuchar con el personal, conocer sus necesidades y fortalecer la cercan\u00eda con quienes trabajan en la atenci\u00f3n en salud. &nbsp;<\/p>\n\n\n\n<p>Escuchar y trabajar en equipo, expres\u00f3 el funcionario, permite avanzar para fortalecer los servicios p\u00fablicos de salud y atender a la poblaci\u00f3n que no tiene acceso a la seguridad social.<\/p>\n\n\n\n<p>Por otro lado, en la Regi\u00f3n 13 de Coxcatl\u00e1n, se llev\u00f3 a cabo el Taller de Trato Digno, con la participaci\u00f3n del personal de salud de las diferentes unidades de la regi\u00f3n. La capacitaci\u00f3n es un instrumento para fortalecer la empat\u00eda, el respeto, la comunicaci\u00f3n y la atenci\u00f3n humanizada, para brindar un mejor servicio a cada paciente.<\/p>\n\n\n\n<p><strong>AGUA DE PUEBLA CUIDA AMBIENTE<\/strong><\/p>\n\n\n\n<p>Como parte de su compromiso de contribuir al cuidado del medio ambiente como Empresa Socialmente Responsable, Agua de Puebla mantiene sus campa\u00f1as de acopio y reciclaje, promoviendo entre la ciudadan\u00eda pr\u00e1cticas responsables para el manejo de residuos y la protecci\u00f3n de los recursos h\u00eddricos, como es el acopio de aceite comestible usado, que puede ser entregado en cualquiera de sus 11 sucursales de atenci\u00f3n.<\/p>\n\n\n\n<p>De enero a la fecha la recolecci\u00f3n ha sido de mil 500 litros de aceite, el cual es donado a su vez al Centro de Atenci\u00f3n M\u00faltiple &#8211; CAM &#8211; Telpochcalli, donde los alumnos lo usan para elaborar jabones artesanales biodegradables.<\/p>\n\n\n\n<p>El reciclaje del aceite en domicilios evita que este residuo sea vertido en fregaderos o alcantarillas y llegue al sistema de drenaje de la ciudad que provoque mayor contaminaci\u00f3n del agua residual donde puede generar obstrucciones y afectar su funcionamiento, adem\u00e1s de que, al llegar a las plantas de tratamiento, dificulta el saneamiento de las aguas sanitarias.<\/p>\n\n\n\n<p>Como parte de las acciones de prevenci\u00f3n de obstrucciones en el drenaje, Agua de Puebla exhorta a restaurantes, hoteles, industrias, centros comerciales y dem\u00e1s establecimientos que generan grasas y aceites en sus procesos, a contar con trampas de grasa, as\u00ed como a mantenerlas en condiciones adecuadas de operaci\u00f3n.<\/p>\n\n\n\n<p>Estos dispositivos funcionan como un sistema de pretratamiento que retiene grasas, aceites y s\u00f3lidos antes de que lleguen al drenaje p\u00fablico, reduciendo el riesgo de obstrucciones, desbordamientos y afectaciones a la infraestructura. Cumplir con las disposiciones de la NOM en materia de descargas al drenaje, contribuye a proteger la infraestructura, prevenir problemas sanitarios y mejorar el funcionamiento de la red de alcantarillado.<\/p>\n\n\n\n<p>Como parte de esta estrategia integral con acciones en favor del medio ambiente y con apoyo de la ciudadan\u00eda para proteger los recursos naturales, Agua de Puebla realiz\u00f3 la Campa\u00f1a Arbolitros 2026 con la plantaci\u00f3n de 3 mil 500 \u00e1rboles en zonas estrat\u00e9gicas para la recarga de mantos acu\u00edferos, entre ellas Barranca del Conde, Santa Rita Tlahuapan, La Malinche y Chignahuapan.<\/p>\n\n\n\n<p><strong>ADI\u00d3S AL ALCALDE AUXILIAR<\/strong><\/p>\n\n\n\n<p>Tras el deceso del Presidente Municipal Auxiliar de San Bernab\u00e9 Temoxtitla, Roberto Tepanecatl Rojas, el Gobierno Municipal de Ocoyucan realiz\u00f3 una ceremonia luctuosa para destacar su compromiso social y el trabajo que realiz\u00f3 por el progreso del municipio.<\/p>\n\n\n\n<p>El personal del Ayuntamiento de Ocoyucan, se reuni\u00f3 para rendir homenaje a este servidor p\u00fablico, quien trabaj\u00f3 coordinadamente con el Gobierno Municipal para impulsar el desarrollo de la Junta Auxiliar.<\/p>\n\n\n\n<p>Durante la ceremonia, el Alcalde de Ocoyucan, Arist\u00f3teles Campos Flores, reconoci\u00f3 el trabajo que desempe\u00f1\u00f3 a favor de la comunidad de San Bernab\u00e9 Temoxtitla, \u201cdesde que Roberto tom\u00f3 el lugar de Presidente Auxiliar, siempre demostr\u00f3 su vocaci\u00f3n por el servicio a la comunidad y la preocupaci\u00f3n por mejorar la calidad de vida en San Bernab\u00e9 Temoxtitla. Hoy quiero expresar mi m\u00e1s sentido p\u00e9same para su familia y la comunidad\u201d.<\/p>\n\n\n\n<p><strong>EL ISSSTE Y EL TEQUIO<\/strong><\/p>\n\n\n\n<p>En el marco de la S\u00e9ptima Jornada Nacional de Tequio 2026, personal de la Representaci\u00f3n del Instituto de Seguridad y Servicios Sociales de los Trabajadores del Estado (ISSSTE), en Puebla, se sum\u00f3 a las acciones de la Jornada Nacional de Reforestaci\u00f3n.<\/p>\n\n\n\n<p>Durante la jornada de trabajo voluntario, trabajadores del Instituto realizaron labores de mantenimiento integral en el Consultorio de Medicina Familiar de la Unidad Habitacional San Roque, al sur de Puebla Capital y entre las tareas destacaron trabajos de jardiner\u00eda, limpieza general, pintura de fachada y rehabilitaci\u00f3n de la barda perimetral.<\/p>\n\n\n\n<p>El Tequio denominado Elena Arizmendi, forma parte del Plan para la Transformaci\u00f3n del ISSSTE \u2014basado en 25 puntos estrat\u00e9gicos promovidos por el Director Mart\u00ed Batres Guadarrama\u2014 orientado a modernizar y optimizar la infraestructura m\u00e9dica en todo el pa\u00eds.<\/p>\n\n\n\n<p>En fin, como dice la copla ecuatoriana:<\/p>\n\n\n\n<p>Se fueron mis alegr\u00edas,&nbsp;&nbsp;&nbsp;&nbsp;&nbsp;&nbsp;&nbsp;&nbsp;&nbsp;&nbsp;&nbsp;&nbsp;&nbsp;<\/p>\n\n\n\n<p>como ajenas, como ajenas,&nbsp;&nbsp;&nbsp;&nbsp;&nbsp;&nbsp;&nbsp;&nbsp;&nbsp;&nbsp;&nbsp;&nbsp;&nbsp;&nbsp;&nbsp;&nbsp;&nbsp;&nbsp;<\/p>\n\n\n\n<p>y se quedaron las penas,&nbsp;&nbsp;&nbsp;&nbsp;&nbsp;&nbsp;&nbsp;&nbsp;&nbsp;&nbsp;&nbsp;&nbsp;&nbsp;&nbsp;&nbsp;&nbsp;&nbsp;&nbsp;&nbsp;&nbsp;&nbsp;<\/p>\n\n\n\n<p>como m\u00edas, como m\u00edas.<\/p>\n\n\n\n<p>raultorress@hotmail.com<\/p>\n\n\n\n<hr class=\"wp-block-separator has-alpha-channel-opacity\"\/>\n\n\n\n<p><strong>+ OPINI\u00d3N : Las opiniones expresadas son responsabilidad del autor<\/strong><\/p>\n","protected":false},"excerpt":{"rendered":"<p>*Muere Alcalde Auxiliar de Ocoyucan; los Tequios del ISSSTE Por Ra\u00fal Torres Salmer\u00f3n \/ Sin L\u00edmites Como parte de la [&hellip;]<\/p>\n","protected":false},"author":1,"featured_media":129720,"comment_status":"open","ping_status":"open","sticky":false,"template":"","format":"standard","meta":{"site-sidebar-layout":"default","site-content-layout":"","ast-site-content-layout":"default","site-content-style":"default","site-sidebar-style":"default","ast-global-header-display":"","ast-banner-title-visibility":"","ast-main-header-display":"","ast-hfb-above-header-display":"","ast-hfb-below-header-display":"","ast-hfb-mobile-header-display":"","site-post-title":"","ast-breadcrumbs-content":"","ast-featured-img":"","footer-sml-layout":"","theme-transparent-header-meta":"","adv-header-id-meta":"","stick-header-meta":"","header-above-stick-meta":"","header-main-stick-meta":"","header-below-stick-meta":"","astra-migrate-meta-layouts":"default","ast-page-background-enabled":"default","ast-page-background-meta":{"desktop":{"background-color":"var(--ast-global-color-4)","background-image":"","background-repeat":"repeat","background-position":"center center","background-size":"auto","background-attachment":"scroll","background-type":"","background-media":"","overlay-type":"","overlay-color":"","overlay-opacity":"","overlay-gradient":""},"tablet":{"background-color":"","background-image":"","background-repeat":"repeat","background-position":"center center","background-size":"auto","background-attachment":"scroll","background-type":"","background-media":"","overlay-type":"","overlay-color":"","overlay-opacity":"","overlay-gradient":""},"mobile":{"background-color":"","background-image":"","background-repeat":"repeat","background-position":"center center","background-size":"auto","background-attachment":"scroll","background-type":"","background-media":"","overlay-type":"","overlay-color":"","overlay-opacity":"","overlay-gradient":""}},"ast-content-background-meta":{"desktop":{"background-color":"var(--ast-global-color-5)","background-image":"","background-repeat":"repeat","background-position":"center center","background-size":"auto","background-attachment":"scroll","background-type":"","background-media":"","overlay-type":"","overlay-color":"","overlay-opacity":"","overlay-gradient":""},"tablet":{"background-color":"var(--ast-global-color-5)","background-image":"","background-repeat":"repeat","background-position":"center center","background-size":"auto","background-attachment":"scroll","background-type":"","background-media":"","overlay-type":"","overlay-color":"","overlay-opacity":"","overlay-gradient":""},"mobile":{"background-color":"var(--ast-global-color-5)","background-image":"","background-repeat":"repeat","background-position":"center center","background-size":"auto","background-attachment":"scroll","background-type":"","background-media":"","overlay-type":"","overlay-color":"","overlay-opacity":"","overlay-gradient":""}},"footnotes":""},"categories":[8,19],"tags":[36161,52858,52857],"class_list":["post-129719","post","type-post","status-publish","format-standard","has-post-thumbnail","hentry","category-noticias","category-sin-limites-2","tag-imss-bienestar-puebla","tag-issste-y-tequio","tag-morena-tepeaca"],"_links":{"self":[{"href":"https:\/\/losperiodistas.com.mx\/portal\/wp-json\/wp\/v2\/posts\/129719","targetHints":{"allow":["GET"]}}],"collection":[{"href":"https:\/\/losperiodistas.com.mx\/portal\/wp-json\/wp\/v2\/posts"}],"about":[{"href":"https:\/\/losperiodistas.com.mx\/portal\/wp-json\/wp\/v2\/types\/post"}],"author":[{"embeddable":true,"href":"https:\/\/losperiodistas.com.mx\/portal\/wp-json\/wp\/v2\/users\/1"}],"replies":[{"embeddable":true,"href":"https:\/\/losperiodistas.com.mx\/portal\/wp-json\/wp\/v2\/comments?post=129719"}],"version-history":[{"count":1,"href":"https:\/\/losperiodistas.com.mx\/portal\/wp-json\/wp\/v2\/posts\/129719\/revisions"}],"predecessor-version":[{"id":129721,"href":"https:\/\/losperiodistas.com.mx\/portal\/wp-json\/wp\/v2\/posts\/129719\/revisions\/129721"}],"wp:featuredmedia":[{"embeddable":true,"href":"https:\/\/losperiodistas.com.mx\/portal\/wp-json\/wp\/v2\/media\/129720"}],"wp:attachment":[{"href":"https:\/\/losperiodistas.com.mx\/portal\/wp-json\/wp\/v2\/media?parent=129719"}],"wp:term":[{"taxonomy":"category","embeddable":true,"href":"https:\/\/losperiodistas.com.mx\/portal\/wp-json\/wp\/v2\/categories?post=129719"},{"taxonomy":"post_tag","embeddable":true,"href":"https:\/\/losperiodistas.com.mx\/portal\/wp-json\/wp\/v2\/tags?post=129719"}],"curies":[{"name":"wp","href":"https:\/\/api.w.org\/{rel}","templated":true}]}}