{"id":129700,"date":"2026-09-01T00:38:30","date_gmt":"2026-09-01T06:38:30","guid":{"rendered":"https:\/\/losperiodistas.com.mx\/portal\/?p=129700"},"modified":"2026-09-01T00:38:31","modified_gmt":"2026-09-01T06:38:31","slug":"me-vacie-ya-no-tengo-mas-para-dar-messi-anuncia-su-retirada-de-la-seleccion-argentina-bbc","status":"publish","type":"post","link":"https:\/\/losperiodistas.com.mx\/portal\/me-vacie-ya-no-tengo-mas-para-dar-messi-anuncia-su-retirada-de-la-seleccion-argentina-bbc\/","title":{"rendered":"\u00abMe vaci\u00e9, ya no tengo m\u00e1s para dar\u00bb: Messi anuncia su retirada de la selecci\u00f3n argentina | BBC"},"content":{"rendered":"\n<figure class=\"wp-block-image size-large\"><img fetchpriority=\"high\" decoding=\"async\" width=\"1024\" height=\"576\" src=\"https:\/\/losperiodistas.com.mx\/portal\/wp-content\/uploads\/2026\/09\/Messi-1024x576.png\" alt=\"\" class=\"wp-image-129701\" srcset=\"https:\/\/losperiodistas.com.mx\/portal\/wp-content\/uploads\/2026\/09\/Messi-1024x576.png 1024w, https:\/\/losperiodistas.com.mx\/portal\/wp-content\/uploads\/2026\/09\/Messi-300x169.png 300w, https:\/\/losperiodistas.com.mx\/portal\/wp-content\/uploads\/2026\/09\/Messi-768x432.png 768w, https:\/\/losperiodistas.com.mx\/portal\/wp-content\/uploads\/2026\/09\/Messi.png 1211w\" sizes=\"(max-width: 1024px) 100vw, 1024px\" \/><\/figure>\n\n\n\n<p class=\"has-vivid-red-color has-text-color has-link-color wp-elements-01f436bfc08110478111dbc793911148\">Redacci\u00f3n \/ BBC<\/p>\n\n\n\n<p><strong>Lionel Messi anunci\u00f3 este lunes su retirada de la selecci\u00f3n argentina tras m\u00e1s de dos d\u00e9cadas en las que ha roto los r\u00e9cords de partidos y goles de la historia de la Albiceleste.<\/strong><\/p>\n\n\n\n<p>\u00abDespu\u00e9s de este tiempo que pas\u00f3 desde la final, pens\u00e1ndolo mucho, quiero comunicarles a todos que me retiro de la Selecci\u00f3n\u00bb, escribi\u00f3 el futbolista de 39 a\u00f1os en un mensaje publicado en su cuenta de Instagram.<\/p>\n\n\n\n<p>Messi, que actualmente juega como delantero en el Inter Miami de la liga MLS de EE.UU., explic\u00f3 que \u00abfue una decisi\u00f3n que doli\u00f3 y duele en el alma\u00bb pero asegur\u00f3 entender que \u00abes el momento\u00bb.<\/p>\n\n\n\n<p>\u00abMe vaci\u00e9, ya no tengo m\u00e1s para dar y aparte vienen chicos muy grandes atr\u00e1s que merecen estar\u00bb, agreg\u00f3.<\/p>\n\n\n\n<p>El hasta ahora capit\u00e1n de Argentina revel\u00f3 al final de su mensaje que hab\u00eda escrito esas palabras el 21 de julio, apenas dos d\u00edas despu\u00e9s de perder la final del Mundial de 2026 ante Espa\u00f1a, aunque decidi\u00f3 no publicarlas entonces.<\/p>\n\n\n\n<p>Indic\u00f3 que la muerte de su padre, Jorge Messi, el pasado 8 de agosto en Rosario a los 68 a\u00f1os tras una larga enfermedad termin\u00f3 de reafirmar una decisi\u00f3n que ya hab\u00eda tomado.<\/p>\n\n\n\n<p>\u00abHoy despu\u00e9s de lo de mi pap\u00e1, estoy m\u00e1s convencido que antes\u00bb, escribi\u00f3 el considerado por muchos el mejor futbolista de todos los tiempos.<\/p>\n\n\n\n<p>Messi disput\u00f3 con Argentina 207 partidos, marc\u00f3 125 goles y conquist\u00f3 el Mundial de 2022 y dos Copas Am\u00e9rica.<\/p>\n\n\n\n<h2 class=\"wp-block-heading\">\u00abAhora ser\u00e9 uno m\u00e1s de ustedes\u00bb<\/h2>\n\n\n\n<figure class=\"wp-block-image size-full\"><img decoding=\"async\" width=\"800\" height=\"533\" src=\"https:\/\/losperiodistas.com.mx\/portal\/wp-content\/uploads\/2026\/09\/imagen-2.png\" alt=\"\" class=\"wp-image-129702\" srcset=\"https:\/\/losperiodistas.com.mx\/portal\/wp-content\/uploads\/2026\/09\/imagen-2.png 800w, https:\/\/losperiodistas.com.mx\/portal\/wp-content\/uploads\/2026\/09\/imagen-2-300x200.png 300w, https:\/\/losperiodistas.com.mx\/portal\/wp-content\/uploads\/2026\/09\/imagen-2-768x512.png 768w\" sizes=\"(max-width: 800px) 100vw, 800px\" \/><figcaption class=\"wp-element-caption\">Messi ha batido r\u00e9cords tanto en Argentina como en la historia de los mundiales y el f\u00fatbol.<\/figcaption><\/figure>\n\n\n\n<p>Su \u00faltimo encuentro con Argentina fue la final del Mundial el pasado 19 de julio en Nueva Jersey, en la que Espa\u00f1a derrot\u00f3 por 1-0 a la anterior campeona con un gol de Ferran Torres en la pr\u00f3rroga.<\/p>\n\n\n\n<p>Messi hab\u00eda llevado a su selecci\u00f3n hasta su segunda final mundialista consecutiva, cuatro a\u00f1os despu\u00e9s de levantar el trofeo en Qatar.<\/p>\n\n\n\n<p>\u00abLes juro que siempre dej\u00e9 todo, no solo los \u00faltimos a\u00f1os que se gan\u00f3 todo, antes tambi\u00e9n\u00bb, afirm\u00f3 el capit\u00e1n argentino en su despedida.<\/p>\n\n\n\n<p>Y agreg\u00f3 que \u00absiempre pele\u00e9 y me dej\u00e9 todo por esta camiseta, por darles alegr\u00edas y hacer que se sientan orgullosos de ser argentinos a trav\u00e9s del f\u00fatbol\u00bb.<\/p>\n\n\n\n<p>\u00abAmo, am\u00e9 y amar\u00e9 siempre estar en la Selecci\u00f3n\u00bb, escribi\u00f3 Messi. \u00abAhora voy a ser uno m\u00e1s de ustedes, alentando y bancando siempre desde afuera\u00bb.<\/p>\n\n\n\n<p>Y cerr\u00f3 su despedida con una frase: \u00abGracias Dios por hacerme argentino. \u00a1Vamos Argentina!\u00bb<\/p>\n\n\n\n<h2 class=\"wp-block-heading\" id=\"Un-historial-gal\u00e1ctico\">Un historial gal\u00e1ctico<\/h2>\n\n\n\n<figure class=\"wp-block-image size-full\"><img decoding=\"async\" width=\"800\" height=\"533\" src=\"https:\/\/losperiodistas.com.mx\/portal\/wp-content\/uploads\/2026\/09\/imagen-3.png\" alt=\"\" class=\"wp-image-129703\" srcset=\"https:\/\/losperiodistas.com.mx\/portal\/wp-content\/uploads\/2026\/09\/imagen-3.png 800w, https:\/\/losperiodistas.com.mx\/portal\/wp-content\/uploads\/2026\/09\/imagen-3-300x200.png 300w, https:\/\/losperiodistas.com.mx\/portal\/wp-content\/uploads\/2026\/09\/imagen-3-768x512.png 768w\" sizes=\"(max-width: 800px) 100vw, 800px\" \/><figcaption class=\"wp-element-caption\">Tras varios intentos, finalmente la Argentina de Messi se hizo con la Copa del Mundo en Qatar 2022.<\/figcaption><\/figure>\n\n\n\n<p>Tanto los 207 partidos disputados como los 125 goles que ha acumulado Messi son r\u00e9cords absolutos para Argentina.<\/p>\n\n\n\n<p>El jugador debut\u00f3 el 17 de agosto de 2005, con 18 a\u00f1os, en un amistoso contra Hungr\u00eda en Budapest que comenz\u00f3 de manera ins\u00f3lita: entr\u00f3 como suplente y fue expulsado apenas 47 segundos despu\u00e9s.<\/p>\n\n\n\n<p>Durante a\u00f1os, sus \u00e9xitos con el Barcelona (en el que gan\u00f3 4 Ligas de Campeones) contrastaron con los trofeos que se le resist\u00edan con Argentina.<\/p>\n\n\n\n<p>Perdi\u00f3 la final del Mundial de Brasil 2014 y tres finales de la Copa Am\u00e9rica, y tras caer ante Chile en la de 2016 lleg\u00f3 a anunciar por primera vez que dejaba la selecci\u00f3n, aunque poco despu\u00e9s dio marcha atr\u00e1s.<\/p>\n\n\n\n<p>La recompensa lleg\u00f3 en la \u00faltima etapa de su carrera internacional: lider\u00f3 con Argentina la conquista de la Copa Am\u00e9rica de 2021, la Finalissima de 2022, el Mundial de Qatar de 2022 y nuevamente la Copa Am\u00e9rica de 2024.<\/p>\n\n\n\n<p>Y, pese a que perdi\u00f3 la final de la \u00faltima Copa del Mundo, a sus 39 a\u00f1os sigui\u00f3 siendo decisivo sobre el campo.<\/p>\n\n\n\n<p>En el torneo de 2026 marc\u00f3 ocho goles, dio cuatro asistencias, y termin\u00f3 como segundo m\u00e1ximo goleador por detr\u00e1s del franc\u00e9s Kylian Mbapp\u00e9.<\/p>\n\n\n\n<p>El torneo tambi\u00e9n ampli\u00f3 algunos de sus r\u00e9cords hist\u00f3ricos: Messi se despide como el futbolista con m\u00e1s partidos jugados en Mundiales (34) y con 21 goles, la mayor cifra de cualquier jugador en la historia de la competici\u00f3n.<\/p>\n\n\n\n<p>Su retirada afecta \u00fanicamente a la selecci\u00f3n, ya que Messi contin\u00faa jugando con el Inter Miami, con el que tiene contrato hasta finales de 2028.<\/p>\n\n\n\n<p>De hecho, dos d\u00edas antes de anunciar su despedida de Argentina marc\u00f3 cuatro goles y dio una asistencia en la victoria por 7-1 del Inter Miami sobre Montreal, una actuaci\u00f3n que lo coloc\u00f3 al frente de la tabla de goleadores de la MLS esta temporada, con 18 tantos.<\/p>\n\n\n\n<p>Fuente: <a href=\"https:\/\/www.bbc.com\/mundo\/articles\/cp8dkw2z2wyo\" target=\"_blank\" rel=\"noreferrer noopener\">BBC<\/a><\/p>\n","protected":false},"excerpt":{"rendered":"<p>Redacci\u00f3n \/ BBC Lionel Messi anunci\u00f3 este lunes su retirada de la selecci\u00f3n argentina tras m\u00e1s de dos d\u00e9cadas en [&hellip;]<\/p>\n","protected":false},"author":1,"featured_media":129701,"comment_status":"open","ping_status":"open","sticky":false,"template":"","format":"standard","meta":{"site-sidebar-layout":"default","site-content-layout":"","ast-site-content-layout":"default","site-content-style":"default","site-sidebar-style":"default","ast-global-header-display":"","ast-banner-title-visibility":"","ast-main-header-display":"","ast-hfb-above-header-display":"","ast-hfb-below-header-display":"","ast-hfb-mobile-header-display":"","site-post-title":"","ast-breadcrumbs-content":"","ast-featured-img":"","footer-sml-layout":"","theme-transparent-header-meta":"","adv-header-id-meta":"","stick-header-meta":"","header-above-stick-meta":"","header-main-stick-meta":"","header-below-stick-meta":"","astra-migrate-meta-layouts":"default","ast-page-background-enabled":"default","ast-page-background-meta":{"desktop":{"background-color":"var(--ast-global-color-4)","background-image":"","background-repeat":"repeat","background-position":"center center","background-size":"auto","background-attachment":"scroll","background-type":"","background-media":"","overlay-type":"","overlay-color":"","overlay-opacity":"","overlay-gradient":""},"tablet":{"background-color":"","background-image":"","background-repeat":"repeat","background-position":"center center","background-size":"auto","background-attachment":"scroll","background-type":"","background-media":"","overlay-type":"","overlay-color":"","overlay-opacity":"","overlay-gradient":""},"mobile":{"background-color":"","background-image":"","background-repeat":"repeat","background-position":"center center","background-size":"auto","background-attachment":"scroll","background-type":"","background-media":"","overlay-type":"","overlay-color":"","overlay-opacity":"","overlay-gradient":""}},"ast-content-background-meta":{"desktop":{"background-color":"var(--ast-global-color-5)","background-image":"","background-repeat":"repeat","background-position":"center center","background-size":"auto","background-attachment":"scroll","background-type":"","background-media":"","overlay-type":"","overlay-color":"","overlay-opacity":"","overlay-gradient":""},"tablet":{"background-color":"var(--ast-global-color-5)","background-image":"","background-repeat":"repeat","background-position":"center center","background-size":"auto","background-attachment":"scroll","background-type":"","background-media":"","overlay-type":"","overlay-color":"","overlay-opacity":"","overlay-gradient":""},"mobile":{"background-color":"var(--ast-global-color-5)","background-image":"","background-repeat":"repeat","background-position":"center center","background-size":"auto","background-attachment":"scroll","background-type":"","background-media":"","overlay-type":"","overlay-color":"","overlay-opacity":"","overlay-gradient":""}},"footnotes":""},"categories":[8],"tags":[52851,52852,52853,52849,52850],"class_list":["post-129700","post","type-post","status-publish","format-standard","has-post-thumbnail","hentry","category-noticias","tag-cuenta-de-instagram","tag-inter-miami","tag-me-vacie","tag-messi-se-retira","tag-seleccion-argentina"],"_links":{"self":[{"href":"https:\/\/losperiodistas.com.mx\/portal\/wp-json\/wp\/v2\/posts\/129700","targetHints":{"allow":["GET"]}}],"collection":[{"href":"https:\/\/losperiodistas.com.mx\/portal\/wp-json\/wp\/v2\/posts"}],"about":[{"href":"https:\/\/losperiodistas.com.mx\/portal\/wp-json\/wp\/v2\/types\/post"}],"author":[{"embeddable":true,"href":"https:\/\/losperiodistas.com.mx\/portal\/wp-json\/wp\/v2\/users\/1"}],"replies":[{"embeddable":true,"href":"https:\/\/losperiodistas.com.mx\/portal\/wp-json\/wp\/v2\/comments?post=129700"}],"version-history":[{"count":1,"href":"https:\/\/losperiodistas.com.mx\/portal\/wp-json\/wp\/v2\/posts\/129700\/revisions"}],"predecessor-version":[{"id":129704,"href":"https:\/\/losperiodistas.com.mx\/portal\/wp-json\/wp\/v2\/posts\/129700\/revisions\/129704"}],"wp:featuredmedia":[{"embeddable":true,"href":"https:\/\/losperiodistas.com.mx\/portal\/wp-json\/wp\/v2\/media\/129701"}],"wp:attachment":[{"href":"https:\/\/losperiodistas.com.mx\/portal\/wp-json\/wp\/v2\/media?parent=129700"}],"wp:term":[{"taxonomy":"category","embeddable":true,"href":"https:\/\/losperiodistas.com.mx\/portal\/wp-json\/wp\/v2\/categories?post=129700"},{"taxonomy":"post_tag","embeddable":true,"href":"https:\/\/losperiodistas.com.mx\/portal\/wp-json\/wp\/v2\/tags?post=129700"}],"curies":[{"name":"wp","href":"https:\/\/api.w.org\/{rel}","templated":true}]}}