{"id":129695,"date":"2026-09-01T00:26:10","date_gmt":"2026-09-01T06:26:10","guid":{"rendered":"https:\/\/losperiodistas.com.mx\/portal\/?p=129695"},"modified":"2026-09-01T00:26:11","modified_gmt":"2026-09-01T06:26:11","slug":"marina-y-fgr-aseguran-800-mil-litros-de-hidrocarburo-y-3-tractocamiones-en-puebla-sin-embargo","status":"publish","type":"post","link":"https:\/\/losperiodistas.com.mx\/portal\/marina-y-fgr-aseguran-800-mil-litros-de-hidrocarburo-y-3-tractocamiones-en-puebla-sin-embargo\/","title":{"rendered":"Marina y FGR aseguran 800 mil litros de hidrocarburo y 3 tractocamiones en Puebla | Sin embargo"},"content":{"rendered":"\n<p>El operativo se realiz\u00f3 como parte de una investigaci\u00f3n por presuntos delitos relacionados con hidrocarburos y delincuencia organizada.<\/p>\n\n\n\n<figure class=\"wp-block-image size-large\"><img fetchpriority=\"high\" decoding=\"async\" width=\"1024\" height=\"540\" src=\"https:\/\/losperiodistas.com.mx\/portal\/wp-content\/uploads\/2026\/09\/huachicol-puebla-1024x540.png\" alt=\"\" class=\"wp-image-129696\" srcset=\"https:\/\/losperiodistas.com.mx\/portal\/wp-content\/uploads\/2026\/09\/huachicol-puebla-1024x540.png 1024w, https:\/\/losperiodistas.com.mx\/portal\/wp-content\/uploads\/2026\/09\/huachicol-puebla-300x158.png 300w, https:\/\/losperiodistas.com.mx\/portal\/wp-content\/uploads\/2026\/09\/huachicol-puebla-768x405.png 768w, https:\/\/losperiodistas.com.mx\/portal\/wp-content\/uploads\/2026\/09\/huachicol-puebla.png 1500w\" sizes=\"(max-width: 1024px) 100vw, 1024px\" \/><figcaption class=\"wp-element-caption\">Vista a\u00e9rea del inmueble intervenido en Huejotzingo, Puebla. Foto: FGR<\/figcaption><\/figure>\n\n\n\n<p class=\"has-vivid-red-color has-text-color has-link-color wp-elements-10eea1aeaed4c17f45168dd41cf5668c\">Redacci\u00f3n \/ SinEmbargo<\/p>\n\n\n\n<p>Elementos de la <strong>Secretar\u00eda de Marina<\/strong> (Semar) y de la <strong>Fiscal\u00eda General de la Rep\u00fablica<\/strong> (FGR) aseguraron cerca de <strong>800 mil litros de hidrocarburo<\/strong>,<strong>tres tractocamiones<\/strong> y documentaci\u00f3n durante un cateo a un inmueble ubicado en <strong>Huejotzingo<\/strong>, Puebla.<\/p>\n\n\n\n<p>A trav\u00e9s de un <strong>comunicado <\/strong>la FGR detall\u00f3 este lunes que la diligencia deriv\u00f3 de una investigaci\u00f3n por posibles <strong>delitos en materia de hidrocarburos<\/strong> y<strong>delincuencia organizada<\/strong>, luego de que trabajos de inteligencia permitieran detectar presuntas irregularidades en el almacenamiento y manejo de combustibles en el lugar.<\/p>\n\n\n\n<p>El predio era utilizado por una empresa dedicada a la fabricaci\u00f3n y comercializaci\u00f3n de combustibles alternos y contaba con infraestructura para el resguardo de producto l\u00edquido.<\/p>\n\n\n\n<figure class=\"wp-block-image size-full\"><img decoding=\"async\" width=\"700\" height=\"400\" src=\"https:\/\/losperiodistas.com.mx\/portal\/wp-content\/uploads\/2026\/09\/imagen.png\" alt=\"\" class=\"wp-image-129697\" srcset=\"https:\/\/losperiodistas.com.mx\/portal\/wp-content\/uploads\/2026\/09\/imagen.png 700w, https:\/\/losperiodistas.com.mx\/portal\/wp-content\/uploads\/2026\/09\/imagen-300x171.png 300w\" sizes=\"(max-width: 700px) 100vw, 700px\" \/><figcaption class=\"wp-element-caption\">Durante el cateo en Huejotzingo, autoridades federales aseguraron cerca de 800 mil litros de hidrocarburo y diversos indicios relacionados con la investigaci\u00f3n. Foto: FGR<\/figcaption><\/figure>\n\n\n\n<h2 class=\"wp-block-heading\">Decomiso en Huejotzingo alcanza un valor estimado de 16.8 mdp<\/h2>\n\n\n\n<p>En el operativo tambi\u00e9n participaron elementos de la Secretar\u00eda de Seguridad y Protecci\u00f3n Ciudadana (SSPC) y personal de Petr\u00f3leos Mexicanos (Pemex). Durante la revisi\u00f3n del predio, las autoridades localizaron tres tractocamiones con dep\u00f3sitos abastecidos de producto l\u00edquido, adem\u00e1s de equipos de c\u00f3mputo y diversos documentos.<\/p>\n\n\n\n<p>Entre los elementos decomisados destacan:<\/p>\n\n\n\n<ul class=\"wp-block-list\">\n<li>Una unidad verde con un tanque de aproximadamente 20 mil litros.<\/li>\n\n\n\n<li>Un veh\u00edculo blanco acoplado a un dep\u00f3sito con capacidad cercana a 39 mil 500 litros.<\/li>\n\n\n\n<li>Otro tractocami\u00f3n blanco equipado con un contenedor de alrededor de 20 mil litros.<\/li>\n<\/ul>\n\n\n\n<p>Adem\u00e1s, fueron recolectadas muestras de l\u00edquidos de tonalidades oscura y \u00e1mbar, que ser\u00e1n sometidas a estudios periciales para conocer su composici\u00f3n, origen y naturaleza. Los agentes tambi\u00e9n incautaron computadoras port\u00e1tiles, equipos CPU y documentaci\u00f3n considerada relevante para las indagatorias.<\/p>\n\n\n\n<p>De acuerdo con las autoridades, lo decomisado tiene un valor estimado de 16 millones 851 mil pesos, por lo que la acci\u00f3n represent\u00f3 un golpe a las actividades relacionadas con el robo, almacenamiento y distribuci\u00f3n ilegal de hidrocarburos.<\/p>\n\n\n\n<p>Una vez concluida la diligencia, el inmueble fue sellado y qued\u00f3 bajo resguardo oficial. Agentes del Ministerio P\u00fablico Federal y peritos de la FGR se encargaron del procesamiento del sitio y del levantamiento de los indicios.<\/p>\n\n\n\n<figure class=\"wp-block-image size-full\"><img decoding=\"async\" width=\"700\" height=\"400\" src=\"https:\/\/losperiodistas.com.mx\/portal\/wp-content\/uploads\/2026\/09\/imagen-1.png\" alt=\"\" class=\"wp-image-129698\" srcset=\"https:\/\/losperiodistas.com.mx\/portal\/wp-content\/uploads\/2026\/09\/imagen-1.png 700w, https:\/\/losperiodistas.com.mx\/portal\/wp-content\/uploads\/2026\/09\/imagen-1-300x171.png 300w\" sizes=\"(max-width: 700px) 100vw, 700px\" \/><figcaption class=\"wp-element-caption\">El inmueble cateado en Huejotzingo era utilizado por una empresa dedicada a la fabricaci\u00f3n y comercializaci\u00f3n de combustibles alternos. Foto: FGR<\/figcaption><\/figure>\n\n\n\n<p>Fuente: <a href=\"https:\/\/www.sinembargo.mx\/4862991\/la-marina-y-fgr-incautan-800-mil-litros-de-hidrocarburo-y-3-tractocamiones-en-puebla\/\" target=\"_blank\" rel=\"noreferrer noopener\">SinEmbargo<\/a><\/p>\n\n\n\n<p><\/p>\n","protected":false},"excerpt":{"rendered":"<p>El operativo se realiz\u00f3 como parte de una investigaci\u00f3n por presuntos delitos relacionados con hidrocarburos y delincuencia organizada.<\/p>\n","protected":false},"author":1,"featured_media":129696,"comment_status":"open","ping_status":"open","sticky":false,"template":"","format":"standard","meta":{"site-sidebar-layout":"default","site-content-layout":"","ast-site-content-layout":"default","site-content-style":"default","site-sidebar-style":"default","ast-global-header-display":"","ast-banner-title-visibility":"","ast-main-header-display":"","ast-hfb-above-header-display":"","ast-hfb-below-header-display":"","ast-hfb-mobile-header-display":"","site-post-title":"","ast-breadcrumbs-content":"","ast-featured-img":"","footer-sml-layout":"","theme-transparent-header-meta":"","adv-header-id-meta":"","stick-header-meta":"","header-above-stick-meta":"","header-main-stick-meta":"","header-below-stick-meta":"","astra-migrate-meta-layouts":"default","ast-page-background-enabled":"default","ast-page-background-meta":{"desktop":{"background-color":"var(--ast-global-color-4)","background-image":"","background-repeat":"repeat","background-position":"center center","background-size":"auto","background-attachment":"scroll","background-type":"","background-media":"","overlay-type":"","overlay-color":"","overlay-opacity":"","overlay-gradient":""},"tablet":{"background-color":"","background-image":"","background-repeat":"repeat","background-position":"center center","background-size":"auto","background-attachment":"scroll","background-type":"","background-media":"","overlay-type":"","overlay-color":"","overlay-opacity":"","overlay-gradient":""},"mobile":{"background-color":"","background-image":"","background-repeat":"repeat","background-position":"center center","background-size":"auto","background-attachment":"scroll","background-type":"","background-media":"","overlay-type":"","overlay-color":"","overlay-opacity":"","overlay-gradient":""}},"ast-content-background-meta":{"desktop":{"background-color":"var(--ast-global-color-5)","background-image":"","background-repeat":"repeat","background-position":"center center","background-size":"auto","background-attachment":"scroll","background-type":"","background-media":"","overlay-type":"","overlay-color":"","overlay-opacity":"","overlay-gradient":""},"tablet":{"background-color":"var(--ast-global-color-5)","background-image":"","background-repeat":"repeat","background-position":"center center","background-size":"auto","background-attachment":"scroll","background-type":"","background-media":"","overlay-type":"","overlay-color":"","overlay-opacity":"","overlay-gradient":""},"mobile":{"background-color":"var(--ast-global-color-5)","background-image":"","background-repeat":"repeat","background-position":"center center","background-size":"auto","background-attachment":"scroll","background-type":"","background-media":"","overlay-type":"","overlay-color":"","overlay-opacity":"","overlay-gradient":""}},"footnotes":""},"categories":[8],"tags":[46383,3572,5738,6367,3603,52848],"class_list":["post-129695","post","type-post","status-publish","format-standard","has-post-thumbnail","hentry","category-noticias","tag-aseguramiento-de-hidrocarburos","tag-fgr","tag-huejotzingo","tag-marina","tag-puebla","tag-tractocamiones"],"_links":{"self":[{"href":"https:\/\/losperiodistas.com.mx\/portal\/wp-json\/wp\/v2\/posts\/129695","targetHints":{"allow":["GET"]}}],"collection":[{"href":"https:\/\/losperiodistas.com.mx\/portal\/wp-json\/wp\/v2\/posts"}],"about":[{"href":"https:\/\/losperiodistas.com.mx\/portal\/wp-json\/wp\/v2\/types\/post"}],"author":[{"embeddable":true,"href":"https:\/\/losperiodistas.com.mx\/portal\/wp-json\/wp\/v2\/users\/1"}],"replies":[{"embeddable":true,"href":"https:\/\/losperiodistas.com.mx\/portal\/wp-json\/wp\/v2\/comments?post=129695"}],"version-history":[{"count":1,"href":"https:\/\/losperiodistas.com.mx\/portal\/wp-json\/wp\/v2\/posts\/129695\/revisions"}],"predecessor-version":[{"id":129699,"href":"https:\/\/losperiodistas.com.mx\/portal\/wp-json\/wp\/v2\/posts\/129695\/revisions\/129699"}],"wp:featuredmedia":[{"embeddable":true,"href":"https:\/\/losperiodistas.com.mx\/portal\/wp-json\/wp\/v2\/media\/129696"}],"wp:attachment":[{"href":"https:\/\/losperiodistas.com.mx\/portal\/wp-json\/wp\/v2\/media?parent=129695"}],"wp:term":[{"taxonomy":"category","embeddable":true,"href":"https:\/\/losperiodistas.com.mx\/portal\/wp-json\/wp\/v2\/categories?post=129695"},{"taxonomy":"post_tag","embeddable":true,"href":"https:\/\/losperiodistas.com.mx\/portal\/wp-json\/wp\/v2\/tags?post=129695"}],"curies":[{"name":"wp","href":"https:\/\/api.w.org\/{rel}","templated":true}]}}