{"id":129692,"date":"2026-09-01T00:13:40","date_gmt":"2026-09-01T06:13:40","guid":{"rendered":"https:\/\/losperiodistas.com.mx\/portal\/?p=129692"},"modified":"2026-09-01T00:13:42","modified_gmt":"2026-09-01T06:13:42","slug":"enrique-inzunza-reaparece-en-el-senado-tras-mas-de-100-dias-de-ausencia-el-pais","status":"publish","type":"post","link":"https:\/\/losperiodistas.com.mx\/portal\/enrique-inzunza-reaparece-en-el-senado-tras-mas-de-100-dias-de-ausencia-el-pais\/","title":{"rendered":"Enrique Inzunza reaparece en el Senado tras m\u00e1s de 100 d\u00edas de ausencia | El Pa\u00eds"},"content":{"rendered":"\n<p>El legislador sinaloense, se\u00f1alado de nexos con el crimen organizado por Estados Unidos junto con Rub\u00e9n Rocha Moya, se declara inocente en su regreso al Congreso tras separarse de Morena<\/p>\n\n\n\n<figure class=\"wp-block-embed is-type-video is-provider-youtube wp-block-embed-youtube wp-embed-aspect-16-9 wp-has-aspect-ratio\"><div class=\"wp-block-embed__wrapper\">\n<iframe title=\"Reaparece el senador INZUNZA tras casi 100 d\u00edas de AUSENCIA | EL PA\u00cdS\" width=\"500\" height=\"281\" src=\"https:\/\/www.youtube.com\/embed\/M0CwwlYK2kI?feature=oembed\" frameborder=\"0\" allow=\"accelerometer; autoplay; clipboard-write; encrypted-media; gyroscope; picture-in-picture; web-share\" referrerpolicy=\"strict-origin-when-cross-origin\" allowfullscreen><\/iframe>\n<\/div><\/figure>\n\n\n\n<p class=\"has-vivid-red-color has-text-color has-link-color wp-elements-c46c3a0a25c6f0b01b778f83dc8c27d5\">Elia Castillo Jim\u00e9nez \/ El Pa\u00eds<\/p>\n\n\n\n<p>Enrique Inzunza ha vuelto al Senado este lunes. Lo ha hecho 124 d\u00edas despu\u00e9s de desaparecer de la escena p\u00fablica, con Rub\u00e9n Rocha Moya fuera de la gubernatura de Sinaloa, sin sitio en la bancada de Morena y bajo una investigaci\u00f3n de la Fiscal\u00eda General de la Rep\u00fablica de Ernestina Godoy. La carpeta indagatoria sigue abierta cuatro meses despu\u00e9s de que el Departamento de Justicia de Estados Unidos solicitara su detenci\u00f3n con fines de extradici\u00f3n junto con nueve exfuncionarios y funcionarios de la Administraci\u00f3n del Estado norte\u00f1o, incluido el gobernador del Estado, por presuntos v\u00ednculos con una facci\u00f3n del C\u00e1rtel de Sinaloa.<\/p>\n\n\n\n<p>Su regreso no ha sido mesurado. Inzunza lleg\u00f3 con la espada desenvainada, a la defensiva, dispuesto a responder a las acusaciones que lo han perseguido desde el 29 de abril. \u201cSoy constitucional y ver\u00eddicamente inocente [\u2026] A cuatro meses, queda claro que estamos en presencia de un asunto pol\u00edtico, no jur\u00eddico, ni judicial [\u2026] He sido objeto de una embestida medi\u00e1tica\u201d, lanz\u00f3 ante los primeros cuestionamientos de los medios de comunicaci\u00f3n arremolinados en la explanada central del Senado mexicano.<\/p>\n\n\n\n<p>Inzunza, entre tanto, ha puesto el foco en la actuaci\u00f3n de las autoridades para avanzar en su caso . \u201c\u00bfLa Fiscal\u00eda deber\u00eda concluir su investigaci\u00f3n? Yo considero que s\u00ed. M\u00e1s de cuatro meses ha sido un plazo m\u00e1s que suficiente para que se concluya y se deslinden las responsabilidades\u201d, respondi\u00f3.<\/p>\n\n\n\n<p>El senador ha insistido en que no existen pruebas en su contra y ha rechazado cualquier relaci\u00f3n con el narcotr\u00e1fico. Cuando fue cuestionado sobre si es un \u201cnarcolegislador\u201d, respondi\u00f3 tajante: \u201cNo lo soy, nunca he sido un narconada. Ni narconibliotecario, ni narcotaquero, ni narcomagistrado, ni narcolegislador\u201d. Durante su primer contacto con los medios despu\u00e9s de m\u00e1s de 100 d\u00edas de ausencia, el senador no se mostr\u00f3 dispuesto a aceptar el papel de acusado que le han asignado las autoridades estadounidenses. Respondi\u00f3 con dureza a los cuestionamientos y convirti\u00f3 buena parte de su comparecencia en una defensa de su inocencia.<\/p>\n\n\n\n<p>Su regreso ocurre, adem\u00e1s, despu\u00e9s de haber tomado la decisi\u00f3n de separarse de la bancada de Morena. Un deslinde que ha dejado claro, no necesariamente equivale a una ruptura. \u201cLa decisi\u00f3n fue estrictamente personal, lo decid\u00ed yo\u201d, ha dicho sobre el abandono de su grupo parlamentario que incluso lo ha conminado a pedir licencia.<\/p>\n\n\n\n<p>Hace apenas unos d\u00edas el senador sinaloense anunci\u00f3 su salida de la bancada de Morena para continuar como legislador sin partido. La decisi\u00f3n tuvo un rechazo un\u00e1nime. La presidenta Claudia Sheinbaum, la dirigencia del partido a cargo de Ariadna Montiel y sus correligionarios consideraron que, antes que dejar el grupo parlamentario, debi\u00f3 pedir licencia para enfrentar las investigaciones sin la protecci\u00f3n del fuero constitucional.<\/p>\n\n\n\n<p>Inzunza no anunci\u00f3 su salida de Morena. Al contrario, dej\u00f3 impl\u00edcito que no pretende hacerlo. Su argumento es que separarse de la bancada es una decisi\u00f3n pol\u00edtica y parlamentaria, mientras que su permanencia en las filas del partido corresponde a Morena. La Comisi\u00f3n Nacional de Honestidad y Justicia ser\u00e1 la que determine, en su caso, si procede alguna medida sobre sus derechos partidistas ha dicho Montiel sobre el tema.<\/p>\n\n\n\n<p>El legislador concluy\u00f3 la conferencia de prensa para incorporase a los trabajos previos al inicio del periodo de sesiones, que arranca este martes. Morena ha marcado distancia. El coordinador de la bancada guinda, Ignacio Mier, le ha pedido hacerse responsable de su situaci\u00f3n. Inzunza, sin embargo, ha hecho o\u00eddos sordos. Hasta hoy sostiene que permanecer\u00e1 en el Senado.<\/p>\n\n\n\n<p>Fuente: <a href=\"https:\/\/elpais.com\/mexico\/2026-08-31\/enrique-inzunza-reaparece-en-el-senado-tras-mas-de-100-dias-de-ausencia.html\" target=\"_blank\" rel=\"noreferrer noopener\">El Pa\u00eds <\/a><\/p>\n","protected":false},"excerpt":{"rendered":"<p>El legislador sinaloense, se\u00f1alado de nexos con el crimen organizado por Estados Unidos junto con Rub\u00e9n Rocha Moya, se declara inocente en su regreso al Congreso tras separarse de Morena<\/p>\n","protected":false},"author":1,"featured_media":129693,"comment_status":"open","ping_status":"open","sticky":false,"template":"","format":"standard","meta":{"site-sidebar-layout":"default","site-content-layout":"","ast-site-content-layout":"default","site-content-style":"default","site-sidebar-style":"default","ast-global-header-display":"","ast-banner-title-visibility":"","ast-main-header-display":"","ast-hfb-above-header-display":"","ast-hfb-below-header-display":"","ast-hfb-mobile-header-display":"","site-post-title":"","ast-breadcrumbs-content":"","ast-featured-img":"","footer-sml-layout":"","theme-transparent-header-meta":"","adv-header-id-meta":"","stick-header-meta":"","header-above-stick-meta":"","header-main-stick-meta":"","header-below-stick-meta":"","astra-migrate-meta-layouts":"default","ast-page-background-enabled":"default","ast-page-background-meta":{"desktop":{"background-color":"var(--ast-global-color-4)","background-image":"","background-repeat":"repeat","background-position":"center center","background-size":"auto","background-attachment":"scroll","background-type":"","background-media":"","overlay-type":"","overlay-color":"","overlay-opacity":"","overlay-gradient":""},"tablet":{"background-color":"","background-image":"","background-repeat":"repeat","background-position":"center center","background-size":"auto","background-attachment":"scroll","background-type":"","background-media":"","overlay-type":"","overlay-color":"","overlay-opacity":"","overlay-gradient":""},"mobile":{"background-color":"","background-image":"","background-repeat":"repeat","background-position":"center center","background-size":"auto","background-attachment":"scroll","background-type":"","background-media":"","overlay-type":"","overlay-color":"","overlay-opacity":"","overlay-gradient":""}},"ast-content-background-meta":{"desktop":{"background-color":"var(--ast-global-color-5)","background-image":"","background-repeat":"repeat","background-position":"center center","background-size":"auto","background-attachment":"scroll","background-type":"","background-media":"","overlay-type":"","overlay-color":"","overlay-opacity":"","overlay-gradient":""},"tablet":{"background-color":"var(--ast-global-color-5)","background-image":"","background-repeat":"repeat","background-position":"center center","background-size":"auto","background-attachment":"scroll","background-type":"","background-media":"","overlay-type":"","overlay-color":"","overlay-opacity":"","overlay-gradient":""},"mobile":{"background-color":"var(--ast-global-color-5)","background-image":"","background-repeat":"repeat","background-position":"center center","background-size":"auto","background-attachment":"scroll","background-type":"","background-media":"","overlay-type":"","overlay-color":"","overlay-opacity":"","overlay-gradient":""}},"footnotes":""},"categories":[8],"tags":[52846,48789,52847],"class_list":["post-129692","post","type-post","status-publish","format-standard","has-post-thumbnail","hentry","category-noticias","tag-100-dias-de-ausencia","tag-enrique-inzunza","tag-legislador-sinaloense"],"_links":{"self":[{"href":"https:\/\/losperiodistas.com.mx\/portal\/wp-json\/wp\/v2\/posts\/129692","targetHints":{"allow":["GET"]}}],"collection":[{"href":"https:\/\/losperiodistas.com.mx\/portal\/wp-json\/wp\/v2\/posts"}],"about":[{"href":"https:\/\/losperiodistas.com.mx\/portal\/wp-json\/wp\/v2\/types\/post"}],"author":[{"embeddable":true,"href":"https:\/\/losperiodistas.com.mx\/portal\/wp-json\/wp\/v2\/users\/1"}],"replies":[{"embeddable":true,"href":"https:\/\/losperiodistas.com.mx\/portal\/wp-json\/wp\/v2\/comments?post=129692"}],"version-history":[{"count":1,"href":"https:\/\/losperiodistas.com.mx\/portal\/wp-json\/wp\/v2\/posts\/129692\/revisions"}],"predecessor-version":[{"id":129694,"href":"https:\/\/losperiodistas.com.mx\/portal\/wp-json\/wp\/v2\/posts\/129692\/revisions\/129694"}],"wp:featuredmedia":[{"embeddable":true,"href":"https:\/\/losperiodistas.com.mx\/portal\/wp-json\/wp\/v2\/media\/129693"}],"wp:attachment":[{"href":"https:\/\/losperiodistas.com.mx\/portal\/wp-json\/wp\/v2\/media?parent=129692"}],"wp:term":[{"taxonomy":"category","embeddable":true,"href":"https:\/\/losperiodistas.com.mx\/portal\/wp-json\/wp\/v2\/categories?post=129692"},{"taxonomy":"post_tag","embeddable":true,"href":"https:\/\/losperiodistas.com.mx\/portal\/wp-json\/wp\/v2\/tags?post=129692"}],"curies":[{"name":"wp","href":"https:\/\/api.w.org\/{rel}","templated":true}]}}