{"id":129667,"date":"2026-08-31T05:31:20","date_gmt":"2026-08-31T11:31:20","guid":{"rendered":"https:\/\/losperiodistas.com.mx\/portal\/?p=129667"},"modified":"2026-08-31T05:31:22","modified_gmt":"2026-08-31T11:31:22","slug":"sheinbaum-encara-su-tercer-ano-con-el-combate-a-la-corrupcion-y-el-impulso-de-la-economia-como-prioridades-el-pais","status":"publish","type":"post","link":"https:\/\/losperiodistas.com.mx\/portal\/sheinbaum-encara-su-tercer-ano-con-el-combate-a-la-corrupcion-y-el-impulso-de-la-economia-como-prioridades-el-pais\/","title":{"rendered":"Sheinbaum encara su tercer a\u00f1o con el combate a la corrupci\u00f3n y el impulso de la econom\u00eda como prioridades | El Pa\u00eds"},"content":{"rendered":"\n<p class=\"has-medium-font-size\">Con un liderazgo m\u00e1s reforzado, la presidenta encara un nuevo curso marcado por la presi\u00f3n de Estados Unidos y las elecciones intermedias del pr\u00f3ximo junio<\/p>\n\n\n\n<figure class=\"wp-block-image size-large\"><img fetchpriority=\"high\" decoding=\"async\" width=\"1024\" height=\"683\" src=\"https:\/\/losperiodistas.com.mx\/portal\/wp-content\/uploads\/2026\/08\/ZEU3UXH5Y5IZLGKASLENUCQB7Y-1024x683.jpg\" alt=\"\" class=\"wp-image-129668\" srcset=\"https:\/\/losperiodistas.com.mx\/portal\/wp-content\/uploads\/2026\/08\/ZEU3UXH5Y5IZLGKASLENUCQB7Y-1024x683.jpg 1024w, https:\/\/losperiodistas.com.mx\/portal\/wp-content\/uploads\/2026\/08\/ZEU3UXH5Y5IZLGKASLENUCQB7Y-300x200.jpg 300w, https:\/\/losperiodistas.com.mx\/portal\/wp-content\/uploads\/2026\/08\/ZEU3UXH5Y5IZLGKASLENUCQB7Y-768x512.jpg 768w, https:\/\/losperiodistas.com.mx\/portal\/wp-content\/uploads\/2026\/08\/ZEU3UXH5Y5IZLGKASLENUCQB7Y.jpg 1200w\" sizes=\"(max-width: 1024px) 100vw, 1024px\" \/><figcaption class=\"wp-element-caption\">Claudia Sheinbaum en Palacio Nacional, en la Ciudad de M\u00e9xico el 27 de agosto de 2026. Isaac Esquivel (EFE)<\/figcaption><\/figure>\n\n\n\n<p class=\"has-medium-font-size\"><strong><a href=\"https:\/\/elpais.com\/autor\/david-marcial-perez\/#?rel=author_top\">David Marcial P\u00e9rez<\/a> \/ El Pa\u00eds<\/strong><\/p>\n\n\n\n<p>La presidenta Claudia Sheinbaum va a doblar la esquina de su segundo a\u00f1o de mandato con un golpe en la mesa que simboliza muchos de los desaf\u00edos en el horizonte. El cierre de la&nbsp;<a href=\"https:\/\/elpais.com\/mexico\/2026-08-28\/las-33-horas-de-presion-que-tumbaron-a-rocha-moya-como-gobernador-en-sinaloa.html\">rebeli\u00f3n de Rub\u00e9n Rocha<\/a>&nbsp;supone tanto un espaldarazo a su liderazgo en clave interna, como una se\u00f1al de autoridad y firmeza de cara al exterior, que en M\u00e9xico suele estar monopolizado, sobre todo en los \u00faltimos a\u00f1os, por la complicada relaci\u00f3n con Estados Unidos. La salida definitiva del mapa del ya exgobernador de Sinaloa, imputado por un tribunal de Nueva York por narcotr\u00e1fico junto a otros nueve funcionarios estatales, tiene tambi\u00e9n derivadas en el combate a la corrupci\u00f3n y por la seguridad, dos de los problemas estructurales del pa\u00eds que contin\u00faan siendo un quebradero de cabeza. Pero a\u00fan quedan m\u00e1s asuntos pendientes, sobre todo el impulso de una econom\u00eda an\u00e9mica, que amenaza&nbsp;<a href=\"https:\/\/elpais.com\/mexico\/economia\/2026-08-24\/el-gasto-social-del-gobierno-se-topa-con-los-limites-de-las-finanzas-publicas.html\">la viabilidad de las pol\u00edticas sociales<\/a>.<\/p>\n\n\n\n<p>La mandataria encara adem\u00e1s su tercer a\u00f1o de mandato con una cita marcada a fuego: las elecciones intermedias del pr\u00f3ximo junio. Unos comicios donde el oficialismo se juega, ante todo, conservar su mayor\u00eda parlamentaria y amarrar gran parte de los Estados. La cita condicionar\u00e1 la agenda con incentivos en clave electoral, como&nbsp;<a href=\"https:\/\/elpais.com\/mexico\/2026-08-25\/morena-revela-sus-candidaturas-para-aguascalientes-y-campeche.html\">posibles golpes de efecto<\/a>&nbsp;contra la oposici\u00f3n. Ya se empiezan a ver las se\u00f1ales con la reciente iniciativa prioritaria de una reforma constitucional para prohibir que ciudadanos con doble nacionalidad puedan optar a presidentes o gobernadores. Como reverso de la misma moneda electoral, desalentar\u00e1 pol\u00edticas p\u00fablicas costosas de cara a las urnas, como los cambios tributarios, reclamados cada vez con m\u00e1s insistencia dentro y fuera del pa\u00eds.<\/p>\n\n\n\n<p>El caso Rocha ha marcado un hito desde el inicio de la crisis, a finales de abril, con la hist\u00f3rica imputaci\u00f3n contra un gobernador en activo por parte de Estados Unidos. El golpe, directo a la l\u00ednea de flotaci\u00f3n del morenismo, fundado en la regeneraci\u00f3n pol\u00edtica y el combate a la corrupci\u00f3n, tambi\u00e9n supuso un punto de inflexi\u00f3n en la estrategia defensiva de la presidenta, volcada desde entonces en denunciar una campa\u00f1a injerencista y contra la soberan\u00eda del pa\u00eds. Pese a la defensa, la presidencia acus\u00f3 el desgaste, registrando un mes despu\u00e9s su mayor descenso en los niveles de aprobaci\u00f3n, pese a mantenerse en niveles altos, seg\u00fan la encuesta peri\u00f3dica de Enkoll para este peri\u00f3dico.<\/p>\n\n\n\n<p>De fondo, corr\u00eda tambi\u00e9n otro esc\u00e1ndalo de corrupci\u00f3n. La&nbsp;<a href=\"https:\/\/elpais.com\/mexico\/2025-09-07\/sheinbaum-asesta-el-mayor-golpe-a-la-corrupcion-en-su-gobierno-con-la-detencion-de-14-funcionarios-y-empresarios-entre-ellos-6-marinos.html\">megatrama de huachicol fiscal incrustada en las altas esferas de la Marina<\/a>&nbsp;destapada en septiembre, justo cuando iniciaba el segundo a\u00f1o de mandato de la presidenta. Un caso en el que el Gobierno ha concentrado sus esfuerzos, con la detenci\u00f3n ya de los supuestos cabecillas de la trama, y que amenaza con tocar a altos cuadros de Morena. La sombra se extiende sobre Andr\u00e9s Manuel L\u00f3pez Beltr\u00e1n, hijo del expresidente y exsecretario de Organizaci\u00f3n del partido, en el ojo del hurac\u00e1n recientemente por la cancelaci\u00f3n de la visa por parte de Estados Unidos, respondida por el Gobierno con acusaciones, de nuevo, de injerencismo.<\/p>\n\n\n\n<p>Sheinbaum ha aprovechado este contexto para avanzar en la consolidaci\u00f3n de su propio proyecto, renovando los liderazgos heredados del sexenio anterior con cambios de calado, como la cabeza de la Fiscal\u00eda General de la Rep\u00fablica, la coordinaci\u00f3n del grupo morenista en el Senado, o incluso la c\u00fapula del partido, donde estaba el hijo del expresidente. Tambi\u00e9n la crisis abierta en Sinaloa tiene una derivada que refuerza el liderazgo de la presidenta. No solo apag\u00f3 la rebeli\u00f3n de un veterano bar\u00f3n del partido, tambi\u00e9n logr\u00f3 blindar la sucesi\u00f3n de cara a las elecciones estatales, tambi\u00e9n el a\u00f1o que viene, de las influencias del rochismo.<\/p>\n\n\n\n<p>Para Khemvirg Puente, polit\u00f3logo de la UNAM, \u201cla presidenta ha aprovechado el caso Rocha para dar un manotazo sobre la mesa y afianzar su liderazgo. Pese a todo, siguen habiendo tanto disputas internas en Morena, como con sus socios parlamentarios\u201d. La sinton\u00eda parece haber mejorado con el Partido Verde y el PT, que a comienzos de a\u00f1o bloquearon cambios en el mapa electoral, una de las reformas estrella de la presidenta. De cara a los planes legislativos para el curso que arranca, entre las primeras apuestas aparece una ambiciosa reforma anticorrupci\u00f3n, que&nbsp;<a href=\"https:\/\/elpais.com\/mexico\/2025-03-18\/el-inai-cuenta-las-horas-para-apagar-la-luz-y-cerrar-sus-puertas.html\">endurece las reglas de transparencia para la Administraci\u00f3n p\u00fablica&nbsp;<\/a>tras la pol\u00e9mica desaparici\u00f3n del&nbsp;<a href=\"https:\/\/elpais.com\/mexico\/2025-03-21\/el-congreso-mexicano-consuma-la-desaparicion-del-inai-en-medio-de-la-incertidumbre-laboral-de-un-punado-de-trabajadores.html\">Instituto Nacional de Transparencia (INAI)<\/a>, entre otros organismos aut\u00f3nomos, debilitando los filtros institucionales contra la corrupci\u00f3n.<\/p>\n\n\n\n<h3 class=\"wp-block-heading\">Luces y sombras en seguridad<\/h3>\n\n\n\n<p>La ca\u00edda de El Mencho es el mayor golpe contra el crimen organizado no solo del sexenio, sino en la historia reciente del pa\u00eds. El final del narco m\u00e1s buscado del mundo, abatido por el Ej\u00e9rcito, encarna la estrategia m\u00e1s activa de seguridad, comparada con el sexenio anterior. La reducci\u00f3n de las cifras de asesinatos, a la mitad en lo que va de mandato, es otra muestra, pese a seguir en cotas altas que mantienen a la violencia como una de las principales preocupaciones de los mexicanos.<\/p>\n\n\n\n<p>La guerra intestina abierta desde hace m\u00e1s de un a\u00f1o entre facciones del Cartel de Sinaloa es uno de los fuegos m\u00e1s evidentes, con un Estado que acumula m\u00e1s de 3.000 muertos y 2.000 desaparecidos. La tragedia de los desaparecidos, que ha dejado hace mucho de ser una emergencia coyuntural para convertirse en una herida estructural, est\u00e1 en el punto de mira de los organismos internacionales, que denuncian su pr\u00e1ctica extendida con una impunidad pr\u00e1cticamente absoluta. Sheinbaum ha tratado de tomar la iniciativa con un nuevo registro nacional de casos, que m\u00e1s que certezas ha generado desconfianza entre familiares y organizaciones civiles.<\/p>\n\n\n\n<p>La econom\u00eda tambi\u00e9n concentra los planes prioritarios, dado el estancamiento del crecimiento desde el a\u00f1o pasado. El&nbsp;<a href=\"https:\/\/elpais.com\/mexico\/economia\/2026-05-04\/sheinbaum-da-el-banderazo-de-salida-a-un-ambicioso-plan-para-impulsar-las-inversiones-mixtas-y-privadas.html\">Plan M\u00e9xico<\/a>&nbsp;es la gran apuesta para impulsar el desarrollo a trav\u00e9s de proyectos de infraestructura y superar la larga dependencia de la econom\u00eda mexicana de las exportaciones al vecino del norte. Los economistas coinciden en que es una acertada hoja de ruta, pero todav\u00eda plagada de incertidumbre ante la falta de financiaci\u00f3n. El contexto no ayuda, con la extensi\u00f3n del tratado de libre comercio con Estados Unidos y Canad\u00e1 (TMEC) en el aire, las nubarrones geopol\u00edticos y la ca\u00edda de inversi\u00f3n nueva en el pa\u00eds.<\/p>\n\n\n\n<p>Sheinbaum ya ha activado un plan complementario con el objetivo de incentivar las inversiones mixtas. Para desenmara\u00f1ar la madeja, Carlos Brown, economista y director de proyectos de Oxfam M\u00e9xico, recomienda que el primer paso sea la inversi\u00f3n p\u00fablica. \u201cNuestros grandes empresarios no son grandes inversionistas y necesitan una se\u00f1al de certidumbre tras d\u00e9cadas de anemia en la inversi\u00f3n p\u00fablica\u201d, apunta el economista, adem\u00e1s de a\u00f1adir que eso pasa irremediablemente \u201cpor un cambio en el sistema hacendario. M\u00e9xico tiene un problema de falta de ingresos, que ya incluso las agencias de calificaci\u00f3n de deuda est\u00e1n subrayando. No hacer nada en ese sentido ser\u00eda mandar una se\u00f1al incluso al mercado\u201d.<\/p>\n\n\n\n<p>Una reforma fiscal a fondo es el gran elefante en la habitaci\u00f3n desde el sexenio pasado. Los dos gobiernos mexicanos m\u00e1s progresistas y con m\u00e1s legitimidad en las urnas desde la apertura democr\u00e1tica no se atreven a activar una palanca que muchos consideran, desde el FMI hasta el mundo acad\u00e9mico, prioritaria para cambiar las bases econ\u00f3micas y atajar la desigualdad y la pobreza en uno de los pa\u00edses con una recaudaci\u00f3n m\u00e1s baja de la regi\u00f3n. Sheinbaum tampoco parece dispuesta a abrir el mel\u00f3n, y menos en un a\u00f1o electoral como el que se avecina.<\/p>\n\n\n\n<p>Fuente: <a href=\"https:\/\/elpais.com\/mexico\/2026-08-31\/sheinbaum-encara-su-tercer-ano-con-el-combate-a-la-corrupcion-y-el-impulso-de-la-economia-como-prioridades.html\">https:\/\/elpais.com\/mexico\/2026-08-31\/sheinbaum-encara-su-tercer-ano-con-el-combate-a-la-corrupcion-y-el-impulso-de-la-economia-como-prioridades.html<\/a><\/p>\n","protected":false},"excerpt":{"rendered":"<p>Con un liderazgo m\u00e1s reforzado, la presidenta encara un nuevo curso marcado por la presi\u00f3n de Estados Unidos y las [&hellip;]<\/p>\n","protected":false},"author":1,"featured_media":129668,"comment_status":"open","ping_status":"open","sticky":false,"template":"","format":"standard","meta":{"site-sidebar-layout":"default","site-content-layout":"","ast-site-content-layout":"default","site-content-style":"default","site-sidebar-style":"default","ast-global-header-display":"","ast-banner-title-visibility":"","ast-main-header-display":"","ast-hfb-above-header-display":"","ast-hfb-below-header-display":"","ast-hfb-mobile-header-display":"","site-post-title":"","ast-breadcrumbs-content":"","ast-featured-img":"","footer-sml-layout":"","theme-transparent-header-meta":"","adv-header-id-meta":"","stick-header-meta":"","header-above-stick-meta":"","header-main-stick-meta":"","header-below-stick-meta":"","astra-migrate-meta-layouts":"default","ast-page-background-enabled":"default","ast-page-background-meta":{"desktop":{"background-color":"var(--ast-global-color-4)","background-image":"","background-repeat":"repeat","background-position":"center center","background-size":"auto","background-attachment":"scroll","background-type":"","background-media":"","overlay-type":"","overlay-color":"","overlay-opacity":"","overlay-gradient":""},"tablet":{"background-color":"","background-image":"","background-repeat":"repeat","background-position":"center center","background-size":"auto","background-attachment":"scroll","background-type":"","background-media":"","overlay-type":"","overlay-color":"","overlay-opacity":"","overlay-gradient":""},"mobile":{"background-color":"","background-image":"","background-repeat":"repeat","background-position":"center center","background-size":"auto","background-attachment":"scroll","background-type":"","background-media":"","overlay-type":"","overlay-color":"","overlay-opacity":"","overlay-gradient":""}},"ast-content-background-meta":{"desktop":{"background-color":"var(--ast-global-color-5)","background-image":"","background-repeat":"repeat","background-position":"center center","background-size":"auto","background-attachment":"scroll","background-type":"","background-media":"","overlay-type":"","overlay-color":"","overlay-opacity":"","overlay-gradient":""},"tablet":{"background-color":"var(--ast-global-color-5)","background-image":"","background-repeat":"repeat","background-position":"center center","background-size":"auto","background-attachment":"scroll","background-type":"","background-media":"","overlay-type":"","overlay-color":"","overlay-opacity":"","overlay-gradient":""},"mobile":{"background-color":"var(--ast-global-color-5)","background-image":"","background-repeat":"repeat","background-position":"center center","background-size":"auto","background-attachment":"scroll","background-type":"","background-media":"","overlay-type":"","overlay-color":"","overlay-opacity":"","overlay-gradient":""}},"footnotes":""},"categories":[8],"tags":[52841,52840],"class_list":["post-129667","post","type-post","status-publish","format-standard","has-post-thumbnail","hentry","category-noticias","tag-retos-sheinbaum","tag-seheinbaum-tercer-ano"],"_links":{"self":[{"href":"https:\/\/losperiodistas.com.mx\/portal\/wp-json\/wp\/v2\/posts\/129667","targetHints":{"allow":["GET"]}}],"collection":[{"href":"https:\/\/losperiodistas.com.mx\/portal\/wp-json\/wp\/v2\/posts"}],"about":[{"href":"https:\/\/losperiodistas.com.mx\/portal\/wp-json\/wp\/v2\/types\/post"}],"author":[{"embeddable":true,"href":"https:\/\/losperiodistas.com.mx\/portal\/wp-json\/wp\/v2\/users\/1"}],"replies":[{"embeddable":true,"href":"https:\/\/losperiodistas.com.mx\/portal\/wp-json\/wp\/v2\/comments?post=129667"}],"version-history":[{"count":1,"href":"https:\/\/losperiodistas.com.mx\/portal\/wp-json\/wp\/v2\/posts\/129667\/revisions"}],"predecessor-version":[{"id":129669,"href":"https:\/\/losperiodistas.com.mx\/portal\/wp-json\/wp\/v2\/posts\/129667\/revisions\/129669"}],"wp:featuredmedia":[{"embeddable":true,"href":"https:\/\/losperiodistas.com.mx\/portal\/wp-json\/wp\/v2\/media\/129668"}],"wp:attachment":[{"href":"https:\/\/losperiodistas.com.mx\/portal\/wp-json\/wp\/v2\/media?parent=129667"}],"wp:term":[{"taxonomy":"category","embeddable":true,"href":"https:\/\/losperiodistas.com.mx\/portal\/wp-json\/wp\/v2\/categories?post=129667"},{"taxonomy":"post_tag","embeddable":true,"href":"https:\/\/losperiodistas.com.mx\/portal\/wp-json\/wp\/v2\/tags?post=129667"}],"curies":[{"name":"wp","href":"https:\/\/api.w.org\/{rel}","templated":true}]}}