{"id":129664,"date":"2026-08-31T04:41:51","date_gmt":"2026-08-31T10:41:51","guid":{"rendered":"https:\/\/losperiodistas.com.mx\/portal\/?p=129664"},"modified":"2026-08-31T04:41:53","modified_gmt":"2026-08-31T10:41:53","slug":"encuentro-de-obispos-de-mexico-ee-uu-y-canada-urge-hablar-con-una-sola-voz-aci","status":"publish","type":"post","link":"https:\/\/losperiodistas.com.mx\/portal\/encuentro-de-obispos-de-mexico-ee-uu-y-canada-urge-hablar-con-una-sola-voz-aci\/","title":{"rendered":"Encuentro de obispos de M\u00e9xico, EE.UU. y Canad\u00e1: Urge hablar \u201ccon una sola voz\u201d | ACI"},"content":{"rendered":"\n<figure class=\"wp-block-image size-large\"><img fetchpriority=\"high\" decoding=\"async\" width=\"1024\" height=\"640\" src=\"https:\/\/losperiodistas.com.mx\/portal\/wp-content\/uploads\/2026\/08\/Obispos-Mexico-EEUU-Canada-Cuernavaca-300826_xuc6ki-1024x640.jpg\" alt=\"\" class=\"wp-image-129665\" srcset=\"https:\/\/losperiodistas.com.mx\/portal\/wp-content\/uploads\/2026\/08\/Obispos-Mexico-EEUU-Canada-Cuernavaca-300826_xuc6ki-1024x640.jpg 1024w, https:\/\/losperiodistas.com.mx\/portal\/wp-content\/uploads\/2026\/08\/Obispos-Mexico-EEUU-Canada-Cuernavaca-300826_xuc6ki-300x188.jpg 300w, https:\/\/losperiodistas.com.mx\/portal\/wp-content\/uploads\/2026\/08\/Obispos-Mexico-EEUU-Canada-Cuernavaca-300826_xuc6ki-768x480.jpg 768w, https:\/\/losperiodistas.com.mx\/portal\/wp-content\/uploads\/2026\/08\/Obispos-Mexico-EEUU-Canada-Cuernavaca-300826_xuc6ki-1536x960.jpg 1536w, https:\/\/losperiodistas.com.mx\/portal\/wp-content\/uploads\/2026\/08\/Obispos-Mexico-EEUU-Canada-Cuernavaca-300826_xuc6ki.jpg 1600w\" sizes=\"(max-width: 1024px) 100vw, 1024px\" \/><figcaption class=\"wp-element-caption\">Obispos y sacerdotes al t\u00e9rmino de la Misa celebrada en la Catedral de Cuernavaca, el 30 de agosto de 2026. Al centro, de izquierda a derecha, Mons. Pierre Goudreault, Mons. Ram\u00f3n Castro Castro, Mons. Oscar Cant\u00fa y Mons. Daniel Flores. Cr\u00e9dito: Cortes\u00eda de la Di\u00f3cesis de Cuernavaca.<\/figcaption><\/figure>\n\n\n\n<p><a href=\"https:\/\/www.aciprensa.com\/autor\/1\/david-ramos\"><\/a><\/p>\n\n\n\n<p class=\"has-medium-font-size\"><strong>Por\u00a0<a href=\"https:\/\/www.aciprensa.com\/autor\/1\/david-ramos\">David Ramos<\/a> \/ ACI<\/strong><\/p>\n\n\n\n<p><\/p>\n\n\n\n<p>\u201cUrge m\u00e1s que la Iglesia Cat\u00f3lica en las Am\u00e9ricas hable con una sola voz\u201d, afirm\u00f3 Mons. Daniel Flores, Obispo de Brownsville, Texas, y vicepresidente de la Conferencia de Obispos Cat\u00f3licos de Estados Unidos (USCCB), al t\u00e9rmino de la Misa celebrada este domingo 30 de agosto en la Catedral de Cuernavaca (M\u00e9xico), con la que comenz\u00f3 un encuentro entre obispos mexicanos, estadounidenses y canadienses.<\/p>\n\n\n\n<p>La\u00a0<a href=\"https:\/\/www.facebook.com\/iglesiamorelosdiocesis\/videos\/1756975238961104\">Misa<\/a>\u00a0fue presidida por Mons. Ram\u00f3n Castro Castro, Obispo de Cuernavaca y presidente de la Conferencia del Episcopado Mexicano (CEM). Junto con diversos sacerdotes, concelebraron Mons. Flores; Mons. Oscar Cant\u00fa, Obispo de San Jos\u00e9, California, y presidente del subcomit\u00e9 de Asuntos Hispanos\/Latinos de la USCCB; y Mons. Pierre Goudreault, Obispo de Sainte-Anne-de-la-Pocati\u00e8re y presidente de la Conferencia Canadiense de Obispos Cat\u00f3licos.<\/p>\n\n\n\n<figure class=\"wp-block-image\"><img decoding=\"async\" src=\"https:\/\/res.cloudinary.com\/ewtn\/image\/upload\/v1788132975\/ewtn-news\/es\/Daniel-Flores-Misa-Cuernavaca-300826_ipfzxm.jpg?w=600\" alt=\"Mons. Daniel Flores dirige unas palabras al t\u00e9rmino de la Misa en la Catedral de Cuernavaca, el 30 de agosto de 2026. Cr\u00e9dito: Cortes\u00eda de la Di\u00f3cesis de Cuernavaca.\"\/><figcaption class=\"wp-element-caption\">Mons. Daniel Flores dirige unas palabras al t\u00e9rmino de la Misa en la Catedral de Cuernavaca, el 30 de agosto de 2026. Cr\u00e9dito: Cortes\u00eda de la Di\u00f3cesis de Cuernavaca.<\/figcaption><\/figure>\n\n\n\n<p>En un breve mensaje, Mons. Flores agradeci\u00f3 \u201cla inspiraci\u00f3n de Mons. Ram\u00f3n de invitarnos para este encuentro para poder fortalecer esta comuni\u00f3n de Iglesia\u201d.<\/p>\n\n\n\n<p>\u201cEn los momentos que estamos viviendo va a ser bastante m\u00e1s importante cada d\u00eda, urge m\u00e1s que la Iglesia Cat\u00f3lica en las Am\u00e9ricas hable con una sola voz, defendiendo el honor de nuestro Se\u00f1or y defendiendo la dignidad del ser humano, especialmente de los pobres, especialmente de los inmigrantes, que muchas veces no tienen d\u00f3nde inclinar la cabeza, como el mismo Se\u00f1or Jes\u00fas\u201d, dijo.<\/p>\n\n\n\n<p>\u201cNecesitamos predicar juntos y unidos como una sola Iglesia, bajo la gu\u00eda de nuestro Santo Padre, el Papa Le\u00f3n, y en la comuni\u00f3n de todos los obispos del mundo\u201d, a\u00f1adi\u00f3.<\/p>\n\n\n\n<h2 class=\"wp-block-heading\">Tres pa\u00edses distintos \u201cpero una misma fe\u201d<\/h2>\n\n\n\n<p>En su homil\u00eda, Mons. Castro Castro destac\u00f3 que esta reuni\u00f3n entre l\u00edderes de conferencias episcopales de Norteam\u00e9rica es \u201cla primera que se realiza en nuestra historia\u201d.<\/p>\n\n\n\n<p>\u201cSomos tres pa\u00edses distintos. Somos tres Iglesias con historias y realidades diferentes, pero una misma fe, un mismo bautismo, una misma Eucarist\u00eda y una misma misi\u00f3n\u201d, asegur\u00f3 el prelado mexicano.<\/p>\n\n\n\n<p>Sobre el papel de los obispos, Mons. Castro Castro subray\u00f3 que \u201cantes de ser dirigentes somos disc\u00edpulos\u201d y \u201cantes de tener responsabilidades somos hombres llamados por el Se\u00f1or\u201d.<\/p>\n\n\n\n<p>\u201cQuiz\u00e1 este pueda ser el esp\u00edritu profundo de este encuentro de la Iglesia en Norteam\u00e9rica: volver a ponernos todos detr\u00e1s de Jes\u00fas\u201d.<\/p>\n\n\n\n<figure class=\"wp-block-image\"><img decoding=\"async\" src=\"https:\/\/res.cloudinary.com\/ewtn\/image\/upload\/v1788133014\/ewtn-news\/es\/Ramons-Castro-Pierre-Goudreault-Cuernavava-300826_v6fvaj.jpg?w=600\" alt=\"Mons. Ram\u00f3n Castro Castro (derecha) y Mons. Pierre Goudreault durante la consagraci\u00f3n en la Catedral de Cuernavaca, el 30 de agosto de 2026. Cr\u00e9dito: Cortes\u00eda de la Di\u00f3cesis de Cuernavaca.\"\/><figcaption class=\"wp-element-caption\">Mons. Ram\u00f3n Castro Castro (derecha) y Mons. Pierre Goudreault durante la consagraci\u00f3n en la Catedral de Cuernavaca, el 30 de agosto de 2026. Cr\u00e9dito: Cortes\u00eda de la Di\u00f3cesis de Cuernavaca.<\/figcaption><\/figure>\n\n\n\n<h2 class=\"wp-block-heading\">\u201cDesaf\u00edos enormes\u201d<\/h2>\n\n\n\n<p>El presidente de la CEM subray\u00f3 que \u201cnuestros pueblos enfrentan desaf\u00edos enormes, particularmente M\u00e9xico\u201d, y se\u00f1al\u00f3 entre ellos la \u201cviolencia, demagogia, corrupci\u00f3n, soledad, secularizaci\u00f3n, individualismo, materialismo, polarizaci\u00f3n, familias heridas y j\u00f3venes que buscan razones para esperar\u201d.<\/p>\n\n\n\n<p>Adem\u00e1s, apunt\u00f3 que \u201cquiz\u00e1s uno de los temas m\u00e1s comunes entre nosotros tres, como pa\u00edses y conferencias, sea la migraci\u00f3n\u201d.<\/p>\n\n\n\n<p>\u201cDurante estos d\u00edas tendremos la oportunidad de compartir nuestras miradas sobre estas realidades, no desde un juicio ni desde una confrontaci\u00f3n, sino desde la responsabilidad pastoral que nos corresponde como pastores que somos\u201d, dijo el Obispo de Cuernavaca.<\/p>\n\n\n\n<figure class=\"wp-block-image\"><img decoding=\"async\" src=\"https:\/\/res.cloudinary.com\/ewtn\/image\/upload\/v1788133111\/ewtn-news\/es\/Fieles-Misa-Cuernavaca-300826_atkqzq.jpg?w=600\" alt=\"Fieles participan en la Misa celebrada en la Catedral de Cuernavaca, el 30 de agosto de 2026. Cr\u00e9dito: Cortes\u00eda de la Di\u00f3cesis de Cuernavaca.\"\/><figcaption class=\"wp-element-caption\">Fieles participan en la Misa celebrada en la Catedral de Cuernavaca, el 30 de agosto de 2026. Cr\u00e9dito: Cortes\u00eda de la Di\u00f3cesis de Cuernavaca.<\/figcaption><\/figure>\n\n\n\n<p>\u201cQueremos comprender mejor lo que viven nuestros pueblos. \u00bfPara qu\u00e9? Para poder servirlos mejor\u201d, asegur\u00f3.<\/p>\n\n\n\n<p>Mons. Castro Castro precis\u00f3 que la \u201cmigraci\u00f3n no ha de reducirse a estad\u00edsticas, pol\u00edticas p\u00fablicas o deberes econ\u00f3micos\u201d, pues \u201cdetr\u00e1s de cada migrante hay un rostro, una historia, una familia, una esperanza, muchas veces por desgracia, muchas heridas\u201d.<\/p>\n\n\n\n<p>\u201cLa Iglesia debe mirar a esas personas como hermanos cuya dignidad debe ser reconocida y protegida\u201d, dijo.<\/p>\n\n\n\n<p>El obispo mexicano expres\u00f3 adem\u00e1s su deseo de \u201cque desde Cuernavaca podamos enviar un signo sencillo pero fuerte a nuestras Iglesias, Iglesias que peregrinan en Canad\u00e1, Estados Unidos y M\u00e9xico\u201d.<\/p>\n\n\n\n<p>Fuente: <a href=\"https:\/\/www.aciprensa.com\/noticias\/128071\/encuentro-obispos-mexico-eeuu-canada-urge-hablar-una-sola-voz\">https:\/\/www.aciprensa.com\/noticias\/128071\/encuentro-obispos-mexico-eeuu-canada-urge-hablar-una-sola-voz<\/a><\/p>\n","protected":false},"excerpt":{"rendered":"<p>Por\u00a0David Ramos \/ ACI \u201cUrge m\u00e1s que la Iglesia Cat\u00f3lica en las Am\u00e9ricas hable con una sola voz\u201d, afirm\u00f3 Mons. [&hellip;]<\/p>\n","protected":false},"author":1,"featured_media":129665,"comment_status":"open","ping_status":"open","sticky":false,"template":"","format":"standard","meta":{"site-sidebar-layout":"default","site-content-layout":"","ast-site-content-layout":"default","site-content-style":"default","site-sidebar-style":"default","ast-global-header-display":"","ast-banner-title-visibility":"","ast-main-header-display":"","ast-hfb-above-header-display":"","ast-hfb-below-header-display":"","ast-hfb-mobile-header-display":"","site-post-title":"","ast-breadcrumbs-content":"","ast-featured-img":"","footer-sml-layout":"","theme-transparent-header-meta":"","adv-header-id-meta":"","stick-header-meta":"","header-above-stick-meta":"","header-main-stick-meta":"","header-below-stick-meta":"","astra-migrate-meta-layouts":"default","ast-page-background-enabled":"default","ast-page-background-meta":{"desktop":{"background-color":"var(--ast-global-color-4)","background-image":"","background-repeat":"repeat","background-position":"center center","background-size":"auto","background-attachment":"scroll","background-type":"","background-media":"","overlay-type":"","overlay-color":"","overlay-opacity":"","overlay-gradient":""},"tablet":{"background-color":"","background-image":"","background-repeat":"repeat","background-position":"center center","background-size":"auto","background-attachment":"scroll","background-type":"","background-media":"","overlay-type":"","overlay-color":"","overlay-opacity":"","overlay-gradient":""},"mobile":{"background-color":"","background-image":"","background-repeat":"repeat","background-position":"center center","background-size":"auto","background-attachment":"scroll","background-type":"","background-media":"","overlay-type":"","overlay-color":"","overlay-opacity":"","overlay-gradient":""}},"ast-content-background-meta":{"desktop":{"background-color":"var(--ast-global-color-5)","background-image":"","background-repeat":"repeat","background-position":"center center","background-size":"auto","background-attachment":"scroll","background-type":"","background-media":"","overlay-type":"","overlay-color":"","overlay-opacity":"","overlay-gradient":""},"tablet":{"background-color":"var(--ast-global-color-5)","background-image":"","background-repeat":"repeat","background-position":"center center","background-size":"auto","background-attachment":"scroll","background-type":"","background-media":"","overlay-type":"","overlay-color":"","overlay-opacity":"","overlay-gradient":""},"mobile":{"background-color":"var(--ast-global-color-5)","background-image":"","background-repeat":"repeat","background-position":"center center","background-size":"auto","background-attachment":"scroll","background-type":"","background-media":"","overlay-type":"","overlay-color":"","overlay-opacity":"","overlay-gradient":""}},"footnotes":""},"categories":[8],"tags":[34969,52839,52838],"class_list":["post-129664","post","type-post","status-publish","format-standard","has-post-thumbnail","hentry","category-noticias","tag-conferencia-de-obispos-catolicos-de-estados-unidos","tag-ee-uu-y-canada","tag-encuentro-obispos-mexico"],"_links":{"self":[{"href":"https:\/\/losperiodistas.com.mx\/portal\/wp-json\/wp\/v2\/posts\/129664","targetHints":{"allow":["GET"]}}],"collection":[{"href":"https:\/\/losperiodistas.com.mx\/portal\/wp-json\/wp\/v2\/posts"}],"about":[{"href":"https:\/\/losperiodistas.com.mx\/portal\/wp-json\/wp\/v2\/types\/post"}],"author":[{"embeddable":true,"href":"https:\/\/losperiodistas.com.mx\/portal\/wp-json\/wp\/v2\/users\/1"}],"replies":[{"embeddable":true,"href":"https:\/\/losperiodistas.com.mx\/portal\/wp-json\/wp\/v2\/comments?post=129664"}],"version-history":[{"count":1,"href":"https:\/\/losperiodistas.com.mx\/portal\/wp-json\/wp\/v2\/posts\/129664\/revisions"}],"predecessor-version":[{"id":129666,"href":"https:\/\/losperiodistas.com.mx\/portal\/wp-json\/wp\/v2\/posts\/129664\/revisions\/129666"}],"wp:featuredmedia":[{"embeddable":true,"href":"https:\/\/losperiodistas.com.mx\/portal\/wp-json\/wp\/v2\/media\/129665"}],"wp:attachment":[{"href":"https:\/\/losperiodistas.com.mx\/portal\/wp-json\/wp\/v2\/media?parent=129664"}],"wp:term":[{"taxonomy":"category","embeddable":true,"href":"https:\/\/losperiodistas.com.mx\/portal\/wp-json\/wp\/v2\/categories?post=129664"},{"taxonomy":"post_tag","embeddable":true,"href":"https:\/\/losperiodistas.com.mx\/portal\/wp-json\/wp\/v2\/tags?post=129664"}],"curies":[{"name":"wp","href":"https:\/\/api.w.org\/{rel}","templated":true}]}}