{"id":129643,"date":"2026-08-30T22:47:24","date_gmt":"2026-08-31T04:47:24","guid":{"rendered":"https:\/\/losperiodistas.com.mx\/portal\/?p=129643"},"modified":"2026-08-30T22:47:25","modified_gmt":"2026-08-31T04:47:25","slug":"articulo-19-condena-muerte-del-fotografo-ricardo-zuniga-en-puebla-fue-atacado-con-un-arma-el-universal","status":"publish","type":"post","link":"https:\/\/losperiodistas.com.mx\/portal\/articulo-19-condena-muerte-del-fotografo-ricardo-zuniga-en-puebla-fue-atacado-con-un-arma-el-universal\/","title":{"rendered":"Art\u00edculo 19 condena muerte del fot\u00f3grafo Ricardo Z\u00fa\u00f1iga en Puebla; fue atacado con un arma | El Universal"},"content":{"rendered":"\n<p>De acuerdo con la organizaci\u00f3n, Ricardo hab\u00eda denunciado amenazas en mayo<\/p>\n\n\n\n<figure class=\"wp-block-image size-large\"><img fetchpriority=\"high\" decoding=\"async\" width=\"1024\" height=\"631\" src=\"https:\/\/losperiodistas.com.mx\/portal\/wp-content\/uploads\/2026\/08\/RicardoZuniga-1024x631.png\" alt=\"\" class=\"wp-image-129644\" srcset=\"https:\/\/losperiodistas.com.mx\/portal\/wp-content\/uploads\/2026\/08\/RicardoZuniga-1024x631.png 1024w, https:\/\/losperiodistas.com.mx\/portal\/wp-content\/uploads\/2026\/08\/RicardoZuniga-300x185.png 300w, https:\/\/losperiodistas.com.mx\/portal\/wp-content\/uploads\/2026\/08\/RicardoZuniga-768x473.png 768w, https:\/\/losperiodistas.com.mx\/portal\/wp-content\/uploads\/2026\/08\/RicardoZuniga.png 1351w\" sizes=\"(max-width: 1024px) 100vw, 1024px\" \/><figcaption class=\"wp-element-caption\">Art\u00edculo 19 condena muerte del fot\u00f3grafo Ricardo Z\u00fa\u00f1iga en Puebla (30\/08\/2026). Foto: Facebook Ricardo Z\u00fa\u00f1iga<\/figcaption><\/figure>\n\n\n\n<p class=\"has-vivid-red-color has-text-color has-link-color wp-elements-dee5f7a4fc1c3d4fcd1eb396e8b8c533\">Ulises Uribe \/ El Universal<\/p>\n\n\n\n<p>La organizaci\u00f3n <strong>Art\u00edculo 19<\/strong> conden\u00f3 el asesinato del fot\u00f3grafo y creador de contenido,<strong>Ricardo Z\u00fa\u00f1iga<\/strong>, ocurrido ayer 29 de agosto, en Santa Cruz Apotitl\u00e1n, en el municipio de Tehuitzingo, en Puebla.<\/p>\n\n\n\n<p>A trav\u00e9s de un comunicado, explic\u00f3 que, de acuerdo con informaci\u00f3n publicada, fue <strong>atacado con arma de fuego<\/strong> en el interior de un negocio de su propiedad por sujetos desconocidos que iban a bordo de una motocicleta.<\/p>\n\n\n\n<p>Detall\u00f3 que, seg\u00fan informaci\u00f3n compartida a Art\u00edculo 19, Ricardo hab\u00eda denunciado en mayo <strong>amenazas <\/strong>en su contra tras las publicaci\u00f3n de unas fotograf\u00edas.<\/p>\n\n\n\n<p>Precis\u00f3 que, de acuerdo con sus redes sociales, fue advertido \u201cque no se metiera en la pol\u00edtica\u201d, haciendo menci\u00f3n que deb\u00eda dejar de criticar a la actual administraci\u00f3n local.<\/p>\n\n\n\n<p>Ante ello, la organizaci\u00f3n exigi\u00f3 a la Fiscal\u00eda General del Estado de Puebla (FGE) que realice una investigaci\u00f3n pronta, exhaustiva, independiente e imparcial, que considere como <strong>l\u00ednea de investigaci\u00f3n <\/strong>la labor informativa que realizaba Ricardo, as\u00ed como su denuncia realizada en redes sociales.<\/p>\n\n\n\n<p>Asimismo, llam\u00f3 al Mecanismo de Protecci\u00f3n para personas Defensoras de Derechos Humanos y Periodistas a brindar las medidas de protecci\u00f3n necesarias para salvaguardar la integridad de su familia.<\/p>\n\n\n\n<p>Fuente: <a href=\"https:\/\/www.eluniversal.com.mx\/nacion\/articulo-19-condena-muerte-del-fotografo-ricardo-zuniga-en-puebla-fue-atacado-con-un-arma\/\" target=\"_blank\" rel=\"noreferrer noopener\">El Universal<\/a><\/p>\n\n\n\n<p><\/p>\n","protected":false},"excerpt":{"rendered":"<p>De acuerdo con la organizaci\u00f3n, Ricardo hab\u00eda denunciado amenazas en mayo <\/p>\n","protected":false},"author":1,"featured_media":129644,"comment_status":"open","ping_status":"open","sticky":false,"template":"","format":"standard","meta":{"site-sidebar-layout":"default","site-content-layout":"","ast-site-content-layout":"default","site-content-style":"default","site-sidebar-style":"default","ast-global-header-display":"","ast-banner-title-visibility":"","ast-main-header-display":"","ast-hfb-above-header-display":"","ast-hfb-below-header-display":"","ast-hfb-mobile-header-display":"","site-post-title":"","ast-breadcrumbs-content":"","ast-featured-img":"","footer-sml-layout":"","theme-transparent-header-meta":"","adv-header-id-meta":"","stick-header-meta":"","header-above-stick-meta":"","header-main-stick-meta":"","header-below-stick-meta":"","astra-migrate-meta-layouts":"default","ast-page-background-enabled":"default","ast-page-background-meta":{"desktop":{"background-color":"var(--ast-global-color-4)","background-image":"","background-repeat":"repeat","background-position":"center center","background-size":"auto","background-attachment":"scroll","background-type":"","background-media":"","overlay-type":"","overlay-color":"","overlay-opacity":"","overlay-gradient":""},"tablet":{"background-color":"","background-image":"","background-repeat":"repeat","background-position":"center center","background-size":"auto","background-attachment":"scroll","background-type":"","background-media":"","overlay-type":"","overlay-color":"","overlay-opacity":"","overlay-gradient":""},"mobile":{"background-color":"","background-image":"","background-repeat":"repeat","background-position":"center center","background-size":"auto","background-attachment":"scroll","background-type":"","background-media":"","overlay-type":"","overlay-color":"","overlay-opacity":"","overlay-gradient":""}},"ast-content-background-meta":{"desktop":{"background-color":"var(--ast-global-color-5)","background-image":"","background-repeat":"repeat","background-position":"center center","background-size":"auto","background-attachment":"scroll","background-type":"","background-media":"","overlay-type":"","overlay-color":"","overlay-opacity":"","overlay-gradient":""},"tablet":{"background-color":"var(--ast-global-color-5)","background-image":"","background-repeat":"repeat","background-position":"center center","background-size":"auto","background-attachment":"scroll","background-type":"","background-media":"","overlay-type":"","overlay-color":"","overlay-opacity":"","overlay-gradient":""},"mobile":{"background-color":"var(--ast-global-color-5)","background-image":"","background-repeat":"repeat","background-position":"center center","background-size":"auto","background-attachment":"scroll","background-type":"","background-media":"","overlay-type":"","overlay-color":"","overlay-opacity":"","overlay-gradient":""}},"footnotes":""},"categories":[8],"tags":[25773,1384,52826],"class_list":["post-129643","post","type-post","status-publish","format-standard","has-post-thumbnail","hentry","category-noticias","tag-amenazas","tag-articulo-19","tag-ricardo-zuniga"],"_links":{"self":[{"href":"https:\/\/losperiodistas.com.mx\/portal\/wp-json\/wp\/v2\/posts\/129643","targetHints":{"allow":["GET"]}}],"collection":[{"href":"https:\/\/losperiodistas.com.mx\/portal\/wp-json\/wp\/v2\/posts"}],"about":[{"href":"https:\/\/losperiodistas.com.mx\/portal\/wp-json\/wp\/v2\/types\/post"}],"author":[{"embeddable":true,"href":"https:\/\/losperiodistas.com.mx\/portal\/wp-json\/wp\/v2\/users\/1"}],"replies":[{"embeddable":true,"href":"https:\/\/losperiodistas.com.mx\/portal\/wp-json\/wp\/v2\/comments?post=129643"}],"version-history":[{"count":1,"href":"https:\/\/losperiodistas.com.mx\/portal\/wp-json\/wp\/v2\/posts\/129643\/revisions"}],"predecessor-version":[{"id":129645,"href":"https:\/\/losperiodistas.com.mx\/portal\/wp-json\/wp\/v2\/posts\/129643\/revisions\/129645"}],"wp:featuredmedia":[{"embeddable":true,"href":"https:\/\/losperiodistas.com.mx\/portal\/wp-json\/wp\/v2\/media\/129644"}],"wp:attachment":[{"href":"https:\/\/losperiodistas.com.mx\/portal\/wp-json\/wp\/v2\/media?parent=129643"}],"wp:term":[{"taxonomy":"category","embeddable":true,"href":"https:\/\/losperiodistas.com.mx\/portal\/wp-json\/wp\/v2\/categories?post=129643"},{"taxonomy":"post_tag","embeddable":true,"href":"https:\/\/losperiodistas.com.mx\/portal\/wp-json\/wp\/v2\/tags?post=129643"}],"curies":[{"name":"wp","href":"https:\/\/api.w.org\/{rel}","templated":true}]}}