{"id":129634,"date":"2026-08-30T22:11:28","date_gmt":"2026-08-31T04:11:28","guid":{"rendered":"https:\/\/losperiodistas.com.mx\/portal\/?p=129634"},"modified":"2026-08-30T22:11:29","modified_gmt":"2026-08-31T04:11:29","slug":"respalda-mercadita-violeta-el-talento-y-emprendimiento-de-las-poblanas","status":"publish","type":"post","link":"https:\/\/losperiodistas.com.mx\/portal\/respalda-mercadita-violeta-el-talento-y-emprendimiento-de-las-poblanas\/","title":{"rendered":"Respalda Mercadita Violeta el talento y emprendimiento de las poblanas"},"content":{"rendered":"\n<p><em>Participan 250 emprendedoras, artesanas y productoras de 40 municipios y localidades del estado, en el Z\u00f3calo de Puebla.<\/em><\/p>\n\n\n\n<figure class=\"wp-block-image size-large\"><img fetchpriority=\"high\" decoding=\"async\" width=\"1024\" height=\"682\" src=\"https:\/\/losperiodistas.com.mx\/portal\/wp-content\/uploads\/2026\/08\/MercaditaVioleta_01-1024x682.jpeg\" alt=\"\" class=\"wp-image-129635\" srcset=\"https:\/\/losperiodistas.com.mx\/portal\/wp-content\/uploads\/2026\/08\/MercaditaVioleta_01-1024x682.jpeg 1024w, https:\/\/losperiodistas.com.mx\/portal\/wp-content\/uploads\/2026\/08\/MercaditaVioleta_01-300x200.jpeg 300w, https:\/\/losperiodistas.com.mx\/portal\/wp-content\/uploads\/2026\/08\/MercaditaVioleta_01-768x512.jpeg 768w, https:\/\/losperiodistas.com.mx\/portal\/wp-content\/uploads\/2026\/08\/MercaditaVioleta_01-1536x1024.jpeg 1536w, https:\/\/losperiodistas.com.mx\/portal\/wp-content\/uploads\/2026\/08\/MercaditaVioleta_01-2048x1365.jpeg 2048w\" sizes=\"(max-width: 1024px) 100vw, 1024px\" \/><figcaption class=\"wp-element-caption\">Respalda Mercadita Violeta el talento y emprendimiento de las poblanas<\/figcaption><\/figure>\n\n\n\n<p class=\"has-vivid-red-color has-text-color has-link-color wp-elements-eb27e7450528140191efa4df35f811c5\">Redacci\u00f3n<\/p>\n\n\n\n<p>Con una oferta de productos elaborados por poblanas de distintas regiones, servicios institucionales, capacitaci\u00f3n y actividades culturales, la Secretar\u00eda de las Mujeres impulsa la segunda edici\u00f3n de la Mercadita Violeta \u201cPor Amor a Puebla\u201d, espacio que busca acercar sus proyectos a nuevos p\u00fablicos, ampliar sus oportunidades de comercializaci\u00f3n y fortalecer redes para el crecimiento de sus emprendimientos.<\/p>\n\n\n\n<p>La titular de la dependencia, Yadira Lira Navarro, destac\u00f3 que estos espacios permiten reconocer el trabajo y talento de las poblanas, adem\u00e1s de generar condiciones para que sus productos lleguen a nuevos mercados y contribuyan de manera directa a sus ingresos y desarrollo econ\u00f3mico.<\/p>\n\n\n\n<p>La segunda edici\u00f3n de la Mercadita Violeta \u201cPor Amor a Puebla\u201d permanecer\u00e1 en el Z\u00f3calo de la ciudad del 28 al 30 de agosto, de 10:00 a 20:00 horas, con la participaci\u00f3n de emprendedoras, artesanas y productoras provenientes de municipios y localidades como Tecamachalco, Tlatlauquitepec, Cuetzalan, Tehuac\u00e1n, Atlixco, San Pedro Cholula, Huejotzingo, Amozoc y Puebla, entre otros.<\/p>\n\n\n\n<figure class=\"wp-block-gallery has-nested-images columns-default is-cropped wp-block-gallery-1 is-layout-flex wp-block-gallery-is-layout-flex\">\n<figure class=\"wp-block-image size-large\"><img decoding=\"async\" width=\"1024\" height=\"682\" data-id=\"129636\" src=\"https:\/\/losperiodistas.com.mx\/portal\/wp-content\/uploads\/2026\/08\/MercaditaVioleta_04-1024x682.jpeg\" alt=\"\" class=\"wp-image-129636\" srcset=\"https:\/\/losperiodistas.com.mx\/portal\/wp-content\/uploads\/2026\/08\/MercaditaVioleta_04-1024x682.jpeg 1024w, https:\/\/losperiodistas.com.mx\/portal\/wp-content\/uploads\/2026\/08\/MercaditaVioleta_04-300x200.jpeg 300w, https:\/\/losperiodistas.com.mx\/portal\/wp-content\/uploads\/2026\/08\/MercaditaVioleta_04-768x512.jpeg 768w, https:\/\/losperiodistas.com.mx\/portal\/wp-content\/uploads\/2026\/08\/MercaditaVioleta_04-1536x1024.jpeg 1536w, https:\/\/losperiodistas.com.mx\/portal\/wp-content\/uploads\/2026\/08\/MercaditaVioleta_04-2048x1365.jpeg 2048w\" sizes=\"(max-width: 1024px) 100vw, 1024px\" \/><\/figure>\n\n\n\n<figure class=\"wp-block-image size-large\"><img decoding=\"async\" width=\"1024\" height=\"682\" data-id=\"129637\" src=\"https:\/\/losperiodistas.com.mx\/portal\/wp-content\/uploads\/2026\/08\/MercaditaVioleta_03-1024x682.jpeg\" alt=\"\" class=\"wp-image-129637\" srcset=\"https:\/\/losperiodistas.com.mx\/portal\/wp-content\/uploads\/2026\/08\/MercaditaVioleta_03-1024x682.jpeg 1024w, https:\/\/losperiodistas.com.mx\/portal\/wp-content\/uploads\/2026\/08\/MercaditaVioleta_03-300x200.jpeg 300w, https:\/\/losperiodistas.com.mx\/portal\/wp-content\/uploads\/2026\/08\/MercaditaVioleta_03-768x512.jpeg 768w, https:\/\/losperiodistas.com.mx\/portal\/wp-content\/uploads\/2026\/08\/MercaditaVioleta_03-1536x1024.jpeg 1536w, https:\/\/losperiodistas.com.mx\/portal\/wp-content\/uploads\/2026\/08\/MercaditaVioleta_03-2048x1365.jpeg 2048w\" sizes=\"(max-width: 1024px) 100vw, 1024px\" \/><\/figure>\n\n\n\n<figure class=\"wp-block-image size-large\"><img loading=\"lazy\" decoding=\"async\" width=\"1024\" height=\"682\" data-id=\"129638\" src=\"https:\/\/losperiodistas.com.mx\/portal\/wp-content\/uploads\/2026\/08\/MercaditaVioleta_02-1024x682.jpeg\" alt=\"\" class=\"wp-image-129638\" srcset=\"https:\/\/losperiodistas.com.mx\/portal\/wp-content\/uploads\/2026\/08\/MercaditaVioleta_02-1024x682.jpeg 1024w, https:\/\/losperiodistas.com.mx\/portal\/wp-content\/uploads\/2026\/08\/MercaditaVioleta_02-300x200.jpeg 300w, https:\/\/losperiodistas.com.mx\/portal\/wp-content\/uploads\/2026\/08\/MercaditaVioleta_02-768x512.jpeg 768w, https:\/\/losperiodistas.com.mx\/portal\/wp-content\/uploads\/2026\/08\/MercaditaVioleta_02-1536x1024.jpeg 1536w, https:\/\/losperiodistas.com.mx\/portal\/wp-content\/uploads\/2026\/08\/MercaditaVioleta_02-2048x1365.jpeg 2048w\" sizes=\"(max-width: 1024px) 100vw, 1024px\" \/><\/figure>\n<\/figure>\n\n\n\n<p>El programa contempla capacitaciones sobre econom\u00eda social y solidaria, emprendimiento rural y programas de bienestar para las mujeres, adem\u00e1s de talleres sobre menstruaci\u00f3n digna, entrevistas a artesanas bajo el concepto \u201cMi historia, mi producto\u201d, danza prehisp\u00e1nica, relatos feministas y actividades dirigidas a la ni\u00f1ez.<\/p>\n\n\n\n<p>Bajo el liderazgo del gobernador Alejandro Armenta Mier y en concordancia con las pol\u00edticas a favor de las mujeres que encabeza la presidenta de M\u00e9xico, Claudia Sheinbaum Pardo, el Gobierno del Estado fortalece acciones orientadas a impulsar la independencia econ\u00f3mica, el acceso a oportunidades y el reconocimiento del trabajo productivo de las poblanas.<\/p>\n\n\n\n<p>Para esta edici\u00f3n se prev\u00e9 la asistencia de 18 mil visitantes nacionales e internacionales, as\u00ed como una derrama econ\u00f3mica superior a 500 mil pesos en beneficio directo de las participantes, adem\u00e1s de la posibilidad de establecer relaciones comerciales de largo plazo con nuevos clientes.<\/p>\n","protected":false},"excerpt":{"rendered":"<p>Participan 250 emprendedoras, artesanas y productoras de 40 municipios y localidades del estado, en el Z\u00f3calo de Puebla.<\/p>\n","protected":false},"author":1,"featured_media":129635,"comment_status":"open","ping_status":"open","sticky":false,"template":"","format":"standard","meta":{"site-sidebar-layout":"default","site-content-layout":"","ast-site-content-layout":"default","site-content-style":"default","site-sidebar-style":"default","ast-global-header-display":"","ast-banner-title-visibility":"","ast-main-header-display":"","ast-hfb-above-header-display":"","ast-hfb-below-header-display":"","ast-hfb-mobile-header-display":"","site-post-title":"","ast-breadcrumbs-content":"","ast-featured-img":"","footer-sml-layout":"","theme-transparent-header-meta":"","adv-header-id-meta":"","stick-header-meta":"","header-above-stick-meta":"","header-main-stick-meta":"","header-below-stick-meta":"","astra-migrate-meta-layouts":"default","ast-page-background-enabled":"default","ast-page-background-meta":{"desktop":{"background-color":"var(--ast-global-color-4)","background-image":"","background-repeat":"repeat","background-position":"center center","background-size":"auto","background-attachment":"scroll","background-type":"","background-media":"","overlay-type":"","overlay-color":"","overlay-opacity":"","overlay-gradient":""},"tablet":{"background-color":"","background-image":"","background-repeat":"repeat","background-position":"center center","background-size":"auto","background-attachment":"scroll","background-type":"","background-media":"","overlay-type":"","overlay-color":"","overlay-opacity":"","overlay-gradient":""},"mobile":{"background-color":"","background-image":"","background-repeat":"repeat","background-position":"center center","background-size":"auto","background-attachment":"scroll","background-type":"","background-media":"","overlay-type":"","overlay-color":"","overlay-opacity":"","overlay-gradient":""}},"ast-content-background-meta":{"desktop":{"background-color":"var(--ast-global-color-5)","background-image":"","background-repeat":"repeat","background-position":"center center","background-size":"auto","background-attachment":"scroll","background-type":"","background-media":"","overlay-type":"","overlay-color":"","overlay-opacity":"","overlay-gradient":""},"tablet":{"background-color":"var(--ast-global-color-5)","background-image":"","background-repeat":"repeat","background-position":"center center","background-size":"auto","background-attachment":"scroll","background-type":"","background-media":"","overlay-type":"","overlay-color":"","overlay-opacity":"","overlay-gradient":""},"mobile":{"background-color":"var(--ast-global-color-5)","background-image":"","background-repeat":"repeat","background-position":"center center","background-size":"auto","background-attachment":"scroll","background-type":"","background-media":"","overlay-type":"","overlay-color":"","overlay-opacity":"","overlay-gradient":""}},"footnotes":""},"categories":[8],"tags":[52823,52821,52820,52819,52822,29066,2151],"class_list":["post-129634","post","type-post","status-publish","format-standard","has-post-thumbnail","hentry","category-noticias","tag-40-municipios","tag-artesanas","tag-emprendedoras","tag-mercadita-violeta","tag-productoras","tag-secretaria-de-las-mujeres","tag-zocalo-de-puebla"],"_links":{"self":[{"href":"https:\/\/losperiodistas.com.mx\/portal\/wp-json\/wp\/v2\/posts\/129634","targetHints":{"allow":["GET"]}}],"collection":[{"href":"https:\/\/losperiodistas.com.mx\/portal\/wp-json\/wp\/v2\/posts"}],"about":[{"href":"https:\/\/losperiodistas.com.mx\/portal\/wp-json\/wp\/v2\/types\/post"}],"author":[{"embeddable":true,"href":"https:\/\/losperiodistas.com.mx\/portal\/wp-json\/wp\/v2\/users\/1"}],"replies":[{"embeddable":true,"href":"https:\/\/losperiodistas.com.mx\/portal\/wp-json\/wp\/v2\/comments?post=129634"}],"version-history":[{"count":1,"href":"https:\/\/losperiodistas.com.mx\/portal\/wp-json\/wp\/v2\/posts\/129634\/revisions"}],"predecessor-version":[{"id":129639,"href":"https:\/\/losperiodistas.com.mx\/portal\/wp-json\/wp\/v2\/posts\/129634\/revisions\/129639"}],"wp:featuredmedia":[{"embeddable":true,"href":"https:\/\/losperiodistas.com.mx\/portal\/wp-json\/wp\/v2\/media\/129635"}],"wp:attachment":[{"href":"https:\/\/losperiodistas.com.mx\/portal\/wp-json\/wp\/v2\/media?parent=129634"}],"wp:term":[{"taxonomy":"category","embeddable":true,"href":"https:\/\/losperiodistas.com.mx\/portal\/wp-json\/wp\/v2\/categories?post=129634"},{"taxonomy":"post_tag","embeddable":true,"href":"https:\/\/losperiodistas.com.mx\/portal\/wp-json\/wp\/v2\/tags?post=129634"}],"curies":[{"name":"wp","href":"https:\/\/api.w.org\/{rel}","templated":true}]}}