{"id":129630,"date":"2026-08-31T04:00:59","date_gmt":"2026-08-31T10:00:59","guid":{"rendered":"https:\/\/losperiodistas.com.mx\/portal\/?p=129630"},"modified":"2026-08-31T04:01:00","modified_gmt":"2026-08-31T10:01:00","slug":"la-obsesion-nazi-con-el-himalaya-la-expedicion-para-hallar-el-origen-de-la-raza-aria-abc","status":"publish","type":"post","link":"https:\/\/losperiodistas.com.mx\/portal\/la-obsesion-nazi-con-el-himalaya-la-expedicion-para-hallar-el-origen-de-la-raza-aria-abc\/","title":{"rendered":"La obsesi\u00f3n nazi con el Himalaya: la expedici\u00f3n para hallar el origen de la raza aria | ABC"},"content":{"rendered":"\n<h2 class=\"wp-block-heading has-pale-cyan-blue-background-color has-background has-medium-font-size\">En abril de 1938, un equipo de las SS liderado por Ernst Schaeffer se traslad\u00f3 al Tibet para realizar mediciones corporales y fotograf\u00edas de los naturales<\/h2>\n\n\n\n<figure class=\"wp-block-image size-large\"><img fetchpriority=\"high\" decoding=\"async\" width=\"1024\" height=\"717\" src=\"https:\/\/losperiodistas.com.mx\/portal\/wp-content\/uploads\/2026\/08\/himalaya-principal-RLQfycOSVx9vZ8xp6kSi78I-1200x840@diario_abc-1024x717.jpeg\" alt=\"\" class=\"wp-image-129649\" srcset=\"https:\/\/losperiodistas.com.mx\/portal\/wp-content\/uploads\/2026\/08\/himalaya-principal-RLQfycOSVx9vZ8xp6kSi78I-1200x840@diario_abc-1024x717.jpeg 1024w, https:\/\/losperiodistas.com.mx\/portal\/wp-content\/uploads\/2026\/08\/himalaya-principal-RLQfycOSVx9vZ8xp6kSi78I-1200x840@diario_abc-300x210.jpeg 300w, https:\/\/losperiodistas.com.mx\/portal\/wp-content\/uploads\/2026\/08\/himalaya-principal-RLQfycOSVx9vZ8xp6kSi78I-1200x840@diario_abc-768x538.jpeg 768w, https:\/\/losperiodistas.com.mx\/portal\/wp-content\/uploads\/2026\/08\/himalaya-principal-RLQfycOSVx9vZ8xp6kSi78I-1200x840@diario_abc.jpeg 1200w\" sizes=\"(max-width: 1024px) 100vw, 1024px\" \/><figcaption class=\"wp-element-caption\">Ernst Schaeffer, junto a sus hombres.\u00a0(ABC)<\/figcaption><\/figure>\n\n\n\n<p class=\"has-medium-font-size\"><strong><a href=\"https:\/\/www.abc.es\/autor\/manuel-p-villatoro-1047\/\">Manuel P. Villatoro<\/a> \/ ABC<\/strong><\/p>\n\n\n\n<p><\/p>\n\n\n\n<p>Fue en 1938 cuando la &#8216;<a href=\"https:\/\/www.abc.es\/cultura\/libros\/abci-segunda-guerra-mundial-lado-mas-oscuro-indiana-jones-nazis-y-relacion-oculta-franco-202101081422_noticia.html\">Ahnenerbe<\/a>&#8216;, el instituto cient\u00edfico fundado en 1935 para demostrar la superioridad de la raza aria, se propuso dar un paso de gigante y organizar un viaje a un territorio tan lejano como el Himalaya. Al frente de aquella ins\u00f3lita&nbsp;expedici\u00f3n estuvo&nbsp;<strong>Ernst Schaeffer,<\/strong>&nbsp;un zo\u00f3logo alem\u00e1n con fama de aguerrido explorador. Su objetivo principal era llegar al T\u00edbet acompa\u00f1ado por 5 investigadores y 20 miembros de las SS para estudiar la fauna, la geograf\u00eda y las poblaciones de una de las regiones m\u00e1s inaccesibles del planeta. Pero, tras aquellas \u00f3rdenes se escond\u00eda tambi\u00e9n el inter\u00e9s por encontrar respuestas que encajaran con sus delirantes teor\u00edas sobre el origen de los pueblos, la raza y las antiguas civilizaciones.<\/p>\n\n\n\n<p>Schaeffer no era un tipo cualquiera, sino el gran aventurero de la \u00e9poca. En&nbsp;<a href=\"https:\/\/www.casadellibro.com\/libro-la-orden-negra-el-ejercito-pagano-del-iii-reich\/9788441426641\/1818664?srsltid=AfmBOopXP_Kr-7C8acn0C7sZnMiQCx128UHWgK18YlveRFdhhvqLVVS0\">&#8216;La Orden Negra&#8217;, \u00d3scar Herrad\u00f3n<\/a>&nbsp;se\u00f1ala que hab\u00eda estudiado zoolog\u00eda y biolog\u00eda en la Universidad de G\u00f6ttingen y que fue all\u00ed donde abraz\u00f3 la causa nazi. Poco despu\u00e9s, a los 21 a\u00f1os, particip\u00f3 con un joven norteamericano en una expedici\u00f3n desde Hannover; aquello cambi\u00f3 su vida. A partir de entonces atesor\u00f3 una infinidad de logros: fue el primer occidental en matar un oso panda y en viajar hasta el Himalaya. Para acabar de completar su curr\u00edculum, a una corta edad se afili\u00f3 a las SS, cuerpo del que ya era oficial cuando se le encarg\u00f3 dirigir el viaje hasta el Tibet.<\/p>\n\n\n\n<p>La expedici\u00f3n, afirma Herrad\u00f3n, contaba tambi\u00e9n entre sus filas con Bruno Beger, un joven y aplaudido antrop\u00f3logo que tambi\u00e9n buscaba los or\u00edgenes de la &#8216;raza superior&#8217;. \u00abJunto a estos partir\u00edan tambi\u00e9n hacia el Tibet el geof\u00edsico Karl Wienert, y Ernst Krause, entom\u00f3logo y fot\u00f3grafo. El experto en t\u00e9cnica y organizaci\u00f3n era Edmund Geer\u00bb, completa el autor.<\/p>\n\n\n\n<h3 class=\"wp-block-heading\">Raros objetivos<\/h3>\n\n\n\n<p>Seg\u00fan explica el periodista Jos\u00e9 Lesta en el ensayo &#8216;El enigma nazi. El secreto esot\u00e9rico del III Reich&#8217;, la misi\u00f3n guardaba un inter\u00e9s arqueol\u00f3gico y antropol\u00f3gico, pero tambi\u00e9n mitol\u00f3gico. \u00abSin duda estaban interesados en los mitos y las leyendas de la regi\u00f3n, uno de los objetivos de la organizaci\u00f3n\u00bb, a\u00f1ade el experto.<\/p>\n\n\n\n<figure class=\"wp-block-image\"><img decoding=\"async\" src=\"https:\/\/s1.abcstatics.com\/abc\/www\/multimedia\/historia\/2026\/08\/29\/expedicion3-U84807487748OzY-680x476@diario_abc.jpg\" alt=\"Expedici\u00f3n al Tibet\"\/><figcaption class=\"wp-element-caption\">Expedici\u00f3n al Tibet.&nbsp;(Bundesarchiv)<\/figcaption><\/figure>\n\n\n\n<p>Cuadra, pues el art\u00edfice \u00faltimo de la expedici\u00f3n era&nbsp;<a href=\"https:\/\/www.abc.es\/historia\/abci-himmler-vergonzosos-secretos-y-humillante-muerte-acolito-hitler-202006120140_noticia.html\">Heinrich Himmler<\/a>. el archiconocido l\u00edder de las SS. El hamp\u00f3n estaba convencido de que el origen de la raza aria se hallaba en el Tibet. \u00abHimmler me habl\u00f3 de su creencia de que la raza n\u00f3rdica no hab\u00eda evolucionado, sino que hab\u00eda descendido directamente del cielo para asentarse en el continente desaparecido (Atl\u00e1ntida), y que antiguos emigrantes de ese continente hab\u00edan fundado una gran civilizaci\u00f3n en Asia Central. Cre\u00eda que algunos tibetanos eran descendientes directos de esta civilizaci\u00f3n y que los arios proven\u00edan de esta etnia\u00bb, dej\u00f3 escrito el mismo Schaeffer en un documento de la organizaci\u00f3n.<\/p>\n\n\n\n<p>Adem\u00e1s, Schaeffer recibi\u00f3 \u00f3rdenes de hallar pruebas que demostraran la rocambolesca teor\u00eda de que la Tierra estaba hueca; una leyenda que hab\u00eda cuajado en la c\u00fapula nazi y que establec\u00eda que dentro de la corteza terrestre exist\u00edan una infinidad de galer\u00edas que conectaban los pa\u00edses entre s\u00ed. Y su epicentro, o eso cre\u00edan, era el Tibet. Por \u00faltimo, Himmler tambi\u00e9n solicit\u00f3 a su lugarteniente que buscara la ciudad perdida de Shambhala, un misterioso lugar cuya ubicaci\u00f3n era desconocida pero del que se hablaba en la tradici\u00f3n tibetana.<\/p>\n\n\n\n<h3 class=\"wp-block-heading\">Camino al Tibet<\/h3>\n\n\n\n<p>Tras llevar a cabo todos los preparativos, en abril de 1938 comenz\u00f3 la esperada expedici\u00f3n. Una de sus primeras paradas, ya en Asia, fue el territorio de Sikkim, la puerta natural para entrar en el Tibet. All\u00ed, Beger llev\u00f3 a cabo todo tipo de mediciones y experimentos con la poblaci\u00f3n local. Entre ellos, hizo minuciosos an\u00e1lisis de los rasgos f\u00edsicos de los lugare\u00f1os y siniestras &#8216;mediciones craneales&#8217; \u2013como \u00e9l mismo las denomin\u00f3\u2013 para corroborar que los n\u00f3rdicos, considerados por el Reich como la raza superior, se distingu\u00edan por una frente ancha y un rostro alargado. \u00abEstudi\u00f3 la longitud, anchura, y circunferencia de sus cabezas, de su boca, nariz\u2026\u00bb, determina el experto.<\/p>\n\n\n\n<p>Beger no tuvo piedad y, en nombre de la ciencia, utiliz\u00f3 productos peligrosos como m\u00e1scaras faciales de yeso, material que provocaba a los sujetos ahogamientos, escozor, e incluso quemaba su piel. Despu\u00e9s de esta parada, la expedici\u00f3n atraves\u00f3 el \u00faltimo tramo del trayecto, el que les llevar\u00eda hasta la ciudad sagrada de Lhasa. \u00abDurante el viaje, Schaeffer se entregaba de forma enfermiza a la caza para conseguir ex\u00f3ticos espec\u00edmenes para los museos del Reich\u00bb, a\u00f1ade Herrad\u00f3n.<\/p>\n\n\n\n<figure class=\"wp-block-image\"><img decoding=\"async\" src=\"https:\/\/s1.abcstatics.com\/abc\/www\/multimedia\/historia\/2026\/08\/29\/himalaya2-U18685141682iRE-680x476@diario_abc.jpg\" alt=\"Expedicionarios en Calcuta, en 1938. De izquierda a derecha, Karl Wienert, Ernst Sch\u00e4fer, Bruno Beger, Ernst Krause y Edmund Geer.\"\/><figcaption class=\"wp-element-caption\">Expedicionarios en Calcuta, en 1938. De izquierda a derecha, Karl Wienert, Ernst Sch\u00e4fer, Bruno Beger, Ernst Krause y Edmund Geer.&nbsp;(Bundesarchiv)<\/figcaption><\/figure>\n\n\n\n<p>En 1939, pocos meses antes del estallido de la&nbsp;<a href=\"https:\/\/www.abc.es\/noticias\/segunda-guerra-mundial\/\">Segunda Guerra Mundial<\/a>, la expedici\u00f3n lleg\u00f3 a las puertas de la ciudad, hogar del Dalai Lama, por aquel entonces nada m\u00e1s que un ni\u00f1o. Antes de comenzar las investigaciones de campo, ya hab\u00edan logrado una gran proeza para Alemania: hacer que los pendones con la esv\u00e1stica se alzaran en lo alto del Tibet. Una vez alcanzada la aldea iniciaron sus pesquisas al recoger raros espec\u00edmenes de todo tipo de especies poco conocidas y llevar a cabo miles de fotograf\u00edas y filmaciones. Todo ello, bajo el paraguas del regente.<\/p>\n\n\n\n<p>Dos meses de investigaci\u00f3n despu\u00e9s, el grupo volvi\u00f3 a casa por orden de la c\u00fapula nazi, temerosa ante el inicio de la contienda contra Polonia. Aunque no lograron verificar las descabelladas teor\u00edas que pretend\u00edan, no regresaron con las manos vac\u00edas. Una vez en el coraz\u00f3n del Reich, Schaeffer y sus compa\u00f1eros fueron tratados como h\u00e9roes. Incluso rodaron un documental con todas las im\u00e1genes captadas en su viaje. A pesar de todo, todav\u00eda tendr\u00eda que pasar mucho tiempo hasta que finalizara la investigaci\u00f3n y el an\u00e1lisis de todos los espec\u00edmenes que hab\u00eda tra\u00eddo del Tibet.<\/p>\n\n\n\n<figure class=\"wp-block-image\"><img decoding=\"async\" src=\"https:\/\/s1.abcstatics.com\/abc\/www\/multimedia\/historia\/2026\/08\/29\/himalaya1_20260827135601-U28785204875kER-680x476@diario_abc.jpg\" alt=\"El antrop\u00f3logo Bruno Beger mientras realiza la craneometr\u00eda de un hombre tibetano\"\/><figcaption class=\"wp-element-caption\">El antrop\u00f3logo Bruno Beger mientras realiza la craneometr\u00eda de un hombre tibetano.&nbsp;(Bundesarchiv)<\/figcaption><\/figure>\n\n\n\n<p>Cuando regresaron, Beger ya hab\u00eda medido los cr\u00e1neos de 376 tibetanos, hab\u00eda hecho 2.000 fotograf\u00edas, hab\u00eda recogido tres centenares de huellas dactilares y hab\u00eda realizado moldes de diferentes partes del cuerpo de 17 personas. A su vez, la expedici\u00f3n hab\u00eda reunido 2.000 artefactos etnogr\u00e1ficos y el equipo de filmaci\u00f3n hab\u00eda tomado m\u00e1s de 18.000 metros de pel\u00edcula en blanco y negro.<\/p>\n\n\n\n<p>Fuente: <a href=\"https:\/\/www.abc.es\/historia\/obsesion-nazi-himalaya-expedicion-hallar-origen-raza-20260829011056-nt.html\">https:\/\/www.abc.es\/historia\/obsesion-nazi-himalaya-expedicion-hallar-origen-raza-20260829011056-nt.html<\/a><\/p>\n","protected":false},"excerpt":{"rendered":"<p>En abril de 1938, un equipo de las SS liderado por Ernst Schaeffer se traslad\u00f3 al Tibet para realizar mediciones [&hellip;]<\/p>\n","protected":false},"author":1,"featured_media":129649,"comment_status":"open","ping_status":"open","sticky":false,"template":"","format":"standard","meta":{"site-sidebar-layout":"default","site-content-layout":"","ast-site-content-layout":"default","site-content-style":"default","site-sidebar-style":"default","ast-global-header-display":"","ast-banner-title-visibility":"","ast-main-header-display":"","ast-hfb-above-header-display":"","ast-hfb-below-header-display":"","ast-hfb-mobile-header-display":"","site-post-title":"","ast-breadcrumbs-content":"","ast-featured-img":"","footer-sml-layout":"","theme-transparent-header-meta":"","adv-header-id-meta":"","stick-header-meta":"","header-above-stick-meta":"","header-main-stick-meta":"","header-below-stick-meta":"","astra-migrate-meta-layouts":"default","ast-page-background-enabled":"default","ast-page-background-meta":{"desktop":{"background-color":"var(--ast-global-color-4)","background-image":"","background-repeat":"repeat","background-position":"center center","background-size":"auto","background-attachment":"scroll","background-type":"","background-media":"","overlay-type":"","overlay-color":"","overlay-opacity":"","overlay-gradient":""},"tablet":{"background-color":"","background-image":"","background-repeat":"repeat","background-position":"center center","background-size":"auto","background-attachment":"scroll","background-type":"","background-media":"","overlay-type":"","overlay-color":"","overlay-opacity":"","overlay-gradient":""},"mobile":{"background-color":"","background-image":"","background-repeat":"repeat","background-position":"center center","background-size":"auto","background-attachment":"scroll","background-type":"","background-media":"","overlay-type":"","overlay-color":"","overlay-opacity":"","overlay-gradient":""}},"ast-content-background-meta":{"desktop":{"background-color":"var(--ast-global-color-5)","background-image":"","background-repeat":"repeat","background-position":"center center","background-size":"auto","background-attachment":"scroll","background-type":"","background-media":"","overlay-type":"","overlay-color":"","overlay-opacity":"","overlay-gradient":""},"tablet":{"background-color":"var(--ast-global-color-5)","background-image":"","background-repeat":"repeat","background-position":"center center","background-size":"auto","background-attachment":"scroll","background-type":"","background-media":"","overlay-type":"","overlay-color":"","overlay-opacity":"","overlay-gradient":""},"mobile":{"background-color":"var(--ast-global-color-5)","background-image":"","background-repeat":"repeat","background-position":"center center","background-size":"auto","background-attachment":"scroll","background-type":"","background-media":"","overlay-type":"","overlay-color":"","overlay-opacity":"","overlay-gradient":""}},"footnotes":""},"categories":[8],"tags":[22483,52827,52829,5411,52828],"class_list":["post-129630","post","type-post","status-publish","format-standard","has-post-thumbnail","hentry","category-noticias","tag-himalaya","tag-instituto-ahnenerbe","tag-raza-aria","tag-tibet","tag-zoologo-ernst-schaeffer"],"_links":{"self":[{"href":"https:\/\/losperiodistas.com.mx\/portal\/wp-json\/wp\/v2\/posts\/129630","targetHints":{"allow":["GET"]}}],"collection":[{"href":"https:\/\/losperiodistas.com.mx\/portal\/wp-json\/wp\/v2\/posts"}],"about":[{"href":"https:\/\/losperiodistas.com.mx\/portal\/wp-json\/wp\/v2\/types\/post"}],"author":[{"embeddable":true,"href":"https:\/\/losperiodistas.com.mx\/portal\/wp-json\/wp\/v2\/users\/1"}],"replies":[{"embeddable":true,"href":"https:\/\/losperiodistas.com.mx\/portal\/wp-json\/wp\/v2\/comments?post=129630"}],"version-history":[{"count":1,"href":"https:\/\/losperiodistas.com.mx\/portal\/wp-json\/wp\/v2\/posts\/129630\/revisions"}],"predecessor-version":[{"id":129650,"href":"https:\/\/losperiodistas.com.mx\/portal\/wp-json\/wp\/v2\/posts\/129630\/revisions\/129650"}],"wp:featuredmedia":[{"embeddable":true,"href":"https:\/\/losperiodistas.com.mx\/portal\/wp-json\/wp\/v2\/media\/129649"}],"wp:attachment":[{"href":"https:\/\/losperiodistas.com.mx\/portal\/wp-json\/wp\/v2\/media?parent=129630"}],"wp:term":[{"taxonomy":"category","embeddable":true,"href":"https:\/\/losperiodistas.com.mx\/portal\/wp-json\/wp\/v2\/categories?post=129630"},{"taxonomy":"post_tag","embeddable":true,"href":"https:\/\/losperiodistas.com.mx\/portal\/wp-json\/wp\/v2\/tags?post=129630"}],"curies":[{"name":"wp","href":"https:\/\/api.w.org\/{rel}","templated":true}]}}