{"id":129580,"date":"2026-08-30T07:14:34","date_gmt":"2026-08-30T13:14:34","guid":{"rendered":"https:\/\/losperiodistas.com.mx\/portal\/?p=129580"},"modified":"2026-08-30T07:14:35","modified_gmt":"2026-08-30T13:14:35","slug":"el-papa-en-el-angelus-en-nuestra-vida-de-fe-cultivemos-la-sinceridad-y-la-docilidad-vatican-news","status":"publish","type":"post","link":"https:\/\/losperiodistas.com.mx\/portal\/el-papa-en-el-angelus-en-nuestra-vida-de-fe-cultivemos-la-sinceridad-y-la-docilidad-vatican-news\/","title":{"rendered":"El Papa en el \u00e1ngelus: En nuestra vida de fe cultivemos la sinceridad y la docilidad | Vatican News"},"content":{"rendered":"\n<p class=\"has-luminous-vivid-amber-background-color has-background has-medium-font-size\">Este 30 de agosto, el Papa Le\u00f3n XIV dirigi\u00f3 la oraci\u00f3n mariana del \u00e1ngelus desde la Villa Pontificia de Castel Gandolfo. En su comentario al Evangelio de este domingo, el Santo Padre se\u00f1al\u00f3 que, \u201cen nuestra vida de fe y en nuestra oraci\u00f3n\u201d, debemos tener la misma sinceridad de Pedro, dici\u00e9ndole al Se\u00f1or con humildad lo que sentimos realmente; y, al mismo tiempo, \u201cque sepamos cultivar su docilidad, aceptando aquello que nos pide m\u00e1s all\u00e1 de nuestras expectativas\u201d.<\/p>\n\n\n\n<figure class=\"wp-block-embed is-type-video is-provider-youtube wp-block-embed-youtube wp-embed-aspect-16-9 wp-has-aspect-ratio\"><div class=\"wp-block-embed__wrapper\">\n<iframe title=\"\u00c1ngelus 30 de agosto de 2026 - Papa Le\u00f3n XIV\" width=\"500\" height=\"281\" src=\"https:\/\/www.youtube.com\/embed\/FOl7SKA1nnA?feature=oembed\" frameborder=\"0\" allow=\"accelerometer; autoplay; clipboard-write; encrypted-media; gyroscope; picture-in-picture; web-share\" referrerpolicy=\"strict-origin-when-cross-origin\" allowfullscreen><\/iframe>\n<\/div><\/figure>\n\n\n\n<p><\/p>\n\n\n\n<p class=\"has-vivid-red-color has-text-color has-link-color has-medium-font-size wp-elements-51d8f05bbcec5d2139865d817a87fd25\"><strong>Renato Martinez \/ Vatican News<\/strong><\/p>\n\n\n\n<p>\u201cNo interrumpir nunca el dialogo con el Se\u00f1or y no juzgar nunca el obrar de Dios\u201d, son las dos cosas importantes que nos ense\u00f1a el ap\u00f3stol Pedro, a pesar de su \u201cincertidumbre e impulsividad\u201d, lo dijo el Papa Le\u00f3n XIV este domingo, 30 de agosto, en su reflexi\u00f3n previa al rezo de la oraci\u00f3n mariana del \u00c1ngelus, ante miles de fieles y peregrinos que se congregaron en la Plaza de la Libertad de Castel Gandolfo.<\/p>\n\n\n\n<h2 class=\"wp-block-heading\"><strong>Jes\u00fas revela el misterio de su Pascua<\/strong><\/h2>\n\n\n\n<p>En su comentario al Evangelio de este XXII Domingo del Tiempo Ordinario, el Santo Padre dijo que, este pasaje b\u00edblico nos habla de Jes\u00fas, quien revela a sus disc\u00edpulos el misterio de su Pascua inminente.<\/p>\n\n\n\n<p><em>\u201cEl Mes\u00edas \u2014dice\u2014 \u00abten\u00eda que ir a Jerusal\u00e9n y padecer all\u00ed mucho por parte de los ancianos, sumos sacerdotes y escribas, y que ten\u00eda que ser ejecutado y resucitar al tercer d\u00eda\u00bb\u201d.<\/em><\/p>\n\n\n\n<h2 class=\"wp-block-heading\"><strong>\u00ab\u00a1Lejos de ti tal cosa, Se\u00f1or! Eso no puede pasarte\u00bb<\/strong><\/h2>\n\n\n\n<p>Esta afirmaci\u00f3n, indic\u00f3 el Pont\u00edfice, est\u00e1 muy lejos de lo que esperaban de un Mes\u00edas triunfante y poderoso, con cuya ayuda derrotar\u00edan y humillar\u00edan a sus enemigos.<\/p>\n\n\n\n<p><em>\u201cYa hab\u00edan tenido el modo, en el tiempo transcurrido con \u00c9l, de maravillarse de muchos de sus gestos y palabras. Pero este \u00faltimo mensaje, fue m\u00e1s all\u00e1 de toda perspectiva. Pedro, particularmente, manifiesta su desacuerdo y comienza a reprender a Jes\u00fas dici\u00e9ndole: \u00ab\u00a1Lejos de ti tal cosa, Se\u00f1or! Eso no puede pasarte\u00bb\u201d.<\/em><\/p>\n\n\n\n<h2 class=\"wp-block-heading\"><strong>Un impulso de fervor que nos hace reflexionar<\/strong><\/h2>\n\n\n\n<p>En este sentido, el Papa Le\u00f3n record\u00f3 que, Pedro apenas hac\u00eda un instante que hab\u00eda reconocido a Jes\u00fas como el \u00abMes\u00edas, el Hijo del Dios vivo\u00bb. Ahora en cambio, sorprendido y quiz\u00e1 decepcionado de lo que hab\u00eda escuchado, en contraste con la hermosa profesi\u00f3n de fe que acababa de pronunciar, lo reprende.<\/p>\n\n\n\n<p><em>\u201cParecer\u00eda que le dice: \u2018s\u00ed, creo que t\u00fa eres el Mes\u00edas, pero ese no es el modo de salvar al mundo\u2019. Es un impulso de fervor, sin duda motivado por un amor sincero que, sin embargo, nos hace reflexionar\u201d.<\/em><\/p>\n\n\n\n<h2 class=\"wp-block-heading\"><strong>Las tentaciones son contra toda l\u00f3gica de fe<\/strong><\/h2>\n\n\n\n<p>Por ello, el Santo Padre se\u00f1al\u00f3 que, tampoco para nosotros, es siempre f\u00e1cil entender y aceptar los caminos de Dios, especialmente cuando est\u00e1n muy alejados de los nuestros.<\/p>\n\n\n\n<p><em>\u201cEntonces las tentaciones son, contra toda l\u00f3gica de fe, pensar que sea el Se\u00f1or el que se equivoca o, peor a\u00fan, el que no nos escucha o no se interesa por nosotros\u201d.<\/em><\/p>\n\n\n\n<h2 class=\"wp-block-heading\"><strong>Pedro nos ense\u00f1a dos cosas importantes<\/strong><\/h2>\n\n\n\n<p>Frente a esta incertidumbre Pedro, subray\u00f3 el Pont\u00edfice, aun dentro de su impulsividad, el ap\u00f3stol nos ense\u00f1a dos cosas importantes.<\/p>\n\n\n\n<p><em>\u201cLa primera es la de no interrumpir nunca, ni siquiera en estos momentos, el di\u00e1logo con el Se\u00f1or; m\u00e1s bien, manifestarle con confianza nuestra dificultad para comprender lo que nos pide. La segunda es la de no juzgar nunca el obrar de Dios, sino m\u00e1s bien, ponernos a la escucha, con humildad, en la oraci\u00f3n, de lo que nos est\u00e1 revelando a trav\u00e9s de su accionar, aun cuando no corresponde a nuestras expectativas\u201d.<\/em><\/p>\n\n\n\n<h2 class=\"wp-block-heading\"><strong>\u00ab\u00a1Ponte detr\u00e1s de m\u00ed, Satan\u00e1s!\u00bb<\/strong><\/h2>\n\n\n\n<p>Asimismo, el Santo Padre destac\u00f3 que, la grandeza del primero de los ap\u00f3stoles se manifiesta tambi\u00e9n cuando Jes\u00fas le responde: \u00ab\u00a1Ponte detr\u00e1s de m\u00ed, Satan\u00e1s!\u00bb, y les explica, a \u00e9l y a los otros disc\u00edpulos que, para seguir sus huellas, deber\u00e1n negarse a s\u00ed mismos, tomar su cruz y seguirlo.<\/p>\n\n\n\n<p><em>\u201cPedro lo har\u00e1 despu\u00e9s de haberlo escuchado, asumir\u00e1 el desaf\u00edo y permanecer\u00e1 fiel a las palabras del Cristo, al que ha reconocido como su redentor, por toda la existencia, hasta el martirio\u201d.&nbsp;<\/em><\/p>\n\n\n\n<h2 class=\"wp-block-heading\"><strong>Aprender a cultivar la sinceridad y docilidad<\/strong><\/h2>\n\n\n\n<p>Antes de invocar la materna protecci\u00f3n de la Virgen Mar\u00eda, que fue obediente a los designios de Dios permaneciendo de pie junto a la cruz de su hijo Jes\u00fas, el Papa Le\u00f3n XIV dijo que debemos pedir tener la misma sinceridad de Pedro y cultivar su docilidad.<\/p>\n\n\n\n<p><em>\u201cPidamos entonces al Se\u00f1or que tambi\u00e9n nosotros tengamos en nuestra vida de fe y en nuestra oraci\u00f3n, la misma sinceridad de Pedro, dici\u00e9ndole con humildad lo que sentimos realmente, aun cuando el coraz\u00f3n est\u00e1 confuso; y, al mismo tiempo, que sepamos cultivar su docilidad, aceptando aquello que nos pide m\u00e1s all\u00e1 de nuestras expectativas\u201d.<\/em><\/p>\n\n\n\n<p>Fuente: <a href=\"https:\/\/www.vaticannews.va\/es\/papa\/news\/2026-08\/papa-leon-xiv-angelus-domingo-30-agosto-castel-gandolfo-pedro.html\">https:\/\/www.vaticannews.va\/es\/papa\/news\/2026-08\/papa-leon-xiv-angelus-domingo-30-agosto-castel-gandolfo-pedro.html<\/a><\/p>\n","protected":false},"excerpt":{"rendered":"<p>Este 30 de agosto, el Papa Le\u00f3n XIV dirigi\u00f3 la oraci\u00f3n mariana del \u00e1ngelus desde la Villa Pontificia de Castel [&hellip;]<\/p>\n","protected":false},"author":1,"featured_media":129581,"comment_status":"open","ping_status":"open","sticky":false,"template":"","format":"standard","meta":{"site-sidebar-layout":"default","site-content-layout":"","ast-site-content-layout":"default","site-content-style":"default","site-sidebar-style":"default","ast-global-header-display":"","ast-banner-title-visibility":"","ast-main-header-display":"","ast-hfb-above-header-display":"","ast-hfb-below-header-display":"","ast-hfb-mobile-header-display":"","site-post-title":"","ast-breadcrumbs-content":"","ast-featured-img":"","footer-sml-layout":"","theme-transparent-header-meta":"","adv-header-id-meta":"","stick-header-meta":"","header-above-stick-meta":"","header-main-stick-meta":"","header-below-stick-meta":"","astra-migrate-meta-layouts":"default","ast-page-background-enabled":"default","ast-page-background-meta":{"desktop":{"background-color":"var(--ast-global-color-4)","background-image":"","background-repeat":"repeat","background-position":"center center","background-size":"auto","background-attachment":"scroll","background-type":"","background-media":"","overlay-type":"","overlay-color":"","overlay-opacity":"","overlay-gradient":""},"tablet":{"background-color":"","background-image":"","background-repeat":"repeat","background-position":"center center","background-size":"auto","background-attachment":"scroll","background-type":"","background-media":"","overlay-type":"","overlay-color":"","overlay-opacity":"","overlay-gradient":""},"mobile":{"background-color":"","background-image":"","background-repeat":"repeat","background-position":"center center","background-size":"auto","background-attachment":"scroll","background-type":"","background-media":"","overlay-type":"","overlay-color":"","overlay-opacity":"","overlay-gradient":""}},"ast-content-background-meta":{"desktop":{"background-color":"var(--ast-global-color-5)","background-image":"","background-repeat":"repeat","background-position":"center center","background-size":"auto","background-attachment":"scroll","background-type":"","background-media":"","overlay-type":"","overlay-color":"","overlay-opacity":"","overlay-gradient":""},"tablet":{"background-color":"var(--ast-global-color-5)","background-image":"","background-repeat":"repeat","background-position":"center center","background-size":"auto","background-attachment":"scroll","background-type":"","background-media":"","overlay-type":"","overlay-color":"","overlay-opacity":"","overlay-gradient":""},"mobile":{"background-color":"var(--ast-global-color-5)","background-image":"","background-repeat":"repeat","background-position":"center center","background-size":"auto","background-attachment":"scroll","background-type":"","background-media":"","overlay-type":"","overlay-color":"","overlay-opacity":"","overlay-gradient":""}},"footnotes":""},"categories":[8],"tags":[39941,52797],"class_list":["post-129580","post","type-post","status-publish","format-standard","has-post-thumbnail","hentry","category-noticias","tag-angelus-papa-leon-xiv","tag-sinceridad-y-docilidad"],"_links":{"self":[{"href":"https:\/\/losperiodistas.com.mx\/portal\/wp-json\/wp\/v2\/posts\/129580","targetHints":{"allow":["GET"]}}],"collection":[{"href":"https:\/\/losperiodistas.com.mx\/portal\/wp-json\/wp\/v2\/posts"}],"about":[{"href":"https:\/\/losperiodistas.com.mx\/portal\/wp-json\/wp\/v2\/types\/post"}],"author":[{"embeddable":true,"href":"https:\/\/losperiodistas.com.mx\/portal\/wp-json\/wp\/v2\/users\/1"}],"replies":[{"embeddable":true,"href":"https:\/\/losperiodistas.com.mx\/portal\/wp-json\/wp\/v2\/comments?post=129580"}],"version-history":[{"count":1,"href":"https:\/\/losperiodistas.com.mx\/portal\/wp-json\/wp\/v2\/posts\/129580\/revisions"}],"predecessor-version":[{"id":129582,"href":"https:\/\/losperiodistas.com.mx\/portal\/wp-json\/wp\/v2\/posts\/129580\/revisions\/129582"}],"wp:featuredmedia":[{"embeddable":true,"href":"https:\/\/losperiodistas.com.mx\/portal\/wp-json\/wp\/v2\/media\/129581"}],"wp:attachment":[{"href":"https:\/\/losperiodistas.com.mx\/portal\/wp-json\/wp\/v2\/media?parent=129580"}],"wp:term":[{"taxonomy":"category","embeddable":true,"href":"https:\/\/losperiodistas.com.mx\/portal\/wp-json\/wp\/v2\/categories?post=129580"},{"taxonomy":"post_tag","embeddable":true,"href":"https:\/\/losperiodistas.com.mx\/portal\/wp-json\/wp\/v2\/tags?post=129580"}],"curies":[{"name":"wp","href":"https:\/\/api.w.org\/{rel}","templated":true}]}}