{"id":129541,"date":"2026-08-29T09:57:18","date_gmt":"2026-08-29T15:57:18","guid":{"rendered":"https:\/\/losperiodistas.com.mx\/portal\/?p=129541"},"modified":"2026-08-29T09:57:20","modified_gmt":"2026-08-29T15:57:20","slug":"gobierno-de-pepe-chedraui-invita-a-disfrutar-de-las-artesanias-este-fin-de-semana","status":"publish","type":"post","link":"https:\/\/losperiodistas.com.mx\/portal\/gobierno-de-pepe-chedraui-invita-a-disfrutar-de-las-artesanias-este-fin-de-semana\/","title":{"rendered":"Gobierno de Pepe Chedraui invita a disfrutar de las artesan\u00edas este fin de semana"},"content":{"rendered":"\n<ul class=\"wp-block-list\">\n<li class=\"has-medium-font-size\">El s\u00e1bado y domingo hay varias actividades en la Cumbre Iberoamericana de Artesan\u00edas<\/li>\n<\/ul>\n\n\n\n<figure class=\"wp-block-image size-large\"><img fetchpriority=\"high\" decoding=\"async\" width=\"819\" height=\"1024\" src=\"https:\/\/losperiodistas.com.mx\/portal\/wp-content\/uploads\/2026\/08\/af591aa7-0cde-4c2f-8b02-8198eebac3ab-819x1024.jpeg\" alt=\"\" class=\"wp-image-129542\" srcset=\"https:\/\/losperiodistas.com.mx\/portal\/wp-content\/uploads\/2026\/08\/af591aa7-0cde-4c2f-8b02-8198eebac3ab-819x1024.jpeg 819w, https:\/\/losperiodistas.com.mx\/portal\/wp-content\/uploads\/2026\/08\/af591aa7-0cde-4c2f-8b02-8198eebac3ab-240x300.jpeg 240w, https:\/\/losperiodistas.com.mx\/portal\/wp-content\/uploads\/2026\/08\/af591aa7-0cde-4c2f-8b02-8198eebac3ab-768x960.jpeg 768w, https:\/\/losperiodistas.com.mx\/portal\/wp-content\/uploads\/2026\/08\/af591aa7-0cde-4c2f-8b02-8198eebac3ab.jpeg 1080w\" sizes=\"(max-width: 819px) 100vw, 819px\" \/><\/figure>\n\n\n\n<p><\/p>\n\n\n\n<p><\/p>\n\n\n\n<p class=\"has-vivid-red-color has-text-color has-link-color has-medium-font-size wp-elements-6fb932cedf388346955b6bb1e01ef4e1\"><strong>COMUNICADO<\/strong><\/p>\n\n\n\n<p>Este fin de semana es para disfrutar de Puebla Capital en familia, el Gobierno de la Ciudad que encabeza el presidente municipal Pepe Chedraui, a trav\u00e9s del Instituto Municipal de Arte y Cultura que dirige Anel Nochebuena ha preparado varios eventos para pasar un gran fin de semana.<\/p>\n\n\n\n<p>Ya inici\u00f3 la Segunda Cumbre Iberoamericana de Artesan\u00edas, Puebla Capital 2026, m\u00e1s de 100 artesanos de pa\u00edses como Cuba, Chile, Per\u00fa, Colombia, Ecuador , Paraguay y M\u00e9xico se re\u00fanen en el z\u00f3calo de la ciudad, donde habr\u00e1 expoventa de artesan\u00edas, conferencias y muchos espect\u00e1culos culturales. No te lo pierdas este s\u00e1bado y domingo de 10 de la ma\u00f1ana a 8 de la noche, la entrada es libre.<\/p>\n\n\n\n<p>Adem\u00e1s, el Nodo Cultural D&#8217;Los ofrece su taller de ballet para mayores de 18 a\u00f1os, en horario de 9 a 11 de la ma\u00f1ana, el cupo es limitado y hay cuota de recuperaci\u00f3n.<\/p>\n\n\n\n<p>A partir de las 2 de la tarde habr\u00e1 un bazar en el Teatro de la Ciudad en el que seguramente podr\u00e1s encontrar algo especial para este regreso a clases.<\/p>\n\n\n\n<p>Y por la tarde se presenta la obra \u00abSue\u00f1o de una noche de verano\u00bb de William Shakespeare, disfruta de este cl\u00e1sico de la literatura en el Teatro de la Ciudad a las 5 de la tarde. La entrada es gratuita.<\/p>\n\n\n\n<p>Para el domingo, para todos los apasionados a los videojuegos habr\u00e1 un gran concierto por el D\u00eda del Gamer, con interpretaciones a cargo de la Banda Sinf\u00f3nica Municipal. La cita es a las 12 del d\u00eda en el Teatro de la Ciudad, la entrada es libre.<\/p>\n\n\n\n<p>Adem\u00e1s no dejes de visitar las exposiciones \u00abReflejos del coraz\u00f3n\u00bb y \u00abUniversos de M\u00e9xico\u00bb en la Galeria del Palacio y en el Lobby del Teatro de la Ciudad. La entrada es gratuita.<\/p>\n\n\n\n<p><\/p>\n","protected":false},"excerpt":{"rendered":"<p>COMUNICADO Este fin de semana es para disfrutar de Puebla Capital en familia, el Gobierno de la Ciudad que encabeza [&hellip;]<\/p>\n","protected":false},"author":1,"featured_media":129542,"comment_status":"open","ping_status":"open","sticky":false,"template":"","format":"standard","meta":{"site-sidebar-layout":"default","site-content-layout":"","ast-site-content-layout":"default","site-content-style":"default","site-sidebar-style":"default","ast-global-header-display":"","ast-banner-title-visibility":"","ast-main-header-display":"","ast-hfb-above-header-display":"","ast-hfb-below-header-display":"","ast-hfb-mobile-header-display":"","site-post-title":"","ast-breadcrumbs-content":"","ast-featured-img":"","footer-sml-layout":"","theme-transparent-header-meta":"","adv-header-id-meta":"","stick-header-meta":"","header-above-stick-meta":"","header-main-stick-meta":"","header-below-stick-meta":"","astra-migrate-meta-layouts":"default","ast-page-background-enabled":"default","ast-page-background-meta":{"desktop":{"background-color":"var(--ast-global-color-4)","background-image":"","background-repeat":"repeat","background-position":"center center","background-size":"auto","background-attachment":"scroll","background-type":"","background-media":"","overlay-type":"","overlay-color":"","overlay-opacity":"","overlay-gradient":""},"tablet":{"background-color":"","background-image":"","background-repeat":"repeat","background-position":"center center","background-size":"auto","background-attachment":"scroll","background-type":"","background-media":"","overlay-type":"","overlay-color":"","overlay-opacity":"","overlay-gradient":""},"mobile":{"background-color":"","background-image":"","background-repeat":"repeat","background-position":"center center","background-size":"auto","background-attachment":"scroll","background-type":"","background-media":"","overlay-type":"","overlay-color":"","overlay-opacity":"","overlay-gradient":""}},"ast-content-background-meta":{"desktop":{"background-color":"var(--ast-global-color-5)","background-image":"","background-repeat":"repeat","background-position":"center center","background-size":"auto","background-attachment":"scroll","background-type":"","background-media":"","overlay-type":"","overlay-color":"","overlay-opacity":"","overlay-gradient":""},"tablet":{"background-color":"var(--ast-global-color-5)","background-image":"","background-repeat":"repeat","background-position":"center center","background-size":"auto","background-attachment":"scroll","background-type":"","background-media":"","overlay-type":"","overlay-color":"","overlay-opacity":"","overlay-gradient":""},"mobile":{"background-color":"var(--ast-global-color-5)","background-image":"","background-repeat":"repeat","background-position":"center center","background-size":"auto","background-attachment":"scroll","background-type":"","background-media":"","overlay-type":"","overlay-color":"","overlay-opacity":"","overlay-gradient":""}},"footnotes":""},"categories":[8],"tags":[25788,52786,34746,52787],"class_list":["post-129541","post","type-post","status-publish","format-standard","has-post-thumbnail","hentry","category-noticias","tag-pepechedraui","tag-ii-cumbre-ibeeroamericana-de-artesanias","tag-la-capital-imparable","tag-puebla-capital-cultural-2026"],"_links":{"self":[{"href":"https:\/\/losperiodistas.com.mx\/portal\/wp-json\/wp\/v2\/posts\/129541","targetHints":{"allow":["GET"]}}],"collection":[{"href":"https:\/\/losperiodistas.com.mx\/portal\/wp-json\/wp\/v2\/posts"}],"about":[{"href":"https:\/\/losperiodistas.com.mx\/portal\/wp-json\/wp\/v2\/types\/post"}],"author":[{"embeddable":true,"href":"https:\/\/losperiodistas.com.mx\/portal\/wp-json\/wp\/v2\/users\/1"}],"replies":[{"embeddable":true,"href":"https:\/\/losperiodistas.com.mx\/portal\/wp-json\/wp\/v2\/comments?post=129541"}],"version-history":[{"count":1,"href":"https:\/\/losperiodistas.com.mx\/portal\/wp-json\/wp\/v2\/posts\/129541\/revisions"}],"predecessor-version":[{"id":129543,"href":"https:\/\/losperiodistas.com.mx\/portal\/wp-json\/wp\/v2\/posts\/129541\/revisions\/129543"}],"wp:featuredmedia":[{"embeddable":true,"href":"https:\/\/losperiodistas.com.mx\/portal\/wp-json\/wp\/v2\/media\/129542"}],"wp:attachment":[{"href":"https:\/\/losperiodistas.com.mx\/portal\/wp-json\/wp\/v2\/media?parent=129541"}],"wp:term":[{"taxonomy":"category","embeddable":true,"href":"https:\/\/losperiodistas.com.mx\/portal\/wp-json\/wp\/v2\/categories?post=129541"},{"taxonomy":"post_tag","embeddable":true,"href":"https:\/\/losperiodistas.com.mx\/portal\/wp-json\/wp\/v2\/tags?post=129541"}],"curies":[{"name":"wp","href":"https:\/\/api.w.org\/{rel}","templated":true}]}}