{"id":1295,"date":"2020-11-18T07:08:36","date_gmt":"2020-11-18T13:08:36","guid":{"rendered":"http:\/\/losperiodistas.com.mx\/portal\/?p=1295"},"modified":"2020-11-18T07:08:36","modified_gmt":"2020-11-18T13:08:36","slug":"alondra-de-la-parra-impetu-que-reta-lo-imposible","status":"publish","type":"post","link":"https:\/\/losperiodistas.com.mx\/portal\/alondra-de-la-parra-impetu-que-reta-lo-imposible\/","title":{"rendered":"Alondra de la Parra, \u00edmpetu que reta lo imposible"},"content":{"rendered":"\n<p><em>La directora de orquesta mexicana estremece al mundo a trav\u00e9s de los escenarios digitales con una osada producci\u00f3n de calidad excepcional y revela en exclusiva los anhelos que la encaminan hacia nuevos desaf\u00edos<\/em><\/p>\n\n\n\n<p class=\"has-vivid-cyan-blue-color has-text-color has-medium-font-size\">SHEILA RAM\u00cdREZ\/ FORBES<\/p>\n\n\n\n<p>El impactante inicio de la Tercera Sinfon\u00eda de Gustav Mahler es recurrente en la memoria de Alondra de la Parra. Fue una de las obras que, desde que era ni\u00f1a, germinaron su sue\u00f1o de ser directora de orquesta y afirmaron su decisi\u00f3n de abrirse camino hasta convertirse en lo que hoy es: una mujer que pone en alto el nombre de M\u00e9xico en los escenarios m\u00e1s prestigiosos del mundo.<\/p>\n\n\n\n<p>El trayecto de Alondra hacia la cima es inspirador. Desde sus inicios surgieron voces que cuestionaron su capacidad de sobresalir en un \u00e1mbito que parec\u00eda estar reservado a los hombres. \u201cSiempre ha estado ah\u00ed una resistencia muy activa en contra de lo que he hecho. Pero no veo este tipo de situaciones como obst\u00e1culos porque estoy concentrada en mis siguientes movimientos, en observar d\u00f3nde pondr\u00e9 las manos para impulsarme, para continuar escalando y tender puentes para apoyar a quienes lo necesitan\u201d, comenta en voz alta.<\/p>\n\n\n\n<figure class=\"wp-block-image\"><img decoding=\"async\" src=\"https:\/\/cdn.forbes.com.mx\/2020\/11\/Alondra-de-la-Parra-Foto-Huawei-Latinoamerica-2-1024x683.jpg\" alt=\"\" class=\"wp-image-735523\"\/><figcaption>Junto a la Orquesta Filarm\u00f3nica de las Am\u00e9ricas, el a\u00f1o pasado, Alondra de la Parra interpret\u00f3 la famosa Sinfon\u00eda Inconclusa de Schubert en una versi\u00f3n terminada gracias a la Inteligencia Artificial de Huawei. Foto: Huawei Latinoam\u00e9rica.<\/figcaption><\/figure>\n\n\n\n<p>Sus manos al piano abren la puerta a la expectativa\u2026 Cada escena, cada m\u00fasico, cada instrumento, envuelve al espectador en una cadenciosa atm\u00f3sfera a la que se integran instantes ef\u00edmeros que dejan ver la expresividad de la tambi\u00e9n mexicana Elisa Carillo, primera bailarina del Staatsballett de Berl\u00edn. Las sensaciones ascienden al ritmo de las vibrantes armon\u00edas de una de las obras m\u00e1s representativas de M\u00e9xico: el Danz\u00f3n no. 2 del maestro Arturo M\u00e1rquez que \u00e9l mismo enriqueci\u00f3 para la ocasi\u00f3n.<\/p>\n\n\n\n<p>As\u00ed, \u2018La Orquesta Imposible\u2019, gestada por Alondra en los momentos m\u00e1s \u00e1lgidos de la pandemia y producida en colaboraci\u00f3n con Deutsche Welle, no s\u00f3lo ha hecho palpitar a miles de corazones en diferentes partes del orbe a trav\u00e9s de los medios digitales, tambi\u00e9n ha logrado generar importantes recursos econ\u00f3micos que estimulan acciones encaminadas a poner un alto a la violencia, y que favorezcan el desarrollo de las mujeres y de la infancia en M\u00e9xico.<\/p>\n\n\n\n<blockquote class=\"wp-block-quote is-layout-flow wp-block-quote-is-layout-flow\"><p><strong><em>\u201cLa m\u00fasica, en especial, estimula la imaginaci\u00f3n, la creatividad y la abstracci\u00f3n matem\u00e1tica; fomenta el respeto a uno mismo y a los dem\u00e1s, la disciplina, el orden y, sobre todo, la generosidad\u201d<\/em><\/strong><\/p><cite>Alondra de la Parra<\/cite><\/blockquote>\n\n\n\n<p>Dos semanas despu\u00e9s de su presentaci\u00f3n mundial, \u2018La Orquesta Imposible\u2019 entreg\u00f3 7.5 millones de pesos en donativos a seis proyectos de las fundaciones Fondo Semillas y Save the Children M\u00e9xico. \u201cTodo el motor del proyecto siempre fue ayudar\u201d, realza Alondra desde su domicilio en Berl\u00edn.<\/p>\n\n\n\n<h2 class=\"wp-block-heading\" id=\"h-lenguaje-universal\">LENGUAJE UNIVERSAL<\/h2>\n\n\n\n<p>Para la directora mexicana es fundamental que todos entendamos que las artes deben ser parte instrumental del desarrollo humano. \u201cLa m\u00fasica -en especial- estimula la imaginaci\u00f3n, la creatividad y la abstracci\u00f3n matem\u00e1tica; fomenta el respeto a uno mismo y a los dem\u00e1s, la disciplina, el orden y, sobre todo, la generosidad\u201d. El compromiso con la educaci\u00f3n es parte del ADN de Alondra y una constante reflejada en su apoyo a j\u00f3venes para que logren sus estudios como directores de orquesta. Bajo esa perspectiva planea convertir a M\u00e9xico en sede de un festival que re\u00fana a los mejores m\u00fasicos del mundo y que abra m\u00e1s oportunidades para la juventud.<\/p>\n\n\n\n<p>Resulta inevitable sentir entusiasmo al escuchar las palabras de Alondra y ver sus expresiones por medio de zoom. Este acercamiento la lleva a reflexionar sobre lo mucho que la tecnolog\u00eda ha enriquecido nuestras vidas y que, de no haber sido por la contingencia mundial, seguir\u00edamos desaprovechando su enorme potencial.<\/p>\n\n\n\n<p>Alondra apunta que \u2018La Orquesta Imposible\u2019 es un ejemplo perfecto de c\u00f3mo la tecnolog\u00eda es un elemento de cohesi\u00f3n. \u201cGracias a las plataformas de videoconferencias pude convocar a excelentes amigos y m\u00fasicos extraordinarios, a mantener comunicaci\u00f3n con ellos, enviarles sus partituras, ensayar, supervisar las grabaciones que se realizaron en seis ciudades diferentes\u2026 Despu\u00e9s la posproducci\u00f3n, la edici\u00f3n. Aprend\u00ed mucho en el proceso\u201d.<\/p>\n\n\n\n<p>Ese trabajo descomunal queda de manifiesto en una producci\u00f3n de calidad excepcional que, al mismo tiempo, logr\u00f3 conservar la esencia humana, un factor por dem\u00e1s relevante para Alondra en el presente y en el futuro. \u201cNo tengo inter\u00e9s de alejarme de lo ac\u00fastico, de la magia que se da entre los m\u00fasicos y sus instrumentos, de la resonancia de la voz humana. Pero, [aprovechar\u00e9] todo lo que la tecnolog\u00eda pueda hacer para facilitar, enriquecer y llevar la m\u00fasica a m\u00e1s gente\u201d, asegura al preguntarle sobre la posibilidad de repetir la haza\u00f1a de dirigir a distancia.<\/p>\n\n\n\n<blockquote class=\"wp-block-quote is-layout-flow wp-block-quote-is-layout-flow\"><p><strong><em>\u201cNo tengo inter\u00e9s en alejarme de lo ac\u00fastico, de la magia que se da entre los m\u00fasicos y sus instrumentos, de la resonancia de la voz humana. Pero, [aprovechar\u00e9] todo lo que la tecnolog\u00eda pueda hacer para facilitar, enriquecer y llevar la m\u00fasica a m\u00e1s gente\u201d<\/em><\/strong><\/p><cite>Alondra de la Parra<\/cite><\/blockquote>\n\n\n\n<figure class=\"wp-block-image\"><img decoding=\"async\" src=\"https:\/\/cdn.forbes.com.mx\/2020\/11\/joah-legg-9HDeGTY2dFk-unsplash-2.jpg\" alt=\"Alondra de la Parra\" class=\"wp-image-735528\"\/><figcaption>Foto: Joah Legg \/ Unsplash.<\/figcaption><\/figure>\n\n\n\n<p>\u201cTodo el esfuerzo que realizamos es irrepetible porque el contexto fue \u00fanico. Lo que s\u00ed me gustar\u00eda es que \u2018La Orquesta Imposible\u2019 se vuelva un equipo que cada a\u00f1o o dos escoja una causa filantr\u00f3pica que impulse un proyecto de gran calidad\u201d, subraya.<\/p>\n\n\n\n<p>Por ahora, Alondra alista su debut en la Orchestra Sinfonica di Milano Giuseppe Verdi. Nada le alegra m\u00e1s que retomar la batuta en el plano f\u00edsico despu\u00e9s de dejarla descansar por meses debido al confinamiento. Eso s\u00ed, quedar\u00e1 marcada en su coraz\u00f3n esta etapa de introspecci\u00f3n que la acerc\u00f3 otra vez al piano: su instrumento, su punto de partida en el universo de la m\u00fasica orquestal\u2026 Sin ninguna otra intenci\u00f3n m\u00e1s all\u00e1 que disfrutar tocarlo en la intimidad de su hogar.<\/p>\n\n\n\n<p>Los sue\u00f1os de Alondra de la Parra son tan grandes como su cari\u00f1o por M\u00e9xico y su admiraci\u00f3n por el talento que emana del pa\u00eds; tan grandes como su respeto al virtuosismo de los compositores latinoamericanos, y como sus ganas de contribuir a crear una sociedad m\u00e1s justa y equitativa\u2026 Tan grandes como la fuerza que le infunde el amor por sus hijos, a quienes todos los d\u00edas ense\u00f1a, con su disruptiva forma de hacer las cosas y logros, que no hay imposibles.<\/p>\n\n\n\n<p>Art\u00edculo originalmente publicado en la Edici\u00f3n Especial de Forbes Life en Noviembre 2020.<\/p>\n\n\n\n<p>Fuente: https:\/\/www.forbes.com.mx\/forbes-life\/alondra-de-la-parra-impetu-que-reta-lo-imposible\/<\/p>\n","protected":false},"excerpt":{"rendered":"<p>La directora de orquesta mexicana estremece al mundo a trav\u00e9s de los escenarios digitales con una osada producci\u00f3n de calidad [&hellip;]<\/p>\n","protected":false},"author":1,"featured_media":1296,"comment_status":"open","ping_status":"open","sticky":false,"template":"","format":"standard","meta":{"site-sidebar-layout":"default","site-content-layout":"","ast-site-content-layout":"default","site-content-style":"default","site-sidebar-style":"default","ast-global-header-display":"","ast-banner-title-visibility":"","ast-main-header-display":"","ast-hfb-above-header-display":"","ast-hfb-below-header-display":"","ast-hfb-mobile-header-display":"","site-post-title":"","ast-breadcrumbs-content":"","ast-featured-img":"","footer-sml-layout":"","theme-transparent-header-meta":"","adv-header-id-meta":"","stick-header-meta":"","header-above-stick-meta":"","header-main-stick-meta":"","header-below-stick-meta":"","astra-migrate-meta-layouts":"default","ast-page-background-enabled":"default","ast-page-background-meta":{"desktop":{"background-color":"var(--ast-global-color-4)","background-image":"","background-repeat":"repeat","background-position":"center center","background-size":"auto","background-attachment":"scroll","background-type":"","background-media":"","overlay-type":"","overlay-color":"","overlay-opacity":"","overlay-gradient":""},"tablet":{"background-color":"","background-image":"","background-repeat":"repeat","background-position":"center center","background-size":"auto","background-attachment":"scroll","background-type":"","background-media":"","overlay-type":"","overlay-color":"","overlay-opacity":"","overlay-gradient":""},"mobile":{"background-color":"","background-image":"","background-repeat":"repeat","background-position":"center center","background-size":"auto","background-attachment":"scroll","background-type":"","background-media":"","overlay-type":"","overlay-color":"","overlay-opacity":"","overlay-gradient":""}},"ast-content-background-meta":{"desktop":{"background-color":"var(--ast-global-color-5)","background-image":"","background-repeat":"repeat","background-position":"center center","background-size":"auto","background-attachment":"scroll","background-type":"","background-media":"","overlay-type":"","overlay-color":"","overlay-opacity":"","overlay-gradient":""},"tablet":{"background-color":"var(--ast-global-color-5)","background-image":"","background-repeat":"repeat","background-position":"center center","background-size":"auto","background-attachment":"scroll","background-type":"","background-media":"","overlay-type":"","overlay-color":"","overlay-opacity":"","overlay-gradient":""},"mobile":{"background-color":"var(--ast-global-color-5)","background-image":"","background-repeat":"repeat","background-position":"center center","background-size":"auto","background-attachment":"scroll","background-type":"","background-media":"","overlay-type":"","overlay-color":"","overlay-opacity":"","overlay-gradient":""}},"footnotes":""},"categories":[8],"tags":[],"class_list":["post-1295","post","type-post","status-publish","format-standard","has-post-thumbnail","hentry","category-noticias"],"_links":{"self":[{"href":"https:\/\/losperiodistas.com.mx\/portal\/wp-json\/wp\/v2\/posts\/1295","targetHints":{"allow":["GET"]}}],"collection":[{"href":"https:\/\/losperiodistas.com.mx\/portal\/wp-json\/wp\/v2\/posts"}],"about":[{"href":"https:\/\/losperiodistas.com.mx\/portal\/wp-json\/wp\/v2\/types\/post"}],"author":[{"embeddable":true,"href":"https:\/\/losperiodistas.com.mx\/portal\/wp-json\/wp\/v2\/users\/1"}],"replies":[{"embeddable":true,"href":"https:\/\/losperiodistas.com.mx\/portal\/wp-json\/wp\/v2\/comments?post=1295"}],"version-history":[{"count":1,"href":"https:\/\/losperiodistas.com.mx\/portal\/wp-json\/wp\/v2\/posts\/1295\/revisions"}],"predecessor-version":[{"id":1297,"href":"https:\/\/losperiodistas.com.mx\/portal\/wp-json\/wp\/v2\/posts\/1295\/revisions\/1297"}],"wp:featuredmedia":[{"embeddable":true,"href":"https:\/\/losperiodistas.com.mx\/portal\/wp-json\/wp\/v2\/media\/1296"}],"wp:attachment":[{"href":"https:\/\/losperiodistas.com.mx\/portal\/wp-json\/wp\/v2\/media?parent=1295"}],"wp:term":[{"taxonomy":"category","embeddable":true,"href":"https:\/\/losperiodistas.com.mx\/portal\/wp-json\/wp\/v2\/categories?post=1295"},{"taxonomy":"post_tag","embeddable":true,"href":"https:\/\/losperiodistas.com.mx\/portal\/wp-json\/wp\/v2\/tags?post=1295"}],"curies":[{"name":"wp","href":"https:\/\/api.w.org\/{rel}","templated":true}]}}