{"id":129468,"date":"2026-08-28T05:30:01","date_gmt":"2026-08-28T11:30:01","guid":{"rendered":"https:\/\/losperiodistas.com.mx\/portal\/?p=129468"},"modified":"2026-08-28T05:30:03","modified_gmt":"2026-08-28T11:30:03","slug":"huachicol-fiscal-andy-aparece-en-testimonios-del-caso-farias-laguna-proceso","status":"publish","type":"post","link":"https:\/\/losperiodistas.com.mx\/portal\/huachicol-fiscal-andy-aparece-en-testimonios-del-caso-farias-laguna-proceso\/","title":{"rendered":"Huachicol fiscal: \u201cAndy\u201d aparece en testimonios del caso Far\u00edas Laguna | Proceso"},"content":{"rendered":"\n<p class=\"has-light-green-cyan-background-color has-background has-medium-font-size\">De acuerdo con la defensa del excontralmirante, en uno de los testimonios presentados por el Ministerio P\u00fablico se plante\u00f3 llamar a \u00abAndy\u00bb para que interviniera ante el secretario de la Marina y se liberara un buque retenido en Guaymas.<\/p>\n\n\n\n<figure class=\"wp-block-image size-large\"><img fetchpriority=\"high\" decoding=\"async\" width=\"1024\" height=\"677\" src=\"https:\/\/losperiodistas.com.mx\/portal\/wp-content\/uploads\/2026\/08\/1786717211245-ea0o3s-1024x677.jpeg\" alt=\"\" class=\"wp-image-129469\" srcset=\"https:\/\/losperiodistas.com.mx\/portal\/wp-content\/uploads\/2026\/08\/1786717211245-ea0o3s-1024x677.jpeg 1024w, https:\/\/losperiodistas.com.mx\/portal\/wp-content\/uploads\/2026\/08\/1786717211245-ea0o3s-300x198.jpeg 300w, https:\/\/losperiodistas.com.mx\/portal\/wp-content\/uploads\/2026\/08\/1786717211245-ea0o3s-768x508.jpeg 768w, https:\/\/losperiodistas.com.mx\/portal\/wp-content\/uploads\/2026\/08\/1786717211245-ea0o3s-1536x1015.jpeg 1536w, https:\/\/losperiodistas.com.mx\/portal\/wp-content\/uploads\/2026\/08\/1786717211245-ea0o3s.jpeg 2000w\" sizes=\"(max-width: 1024px) 100vw, 1024px\" \/><figcaption class=\"wp-element-caption\">En el testimonio, el Ministerio P\u00fablico no vincula en apodo de \u00abAndy\u00bb con Andr\u00e9s Manuel L\u00f3pez Beltr\u00e1n, aunque s\u00ed lo hace el abogado defensor.(Archivo)<\/figcaption><\/figure>\n\n\n\n<p class=\"has-medium-font-size\"><strong><a href=\"https:\/\/www.proceso.com.mx\/autor\/diana-lastiri.html\">Diana Lastiri<\/a> \/ Proceso<\/strong><\/p>\n\n\n\n<p>CIUDAD DE M\u00c9XICO (apro).\u2013 El nombre de \u201cAndy\u201d volvi\u00f3 a aparecer en el caso de huachicol fiscal que involucra al excontralmirante&nbsp;de la Marina,&nbsp;Fernando Far\u00edas Laguna, luego de que su abogado, Epigmenio Mendieta, asegur\u00f3 que durante la audiencia de este jueves el Ministerio P\u00fablico expuso testimonios en los que se menciona a ese personaje en relaci\u00f3n con un buque retenido en Guaymas, Sonora.&nbsp;&nbsp;<\/p>\n\n\n\n<p>A la salida del penal del Altiplano, donde Far\u00edas Laguna qued\u00f3 sujeto a proceso, Mendieta afirm\u00f3 que uno de los testimonios refiere que, ante las dificultades para descargar un buque en Guaymas, se plante\u00f3 llamar por tel\u00e9fono a \u201cAndy\u201d para que interviniera y destrabara la operaci\u00f3n.&nbsp;<\/p>\n\n\n\n<p>El abogado identific\u00f3 a ese \u201cAndy\u201d con Andr\u00e9s Manuel L\u00f3pez Beltr\u00e1n, hijo del expresidente Andr\u00e9s Manuel L\u00f3pez Obrador, aunque en la descripci\u00f3n p\u00fablica de los testimonios no se consigna que el Ministerio P\u00fablico se\u00f1alara expresamente al hijo del exmandatario por su nombre.&nbsp;<\/p>\n\n\n\n<p>\u00abSe mencionaron nombres importantes\u00bb, dijo Mendieta al referirse a los datos expuestos durante la audiencia. A\u00f1adi\u00f3 que uno de los testimonios se\u00f1alaba que, cuando un buque se atoraba en Guaymas, se planteaba hablarle a \u00abAndy\u00bb para que lo destrabara.<\/p>\n\n\n\n<p><\/p>\n\n\n\n<p>La referencia coincide con versiones difundidas desde mediados de agosto sobre declaraciones ministeriales incluidas en la causa penal 325\/2025, en las que aparecen las expresiones \u201cAndy\u201d y \u201cel hijo del presidente\u201d. De acuerdo con informaci\u00f3n difundida previamente sobre el expediente, uno de los testimonios relaciona una operaci\u00f3n con un buque que transportaba combustible en Guaymas durante 2025.&nbsp;&nbsp;&nbsp;<\/p>\n\n\n\n<h2 class=\"wp-block-heading\">La llamada con el entonces secretario de Marina&nbsp;&nbsp;<\/h2>\n\n\n\n<p>Seg\u00fan lo explicado por Mendieta, el se\u00f1alamiento adquiere relevancia porque la intervenci\u00f3n de \u201cAndy\u201d habr\u00eda tenido como prop\u00f3sito llegar hasta el entonces secretario de Marina, Rafael Ojeda Dur\u00e1n.\u00a0<a href=\"https:\/\/www.accomexico.com\/descargables\" target=\"_blank\" rel=\"noreferrer noopener\"><\/a><\/p>\n\n\n\n<p>El relato difundido sobre el testimonio sostiene que, ante las complicaciones para la descarga de la embarcaci\u00f3n, uno de los operadores habr\u00eda planteado recurrir a \u00abAndy\u00bb para que este hablara con el titular de Marina y facilitara la operaci\u00f3n.<\/p>\n\n\n\n<p>La investigaci\u00f3n sobre el caso ha colocado bajo escrutinio operaciones realizadas a trav\u00e9s de aduanas mar\u00edtimas y una presunta estructura dedicada al contrabando y distribuci\u00f3n ilegal de combustibles.&nbsp;<\/p>\n\n\n\n<h2 class=\"wp-block-heading\">La FGR dice que no investiga a Andr\u00e9s Manuel L\u00f3pez Beltr\u00e1n<\/h2>\n\n\n\n<p>Los se\u00f1alamientos contra \u201cAndy\u201d ya hab\u00edan provocado una respuesta de la Fiscal\u00eda General de la Rep\u00fablica&nbsp;(FGR).&nbsp;<\/p>\n\n\n\n<p>El pasado 17 de agosto, la FGR sostuvo que no contaba con datos de prueba con la fuerza legal necesaria para iniciar una investigaci\u00f3n contra Andr\u00e9s Manuel L\u00f3pez Beltr\u00e1n por delitos relacionados con hidrocarburos y neg\u00f3 que existiera una indagatoria en su contra por huachicol fiscal.&nbsp;&nbsp;<\/p>\n\n\n\n<p>Un d\u00eda despu\u00e9s, la presidenta Claudia Sheinbaum tambi\u00e9n afirm\u00f3 que L\u00f3pez Beltr\u00e1n no estaba bajo investigaci\u00f3n por este asunto y sostuvo que no conoc\u00eda pruebas que lo vincularan con alg\u00fan delito.&nbsp;&nbsp;<a href=\"https:\/\/www.proceso.com.mx\/nacional\/2026\/8\/28\/huachicol-fiscal-andy-aparece-en-testimonios-del-caso-farias-laguna-378899.html\"><\/a><\/p>\n\n\n\n<p>La defensa de Far\u00edas Laguna, sin embargo, ha insistido en que las referencias a \u201cAndy\u201d forman parte de la informaci\u00f3n contenida en la carpeta que tuvo oportunidad de conocer como parte del proceso penal.&nbsp;<\/p>\n\n\n\n<h2 class=\"wp-block-heading\">Tambi\u00e9n aparece un pol\u00edtico de Tabasco&nbsp;<\/h2>\n\n\n\n<p>Durante su declaraci\u00f3n a medios, Mendieta asegur\u00f3 que existe adem\u00e1s otro testimonio que hace referencia a un personaje pol\u00edtico de Tabasco.&nbsp;<\/p>\n\n\n\n<p>De acuerdo con el abogado, un testigo protegido identificado con el indicativo \u201cSanto\u201d habr\u00eda declarado que los muelles 289 y 290, relacionados con la llegada de embarcaciones, pertenec\u00edan a un compadre o amigo de \u201cun pol\u00edtico muy importante\u201d de Tabasco.&nbsp;<\/p>\n\n\n\n<p>Mendieta no identific\u00f3 p\u00fablicamente al pol\u00edtico y tampoco present\u00f3 elementos para establecer su identidad.&nbsp;<\/p>\n\n\n\n<p>La referencia a ese personaje debe distinguirse de la menci\u00f3n de \u201cAndy\u201d: en ninguno de los dos casos, a partir de lo expuesto p\u00fablicamente por la defensa, existe una imputaci\u00f3n formal contra las personas a las que eventualmente pudieran aludir los testimonios.&nbsp;<\/p>\n\n\n\n<h2 class=\"wp-block-heading\">Far\u00edas Laguna, vinculado a proceso&nbsp;<\/h2>\n\n\n\n<p>Las declaraciones de Mendieta ocurrieron despu\u00e9s de que una jueza de control vincul\u00f3 a proceso a Fernando Far\u00edas Laguna por su probable participaci\u00f3n en delincuencia organizada con la finalidad de cometer delitos en materia de hidrocarburos, en la modalidad de ocultamiento.&nbsp;<\/p>\n\n\n\n<p>La autoridad judicial mantuvo la prisi\u00f3n preventiva y el excontralmirante permanecer\u00e1 en el penal federal del Altiplano, en el Estado de M\u00e9xico. La audiencia inicial comenz\u00f3 la semana pasada y se prolong\u00f3 debido a que la defensa solicit\u00f3 la duplicidad del plazo constitucional.&nbsp;<\/p>\n\n\n\n<p>Fuente: <a href=\"https:\/\/www.proceso.com.mx\/nacional\/2026\/8\/28\/huachicol-fiscal-andy-aparece-en-testimonios-del-caso-farias-laguna-378899.html\">https:\/\/www.proceso.com.mx\/nacional\/2026\/8\/28\/huachicol-fiscal-andy-aparece-en-testimonios-del-caso-farias-laguna-378899.html<\/a><\/p>\n\n\n\n<p><\/p>\n","protected":false},"excerpt":{"rendered":"<p>De acuerdo con la defensa del excontralmirante, en uno de los testimonios presentados por el Ministerio P\u00fablico se plante\u00f3 llamar [&hellip;]<\/p>\n","protected":false},"author":1,"featured_media":129469,"comment_status":"open","ping_status":"open","sticky":false,"template":"","format":"standard","meta":{"site-sidebar-layout":"default","site-content-layout":"","ast-site-content-layout":"default","site-content-style":"default","site-sidebar-style":"default","ast-global-header-display":"","ast-banner-title-visibility":"","ast-main-header-display":"","ast-hfb-above-header-display":"","ast-hfb-below-header-display":"","ast-hfb-mobile-header-display":"","site-post-title":"","ast-breadcrumbs-content":"","ast-featured-img":"","footer-sml-layout":"","theme-transparent-header-meta":"","adv-header-id-meta":"","stick-header-meta":"","header-above-stick-meta":"","header-main-stick-meta":"","header-below-stick-meta":"","astra-migrate-meta-layouts":"default","ast-page-background-enabled":"default","ast-page-background-meta":{"desktop":{"background-color":"var(--ast-global-color-4)","background-image":"","background-repeat":"repeat","background-position":"center center","background-size":"auto","background-attachment":"scroll","background-type":"","background-media":"","overlay-type":"","overlay-color":"","overlay-opacity":"","overlay-gradient":""},"tablet":{"background-color":"","background-image":"","background-repeat":"repeat","background-position":"center center","background-size":"auto","background-attachment":"scroll","background-type":"","background-media":"","overlay-type":"","overlay-color":"","overlay-opacity":"","overlay-gradient":""},"mobile":{"background-color":"","background-image":"","background-repeat":"repeat","background-position":"center center","background-size":"auto","background-attachment":"scroll","background-type":"","background-media":"","overlay-type":"","overlay-color":"","overlay-opacity":"","overlay-gradient":""}},"ast-content-background-meta":{"desktop":{"background-color":"var(--ast-global-color-5)","background-image":"","background-repeat":"repeat","background-position":"center center","background-size":"auto","background-attachment":"scroll","background-type":"","background-media":"","overlay-type":"","overlay-color":"","overlay-opacity":"","overlay-gradient":""},"tablet":{"background-color":"var(--ast-global-color-5)","background-image":"","background-repeat":"repeat","background-position":"center center","background-size":"auto","background-attachment":"scroll","background-type":"","background-media":"","overlay-type":"","overlay-color":"","overlay-opacity":"","overlay-gradient":""},"mobile":{"background-color":"var(--ast-global-color-5)","background-image":"","background-repeat":"repeat","background-position":"center center","background-size":"auto","background-attachment":"scroll","background-type":"","background-media":"","overlay-type":"","overlay-color":"","overlay-opacity":"","overlay-gradient":""}},"footnotes":""},"categories":[8],"tags":[29829,52736,42250,37379],"class_list":["post-129468","post","type-post","status-publish","format-standard","has-post-thumbnail","hentry","category-noticias","tag-andy-lopez-beltran","tag-epigmenio-mendieta","tag-fernando-farias-laguna","tag-huachicol-fiscal"],"_links":{"self":[{"href":"https:\/\/losperiodistas.com.mx\/portal\/wp-json\/wp\/v2\/posts\/129468","targetHints":{"allow":["GET"]}}],"collection":[{"href":"https:\/\/losperiodistas.com.mx\/portal\/wp-json\/wp\/v2\/posts"}],"about":[{"href":"https:\/\/losperiodistas.com.mx\/portal\/wp-json\/wp\/v2\/types\/post"}],"author":[{"embeddable":true,"href":"https:\/\/losperiodistas.com.mx\/portal\/wp-json\/wp\/v2\/users\/1"}],"replies":[{"embeddable":true,"href":"https:\/\/losperiodistas.com.mx\/portal\/wp-json\/wp\/v2\/comments?post=129468"}],"version-history":[{"count":1,"href":"https:\/\/losperiodistas.com.mx\/portal\/wp-json\/wp\/v2\/posts\/129468\/revisions"}],"predecessor-version":[{"id":129470,"href":"https:\/\/losperiodistas.com.mx\/portal\/wp-json\/wp\/v2\/posts\/129468\/revisions\/129470"}],"wp:featuredmedia":[{"embeddable":true,"href":"https:\/\/losperiodistas.com.mx\/portal\/wp-json\/wp\/v2\/media\/129469"}],"wp:attachment":[{"href":"https:\/\/losperiodistas.com.mx\/portal\/wp-json\/wp\/v2\/media?parent=129468"}],"wp:term":[{"taxonomy":"category","embeddable":true,"href":"https:\/\/losperiodistas.com.mx\/portal\/wp-json\/wp\/v2\/categories?post=129468"},{"taxonomy":"post_tag","embeddable":true,"href":"https:\/\/losperiodistas.com.mx\/portal\/wp-json\/wp\/v2\/tags?post=129468"}],"curies":[{"name":"wp","href":"https:\/\/api.w.org\/{rel}","templated":true}]}}