{"id":129462,"date":"2026-08-28T05:12:58","date_gmt":"2026-08-28T11:12:58","guid":{"rendered":"https:\/\/losperiodistas.com.mx\/portal\/?p=129462"},"modified":"2026-08-28T05:12:59","modified_gmt":"2026-08-28T11:12:59","slug":"el-nuevo-rey-noruego-elige-el-nombre-de-haakon-viii-y-el-lema-de-su-padre-todo-por-noruega-efe","status":"publish","type":"post","link":"https:\/\/losperiodistas.com.mx\/portal\/el-nuevo-rey-noruego-elige-el-nombre-de-haakon-viii-y-el-lema-de-su-padre-todo-por-noruega-efe\/","title":{"rendered":"El nuevo rey noruego elige el nombre de Haakon VIII y el lema de su padre: \u00abTodo por Noruega\u00bb | EFE"},"content":{"rendered":"\n<figure class=\"wp-block-image size-full\"><img fetchpriority=\"high\" decoding=\"async\" width=\"900\" height=\"600\" src=\"https:\/\/losperiodistas.com.mx\/portal\/wp-content\/uploads\/2026\/08\/rey-1.jpeg\" alt=\"\" class=\"wp-image-129463\" srcset=\"https:\/\/losperiodistas.com.mx\/portal\/wp-content\/uploads\/2026\/08\/rey-1.jpeg 900w, https:\/\/losperiodistas.com.mx\/portal\/wp-content\/uploads\/2026\/08\/rey-1-300x200.jpeg 300w, https:\/\/losperiodistas.com.mx\/portal\/wp-content\/uploads\/2026\/08\/rey-1-768x512.jpeg 768w\" sizes=\"(max-width: 900px) 100vw, 900px\" \/><figcaption class=\"wp-element-caption\">El nuevo rey noruego elige el nombre de Haakon VIII y el lema de su padre: \u00abTodo por Noruega\u00bb. EFE\/EPA\/Lise Aserud<\/figcaption><\/figure>\n\n\n\n<p class=\"has-vivid-red-color has-text-color has-link-color has-medium-font-size wp-elements-23db7e95974579b190d8bc7ea9a6cef6\"><strong>Agencia EFE<\/strong><\/p>\n\n\n\n<p>Oslo (EFE).- El nuevo rey de Noruega tras el fallecimiento este viernes de Harald V ha elegido el nombre de Haakon VIII para su reinado y ha decidido mantener el mismo lema que su padre: \u00abTodo por Noruega\u00bb, inform\u00f3 la Casa Real en su cuenta oficial de Facebook.<\/p>\n\n\n\n<p>En este primer mensaje tras la&nbsp;<a href=\"https:\/\/efe.com\/mundo\/2026-08-28\/muere-rey-noruega-harald\/\" target=\"_blank\" rel=\"noreferrer noopener\">muerte de Harald V&nbsp;<\/a>a los 89 a\u00f1os, la Casa Real escribi\u00f3 solo dos frases: \u00abSu Majestad el Rey Haakon VIII\u00bb y \u00abTodo por Noruega\u00bb, acompa\u00f1adas por el retrato oficial del nuevo jefe de Estado.<\/p>\n\n\n\n<p><a href=\"https:\/\/efe.com\/mundo\/2026-08-28\/muere-rey-noruega-harald\">https:\/\/efe.com\/mundo\/2026-08-28\/muere-rey-noruega-harald<\/a><\/p>\n\n\n\n<h2 class=\"wp-block-heading\" id=\"h-reunion-extraordinaria-del-nuevo-rey-con-el-gobierno\">Reuni\u00f3n extraordinaria del nuevo rey con el Gobierno<\/h2>\n\n\n\n<p>La Casa Real de Noruega inform\u00f3 de la decisi\u00f3n del nuevo rey tras la reuni\u00f3n extraordinaria mantenida entre el monarca con el gabinete del Gobierno que dirige el primer ministro, Jonas Gahr St\u00f8re, en la sede de la monarqu\u00eda noruega.<\/p>\n\n\n\n<p>En dicho encuentro el nuevo jefe de Estado recibi\u00f3 en el Palacio Real el apoyo y las condolencias de los miembros del Ejecutivo, que ofrecieron palabras de duelo a la familia real por la muerte de Harald V.<\/p>\n\n\n\n<p>\u00abNuestro m\u00e1s sentido p\u00e9same por el fallecimiento de Su Majestad Harald V. Somos un pueblo en luto. Somos una naci\u00f3n agradecida. Gracias por toda una vida de servicio. El rey ha fallecido. Larga vida al rey\u00bb, escribi\u00f3 Gahr St\u00f8re en el libro de condolencias abierto en el Palacio Real, seg\u00fan recogi\u00f3 la agencia NTB.<\/p>\n\n\n\n<figure class=\"wp-block-image\"><img decoding=\"async\" src=\"https:\/\/i0.wp.com\/efe.com\/wp-content\/uploads\/2026\/08\/rey-dos.webp?resize=900%2C600&amp;ssl=1\" alt=\"NUEVO REY NORUEGO\" class=\"wp-image-2830572\"\/><figcaption class=\"wp-element-caption\">El nuevo rey noruego elige el nombre de Haakon VIII y el lema de su padre: \u00abTodo por Noruega\u00bb. EFE\/EPA\/Lise Aserud<\/figcaption><\/figure>\n\n\n\n<p>Tras la reuni\u00f3n, desde las 10.00 GMT hasta las 11.00 GMT, sonaron las campanas de las iglesias del pa\u00eds, mientras que las Fuerzas Armadas lanzaron salvas de 21 disparos al aire realizados desde puntos como los ca\u00f1ones de la Fortaleza de Akershus de Oslo o la Base naval Haakonsvern, en la ciudad costera de Bergen, en el oeste del pa\u00eds n\u00f3rdico.<\/p>\n\n\n\n<p>Fuente: <a href=\"https:\/\/efe.com\/mundo\/2026-08-28\/nuevo-rey-noruego-elige-nombre-haakon-viii-lema-su-padre-todo-por-noruega\/\">https:\/\/efe.com\/mundo\/2026-08-28\/nuevo-rey-noruego-elige-nombre-haakon-viii-lema-su-padre-todo-por-noruega\/<\/a><\/p>\n","protected":false},"excerpt":{"rendered":"<p>Agencia EFE Oslo (EFE).- El nuevo rey de Noruega tras el fallecimiento este viernes de Harald V ha elegido el [&hellip;]<\/p>\n","protected":false},"author":1,"featured_media":129463,"comment_status":"open","ping_status":"open","sticky":false,"template":"","format":"standard","meta":{"site-sidebar-layout":"default","site-content-layout":"","ast-site-content-layout":"default","site-content-style":"default","site-sidebar-style":"default","ast-global-header-display":"","ast-banner-title-visibility":"","ast-main-header-display":"","ast-hfb-above-header-display":"","ast-hfb-below-header-display":"","ast-hfb-mobile-header-display":"","site-post-title":"","ast-breadcrumbs-content":"","ast-featured-img":"","footer-sml-layout":"","theme-transparent-header-meta":"","adv-header-id-meta":"","stick-header-meta":"","header-above-stick-meta":"","header-main-stick-meta":"","header-below-stick-meta":"","astra-migrate-meta-layouts":"default","ast-page-background-enabled":"default","ast-page-background-meta":{"desktop":{"background-color":"var(--ast-global-color-4)","background-image":"","background-repeat":"repeat","background-position":"center center","background-size":"auto","background-attachment":"scroll","background-type":"","background-media":"","overlay-type":"","overlay-color":"","overlay-opacity":"","overlay-gradient":""},"tablet":{"background-color":"","background-image":"","background-repeat":"repeat","background-position":"center center","background-size":"auto","background-attachment":"scroll","background-type":"","background-media":"","overlay-type":"","overlay-color":"","overlay-opacity":"","overlay-gradient":""},"mobile":{"background-color":"","background-image":"","background-repeat":"repeat","background-position":"center center","background-size":"auto","background-attachment":"scroll","background-type":"","background-media":"","overlay-type":"","overlay-color":"","overlay-opacity":"","overlay-gradient":""}},"ast-content-background-meta":{"desktop":{"background-color":"var(--ast-global-color-5)","background-image":"","background-repeat":"repeat","background-position":"center center","background-size":"auto","background-attachment":"scroll","background-type":"","background-media":"","overlay-type":"","overlay-color":"","overlay-opacity":"","overlay-gradient":""},"tablet":{"background-color":"var(--ast-global-color-5)","background-image":"","background-repeat":"repeat","background-position":"center center","background-size":"auto","background-attachment":"scroll","background-type":"","background-media":"","overlay-type":"","overlay-color":"","overlay-opacity":"","overlay-gradient":""},"mobile":{"background-color":"var(--ast-global-color-5)","background-image":"","background-repeat":"repeat","background-position":"center center","background-size":"auto","background-attachment":"scroll","background-type":"","background-media":"","overlay-type":"","overlay-color":"","overlay-opacity":"","overlay-gradient":""}},"footnotes":""},"categories":[8],"tags":[52733,52734],"class_list":["post-129462","post","type-post","status-publish","format-standard","has-post-thumbnail","hentry","category-noticias","tag-casa-real-noruega","tag-haakon-viii"],"_links":{"self":[{"href":"https:\/\/losperiodistas.com.mx\/portal\/wp-json\/wp\/v2\/posts\/129462","targetHints":{"allow":["GET"]}}],"collection":[{"href":"https:\/\/losperiodistas.com.mx\/portal\/wp-json\/wp\/v2\/posts"}],"about":[{"href":"https:\/\/losperiodistas.com.mx\/portal\/wp-json\/wp\/v2\/types\/post"}],"author":[{"embeddable":true,"href":"https:\/\/losperiodistas.com.mx\/portal\/wp-json\/wp\/v2\/users\/1"}],"replies":[{"embeddable":true,"href":"https:\/\/losperiodistas.com.mx\/portal\/wp-json\/wp\/v2\/comments?post=129462"}],"version-history":[{"count":1,"href":"https:\/\/losperiodistas.com.mx\/portal\/wp-json\/wp\/v2\/posts\/129462\/revisions"}],"predecessor-version":[{"id":129464,"href":"https:\/\/losperiodistas.com.mx\/portal\/wp-json\/wp\/v2\/posts\/129462\/revisions\/129464"}],"wp:featuredmedia":[{"embeddable":true,"href":"https:\/\/losperiodistas.com.mx\/portal\/wp-json\/wp\/v2\/media\/129463"}],"wp:attachment":[{"href":"https:\/\/losperiodistas.com.mx\/portal\/wp-json\/wp\/v2\/media?parent=129462"}],"wp:term":[{"taxonomy":"category","embeddable":true,"href":"https:\/\/losperiodistas.com.mx\/portal\/wp-json\/wp\/v2\/categories?post=129462"},{"taxonomy":"post_tag","embeddable":true,"href":"https:\/\/losperiodistas.com.mx\/portal\/wp-json\/wp\/v2\/tags?post=129462"}],"curies":[{"name":"wp","href":"https:\/\/api.w.org\/{rel}","templated":true}]}}