{"id":129458,"date":"2026-08-28T05:03:52","date_gmt":"2026-08-28T11:03:52","guid":{"rendered":"https:\/\/losperiodistas.com.mx\/portal\/?p=129458"},"modified":"2026-08-28T05:03:54","modified_gmt":"2026-08-28T11:03:54","slug":"familia-catolica-crea-mirezo-la-app-para-orar-sin-internet-ni-anuncios-aci","status":"publish","type":"post","link":"https:\/\/losperiodistas.com.mx\/portal\/familia-catolica-crea-mirezo-la-app-para-orar-sin-internet-ni-anuncios-aci\/","title":{"rendered":"Familia cat\u00f3lica crea \u00abMiRezo\u00bb, la app para orar sin internet ni anuncios |  ACI"},"content":{"rendered":"\n<figure class=\"wp-block-image size-large\"><img fetchpriority=\"high\" decoding=\"async\" width=\"1024\" height=\"640\" src=\"https:\/\/losperiodistas.com.mx\/portal\/wp-content\/uploads\/2026\/08\/MiRezo_270826_ehfk7y-1024x640.jpg\" alt=\"\" class=\"wp-image-129459\" srcset=\"https:\/\/losperiodistas.com.mx\/portal\/wp-content\/uploads\/2026\/08\/MiRezo_270826_ehfk7y-1024x640.jpg 1024w, https:\/\/losperiodistas.com.mx\/portal\/wp-content\/uploads\/2026\/08\/MiRezo_270826_ehfk7y-300x188.jpg 300w, https:\/\/losperiodistas.com.mx\/portal\/wp-content\/uploads\/2026\/08\/MiRezo_270826_ehfk7y-768x480.jpg 768w, https:\/\/losperiodistas.com.mx\/portal\/wp-content\/uploads\/2026\/08\/MiRezo_270826_ehfk7y-1536x960.jpg 1536w, https:\/\/losperiodistas.com.mx\/portal\/wp-content\/uploads\/2026\/08\/MiRezo_270826_ehfk7y.jpg 1600w\" sizes=\"(max-width: 1024px) 100vw, 1024px\" \/><figcaption class=\"wp-element-caption\">MiRezo<\/figcaption><\/figure>\n\n\n\n<p><a href=\"https:\/\/www.aciprensa.com\/autor\/40\/diego-lopez-marina\"><\/a><\/p>\n\n\n\n<p class=\"has-medium-font-size\"><strong>Por\u00a0<a href=\"https:\/\/www.aciprensa.com\/autor\/40\/diego-lopez-marina\">Diego L\u00f3pez Marina<\/a> \/ ACI Prensa<\/strong><\/p>\n\n\n\n<p>Laura Rooney y su familia crearon&nbsp;<a href=\"https:\/\/mirezoapp.com\/\" target=\"_blank\" rel=\"noreferrer noopener\">MiRezo<\/a>&nbsp;despu\u00e9s de no encontrar una aplicaci\u00f3n en espa\u00f1ol que respondiera a lo que necesitaban: orar sin anuncios, sin cuentas, sin conexi\u00f3n a internet. Lo que comenz\u00f3 como una herramienta para su propia casa hoy busca ayudar a otras familias a recuperar el h\u00e1bito de la oraci\u00f3n diaria.<\/p>\n\n\n\n<p>En una isla del Caribe de Panam\u00e1, lejos de la realidad cat\u00f3lica en la que Laura Rooney y su esposo crecieron, naci\u00f3 una idea que termin\u00f3 convirti\u00e9ndose en una aplicaci\u00f3n de oraci\u00f3n.<\/p>\n\n\n\n<h4 class=\"wp-block-heading\"><\/h4>\n\n\n\n<p>Laura y su esposo son argentinos y ambos crecieron en familias cat\u00f3licas. Fueron a colegios cat\u00f3licos, asistieron a Misa los domingos y recibieron desde peque\u00f1os una formaci\u00f3n marcada por la fe. Sin embargo, a\u00f1os despu\u00e9s de mudarse a una isla del Caribe paname\u00f1o, su relaci\u00f3n cotidiana con la Iglesia cambi\u00f3.<\/p>\n\n\n\n<p>\u00abAc\u00e1 la realidad es muy distinta: casi no hay iglesias cat\u00f3licas en toda esta zona, donde son mucho m\u00e1s comunes las comunidades adventistas y metodistas\u00bb, cuenta Rooney a ACI Prensa.<\/p>\n\n\n\n<figure class=\"wp-block-image\"><img decoding=\"async\" src=\"https:\/\/res.cloudinary.com\/ewtn\/image\/upload\/v1787876357\/ewtn-news\/es\/FamiliaMiRezo_270826_vkui9f.jpg?w=600\" alt=\"Familia Rooney. Cr\u00e9dito: Cortes\u00eda.\"\/><figcaption class=\"wp-element-caption\">Familia Rooney. Cr\u00e9dito: Cortes\u00eda.<\/figcaption><\/figure>\n\n\n\n<p>Esa distancia, reconoce, hizo que durante un tiempo se alejaran un poco de la religi\u00f3n, pero en los \u00faltimos a\u00f1os decidieron retomar \u201cel camino de la fe: la oraci\u00f3n diaria, tomar un momento cada d\u00eda para rezar y agradecer a Dios todo lo que nos da\u00bb, explica.<\/p>\n\n\n\n<h4 class=\"wp-block-heading\"><\/h4>\n\n\n\n<p>Fue entonces cuando comenzaron a buscar herramientas digitales que pudieran acompa\u00f1arlos. Probaron diferentes aplicaciones, pero ninguna terminaba de convencerlos.<\/p>\n\n\n\n<p>\u00abMi esposo es programador y tiene mucha experiencia, as\u00ed que un d\u00eda decidimos hacer la app que nosotros mismos necesit\u00e1bamos\u00bb, recuerda Laura.<\/p>\n\n\n\n<p>As\u00ed naci\u00f3 MiRezo, inicialmente como un proyecto dom\u00e9stico y familiar que con el tiempo decidieron \u201ccompartirla con todos\u201d.<\/p>\n\n\n\n<h2 class=\"wp-block-heading\">Una aplicaci\u00f3n hecha en familia<\/h2>\n\n\n\n<p>Detr\u00e1s de MiRezo no hay un gran equipo de desarrolladores ni inversionistas. La aplicaci\u00f3n naci\u00f3 y contin\u00faa desarroll\u00e1ndose como un proyecto familiar.<\/p>\n\n\n\n<p>El esposo de Laura se encarga principalmente de la programaci\u00f3n y de la p\u00e1gina web. Ella participa en esas tareas y trabaja adem\u00e1s en el \u00e1rea de marketing. Sus hijos, de 16 y 19 a\u00f1os, tambi\u00e9n tienen un papel activo.<\/p>\n\n\n\n<p>\u00abParticipan creando contenidos, ayudando con el marketing y probando cada novedad antes de que salga\u00bb, relata.<\/p>\n\n\n\n<figure class=\"wp-block-image size-large\"><img decoding=\"async\" width=\"763\" height=\"1024\" src=\"https:\/\/losperiodistas.com.mx\/portal\/wp-content\/uploads\/2026\/08\/Captura-de-pantalla-2026-08-28-a-las-4.59.30-763x1024.png\" alt=\"\" class=\"wp-image-129460\" srcset=\"https:\/\/losperiodistas.com.mx\/portal\/wp-content\/uploads\/2026\/08\/Captura-de-pantalla-2026-08-28-a-las-4.59.30-763x1024.png 763w, https:\/\/losperiodistas.com.mx\/portal\/wp-content\/uploads\/2026\/08\/Captura-de-pantalla-2026-08-28-a-las-4.59.30-224x300.png 224w, https:\/\/losperiodistas.com.mx\/portal\/wp-content\/uploads\/2026\/08\/Captura-de-pantalla-2026-08-28-a-las-4.59.30-768x1031.png 768w, https:\/\/losperiodistas.com.mx\/portal\/wp-content\/uploads\/2026\/08\/Captura-de-pantalla-2026-08-28-a-las-4.59.30.png 1088w\" sizes=\"(max-width: 763px) 100vw, 763px\" \/><figcaption class=\"wp-element-caption\"><strong><a href=\"https:\/\/www.instagram.com\/reel\/DcXKGNTifet\/?utm_source=ig_web_copy_link&amp;igsi=NTc4MTIwNjQ2YQ==\">VER EN INSTAGRAM<\/a><\/strong><\/figcaption><\/figure>\n\n\n\n<p>La din\u00e1mica incluso ha llevado a que la aplicaci\u00f3n se convierta en un tema habitual de conversaci\u00f3n en casa.<\/p>\n\n\n\n<p>\u00abEs de verdad un proyecto familiar: cada uno aporta lo suyo, y la app se conversa en la mesa como cualquier otro tema de la casa\u00bb, afirma.<\/p>\n\n\n\n<p>MiRezo ofrece&nbsp;<strong>decenas de oraciones, rosario guiado con audio, el V\u00eda Crucis, m\u00e1s de 40 novenas y el santo de cada d\u00eda<\/strong>. Una de las caracter\u00edsticas que sus creadores consideran esenciales es que puede utilizarse sin conexi\u00f3n a internet.<\/p>\n\n\n\n<p>La aplicaci\u00f3n tampoco exige crear una cuenta ni muestra publicidad.<\/p>\n\n\n\n<h2 class=\"wp-block-heading\">\u00abQuer\u00edamos que al abrir la app hubiera paz\u00bb<\/h2>\n\n\n\n<p>Para Laura, la experiencia del usuario deb\u00eda estar subordinada a un \u00fanico objetivo: facilitar la oraci\u00f3n.<\/p>\n\n\n\n<p>\u00abQuer\u00edamos que al abrir la app no hubiera nada entre la persona y la oraci\u00f3n: sin anuncios, sin crear cuentas, sin pantallas que interrumpan\u00bb, explica.<\/p>\n\n\n\n<p>La intenci\u00f3n era que una persona pudiera comenzar a rezar \u201cen segundos\u201d.<\/p>\n\n\n\n<p>\u00abTambi\u00e9n quer\u00edamos que se sintiera pensada en espa\u00f1ol desde el primer momento, no traducida\u00bb, afirma.<\/p>\n\n\n\n<p>El texto de las oraciones permanece visible mientras se reproduce el audio y utiliza una letra grande para facilitar la lectura. De esta manera, cada persona puede acompa\u00f1ar el audio o rezar en silencio.<\/p>\n\n\n\n<p>Y la posibilidad de utilizarla sin internet responde a una experiencia que los propios creadores conocen bien.<\/p>\n\n\n\n<p>\u00abSabemos lo que es querer rezar donde no llega la se\u00f1al\u00bb, se\u00f1ala Laura.<\/p>\n\n\n\n<h2 class=\"wp-block-heading\">El cuidado de las oraciones<\/h2>\n\n\n\n<p>Uno de los aspectos a los que la familia Rooney presta especial atenci\u00f3n es la fidelidad de los textos que aparecen en la aplicaci\u00f3n.<\/p>\n\n\n\n<p>Cada oraci\u00f3n es revisada utilizando fuentes tradicionales de la Iglesia. El proceso comienza dentro de la propia familia y cuenta tambi\u00e9n con la colaboraci\u00f3n de amigos en la fe, entre ellos varias catequistas.<\/p>\n\n\n\n<p>\u00abCon mucha humildad, porque son textos antiguos y queridos, y merecen respeto\u00bb, explica Laura sobre el proceso.<\/p>\n\n\n\n<p>Adem\u00e1s, sacerdotes y religiosas utilizan la aplicaci\u00f3n y sus comentarios sirven para detectar posibles mejoras.<\/p>\n\n\n\n<p>\u00abEs importante porque quien abre la app para rezar conf\u00eda en que va a encontrar las oraciones como las aprendi\u00f3\u00bb, afirma.<\/p>\n\n\n\n<p>La familia contin\u00faa incorporando contenidos y revisando los ya disponibles. Cuando reciben alguna observaci\u00f3n sobre una oraci\u00f3n, procuran corregirla r\u00e1pidamente.<\/p>\n\n\n\n<p>\u00abEstamos constantemente mejorando y agregando nuevos contenidos, y cuando alguien nos se\u00f1ala algo, lo corregimos enseguida\u00bb, asegura.<\/p>\n\n\n\n<h2 class=\"wp-block-heading\">\u00abCompetimos\u00bb por qui\u00e9n reza m\u00e1s<\/h2>\n\n\n\n<p>La aplicaci\u00f3n tambi\u00e9n termin\u00f3 modificando, de una manera inesperada, la din\u00e1mica de oraci\u00f3n dentro de la propia familia.<\/p>\n\n\n\n<p>MiRezo registra el tiempo de oraci\u00f3n de cada usuario y cuenta con un widget que puede colocarse en la pantalla del tel\u00e9fono. Esto dio lugar a una particular competencia entre los Rooney.<\/p>\n\n\n\n<p>\u00abTe cuento algo que nos da risa: competimos entre nosotros\u00bb, relata Laura.<\/p>\n\n\n\n<p>\u00abNo siempre rezamos los cuatro juntos en el mismo lugar, pero esa peque\u00f1a competencia hace que ninguno deje pasar el d\u00eda sin rezar\u00bb, a\u00f1ade.<\/p>\n\n\n\n<h2 class=\"wp-block-heading\">\u00abSi la app ayuda aunque sea a una familia a volver a rezar, ya vali\u00f3 la pena\u00bb<\/h2>\n\n\n\n<p>Apenas dos meses despu\u00e9s de su lanzamiento, la familia ya comenz\u00f3 a recibir mensajes de personas que utilizan MiRezo.<\/p>\n\n\n\n<p>Laura cuenta que han recibido cerca de cincuenta calificaciones, todas de cinco estrellas, entre App Store y Google Play.<\/p>\n\n\n\n<p>Sin embargo, son los testimonios personales los que m\u00e1s valor tienen para ellos.<\/p>\n\n\n\n<p>Una usuaria de Espa\u00f1a escribi\u00f3: \u00abEsta aplicaci\u00f3n es s\u00faper bonita, me invita a rezar de una manera m\u00e1s f\u00e1cil. Ahora puedo rezar el rosario y la coronilla, por ejemplo, de una manera llevadera porque lo puedes escuchar a la vez. La recomiendo 100%\u00bb.<\/p>\n\n\n\n<p>Otra usuaria resumi\u00f3 as\u00ed su experiencia: \u00abExcelente aplicaci\u00f3n para acompa\u00f1arte en la oraci\u00f3n. \u00a1Gracias por este trabajo que nos une en oraci\u00f3n!\u00bb.<\/p>\n\n\n\n<p>Tambi\u00e9n recibieron el comentario de otra usuaria, identificada como Ari: \u00abEs excelente la App. una gran ayuda para quienes nos mantenemos en oraci\u00f3n. Tiene muchas herramientas de gran utilidad. 100% recomendada\u00bb.<\/p>\n\n\n\n<p>Para los Rooney, estos mensajes son m\u00e1s importantes que cualquier cifra.<\/p>\n\n\n\n<p>\u00abCuando leemos algo as\u00ed en familia, sentimos que todo el esfuerzo vale la pena\u00bb, afirma Laura.<\/p>\n\n\n\n<p>\u00abLo que so\u00f1amos es sencillo: que en las familias que usan MiRezo la oraci\u00f3n vuelva a ser parte de la vida diaria, como lo fue en las casas de nuestros abuelos\u00bb, concluye.<\/p>\n\n\n\n<p>\u00abSi la app ayuda aunque sea a una familia a volver a rezar, ya vali\u00f3 la pena\u00bb.<\/p>\n\n\n\n<p>MiRezo es gratuita y est\u00e1 disponible para iPhone y Android. Tambi\u00e9n ofrece una versi\u00f3n para iPad y puede utilizarse sin internet, sin cuentas y sin anuncios. La familia comparte m\u00e1s informaci\u00f3n sobre el proyecto y su historia en su sitio web,<a href=\"https:\/\/mirezoapp.com\/?utm_source=chatgpt.com\">&nbsp;MiRezo<\/a>.<\/p>\n\n\n\n<p>Fuente: <a href=\"https:\/\/www.aciprensa.com\/noticias\/128027\/familia-catolica-crea-mirezo-la-app-que-permite-rezar-sin-internet-ni-anuncios\">https:\/\/www.aciprensa.com\/noticias\/128027\/familia-catolica-crea-mirezo-la-app-que-permite-rezar-sin-internet-ni-anuncios<\/a><\/p>\n","protected":false},"excerpt":{"rendered":"<p>Por\u00a0Diego L\u00f3pez Marina \/ ACI Prensa Laura Rooney y su familia crearon&nbsp;MiRezo&nbsp;despu\u00e9s de no encontrar una aplicaci\u00f3n en espa\u00f1ol que [&hellip;]<\/p>\n","protected":false},"author":1,"featured_media":129459,"comment_status":"open","ping_status":"open","sticky":false,"template":"","format":"standard","meta":{"site-sidebar-layout":"default","site-content-layout":"","ast-site-content-layout":"default","site-content-style":"default","site-sidebar-style":"default","ast-global-header-display":"","ast-banner-title-visibility":"","ast-main-header-display":"","ast-hfb-above-header-display":"","ast-hfb-below-header-display":"","ast-hfb-mobile-header-display":"","site-post-title":"","ast-breadcrumbs-content":"","ast-featured-img":"","footer-sml-layout":"","theme-transparent-header-meta":"","adv-header-id-meta":"","stick-header-meta":"","header-above-stick-meta":"","header-main-stick-meta":"","header-below-stick-meta":"","astra-migrate-meta-layouts":"default","ast-page-background-enabled":"default","ast-page-background-meta":{"desktop":{"background-color":"var(--ast-global-color-4)","background-image":"","background-repeat":"repeat","background-position":"center center","background-size":"auto","background-attachment":"scroll","background-type":"","background-media":"","overlay-type":"","overlay-color":"","overlay-opacity":"","overlay-gradient":""},"tablet":{"background-color":"","background-image":"","background-repeat":"repeat","background-position":"center center","background-size":"auto","background-attachment":"scroll","background-type":"","background-media":"","overlay-type":"","overlay-color":"","overlay-opacity":"","overlay-gradient":""},"mobile":{"background-color":"","background-image":"","background-repeat":"repeat","background-position":"center center","background-size":"auto","background-attachment":"scroll","background-type":"","background-media":"","overlay-type":"","overlay-color":"","overlay-opacity":"","overlay-gradient":""}},"ast-content-background-meta":{"desktop":{"background-color":"var(--ast-global-color-5)","background-image":"","background-repeat":"repeat","background-position":"center center","background-size":"auto","background-attachment":"scroll","background-type":"","background-media":"","overlay-type":"","overlay-color":"","overlay-opacity":"","overlay-gradient":""},"tablet":{"background-color":"var(--ast-global-color-5)","background-image":"","background-repeat":"repeat","background-position":"center center","background-size":"auto","background-attachment":"scroll","background-type":"","background-media":"","overlay-type":"","overlay-color":"","overlay-opacity":"","overlay-gradient":""},"mobile":{"background-color":"var(--ast-global-color-5)","background-image":"","background-repeat":"repeat","background-position":"center center","background-size":"auto","background-attachment":"scroll","background-type":"","background-media":"","overlay-type":"","overlay-color":"","overlay-opacity":"","overlay-gradient":""}},"footnotes":""},"categories":[8],"tags":[52732,52730,52731],"class_list":["post-129458","post","type-post","status-publish","format-standard","has-post-thumbnail","hentry","category-noticias","tag-familia-rooney","tag-mirezo","tag-orar-por-internet"],"_links":{"self":[{"href":"https:\/\/losperiodistas.com.mx\/portal\/wp-json\/wp\/v2\/posts\/129458","targetHints":{"allow":["GET"]}}],"collection":[{"href":"https:\/\/losperiodistas.com.mx\/portal\/wp-json\/wp\/v2\/posts"}],"about":[{"href":"https:\/\/losperiodistas.com.mx\/portal\/wp-json\/wp\/v2\/types\/post"}],"author":[{"embeddable":true,"href":"https:\/\/losperiodistas.com.mx\/portal\/wp-json\/wp\/v2\/users\/1"}],"replies":[{"embeddable":true,"href":"https:\/\/losperiodistas.com.mx\/portal\/wp-json\/wp\/v2\/comments?post=129458"}],"version-history":[{"count":1,"href":"https:\/\/losperiodistas.com.mx\/portal\/wp-json\/wp\/v2\/posts\/129458\/revisions"}],"predecessor-version":[{"id":129461,"href":"https:\/\/losperiodistas.com.mx\/portal\/wp-json\/wp\/v2\/posts\/129458\/revisions\/129461"}],"wp:featuredmedia":[{"embeddable":true,"href":"https:\/\/losperiodistas.com.mx\/portal\/wp-json\/wp\/v2\/media\/129459"}],"wp:attachment":[{"href":"https:\/\/losperiodistas.com.mx\/portal\/wp-json\/wp\/v2\/media?parent=129458"}],"wp:term":[{"taxonomy":"category","embeddable":true,"href":"https:\/\/losperiodistas.com.mx\/portal\/wp-json\/wp\/v2\/categories?post=129458"},{"taxonomy":"post_tag","embeddable":true,"href":"https:\/\/losperiodistas.com.mx\/portal\/wp-json\/wp\/v2\/tags?post=129458"}],"curies":[{"name":"wp","href":"https:\/\/api.w.org\/{rel}","templated":true}]}}