{"id":129449,"date":"2026-08-27T23:16:44","date_gmt":"2026-08-28T05:16:44","guid":{"rendered":"https:\/\/losperiodistas.com.mx\/portal\/?p=129449"},"modified":"2026-08-27T23:16:45","modified_gmt":"2026-08-28T05:16:45","slug":"reconocen-a-pepe-chedraui-con-el-premio-a-mejores-practicas-de-gobiernos-locales-2026-td","status":"publish","type":"post","link":"https:\/\/losperiodistas.com.mx\/portal\/reconocen-a-pepe-chedraui-con-el-premio-a-mejores-practicas-de-gobiernos-locales-2026-td\/","title":{"rendered":"Reconocen a Pepe Chedraui con el premio a Mejores Pr\u00e1cticas de Gobiernos Locales 2026 | TD"},"content":{"rendered":"\n<p>El presidente municipal de Puebla fue galardonado en la categor\u00eda de Transparencia Proactiva por impulsar un modelo preventivo, auditable y verdaderamente abierto a la ciudadan\u00eda.<\/p>\n\n\n\n<figure class=\"wp-block-image size-large\"><img fetchpriority=\"high\" decoding=\"async\" width=\"1024\" height=\"575\" src=\"https:\/\/losperiodistas.com.mx\/portal\/wp-content\/uploads\/2026\/08\/jose-chedraui-budib-premio-1024x575.png\" alt=\"\" class=\"wp-image-129450\" srcset=\"https:\/\/losperiodistas.com.mx\/portal\/wp-content\/uploads\/2026\/08\/jose-chedraui-budib-premio-1024x575.png 1024w, https:\/\/losperiodistas.com.mx\/portal\/wp-content\/uploads\/2026\/08\/jose-chedraui-budib-premio-300x169.png 300w, https:\/\/losperiodistas.com.mx\/portal\/wp-content\/uploads\/2026\/08\/jose-chedraui-budib-premio-768x432.png 768w, https:\/\/losperiodistas.com.mx\/portal\/wp-content\/uploads\/2026\/08\/jose-chedraui-budib-premio.png 1500w\" sizes=\"(max-width: 1024px) 100vw, 1024px\" \/><figcaption class=\"wp-element-caption\">El alcalde Jos\u00e9 Chedraui Budib con el premio a Mejores Pr\u00e1cticas de Gobiernos Locales 2026 en la categor\u00eda de Transparencia Proactiva | Cortes\u00eda <\/figcaption><\/figure>\n\n\n\n<p class=\"has-vivid-red-color has-text-color has-link-color wp-elements-f7fcbd2ca5b692d230510a0fbab5c304\">Ang\u00e9lica Tenahua \/ TD<\/p>\n\n\n\n<p>En el marco del 17 aniversario de la revista Alcaldes de M\u00e9xico, el presidente municipal de Puebla, Pepe Chedraui, fue galardonado con el premio a las <strong>Mejores Pr\u00e1cticas de Gobiernos Locales 2026<\/strong>, en la categor\u00eda de <strong>Transparencia Proactiva<\/strong>.\u00a0<\/p>\n\n\n\n<p>El reconocimiento destaca su <strong>apuesta por ir m\u00e1s all\u00e1 de la publicaci\u00f3n obligatoria de datos<\/strong>, impulsando un modelo preventivo, auditable y verdaderamente abierto a la ciudadan\u00eda.<\/p>\n\n\n\n<p>Durante la XVI entrega del galard\u00f3n, celebrada en la Ciudad de M\u00e9xico, Chedraui subray\u00f3 que el portal de gobierno abierto se ha convertido en una pieza central de su estrategia de innovaci\u00f3n p\u00fablica y transparencia, al ofrecer <strong>herramientas digitales que facilitan el acceso a la informaci\u00f3n institucional<\/strong>.<\/p>\n\n\n\n<blockquote class=\"wp-block-quote is-layout-flow wp-block-quote-is-layout-flow\">\n<p>\u201cLa transparencia proactiva significa trascender lo que exige la norma; implica publicar informaci\u00f3n \u00fatil, en lenguaje claro, accesible y con perspectiva de g\u00e9nero\u201d, afirm\u00f3 el alcalde.<\/p>\n<\/blockquote>\n\n\n\n<p>Como parte de esta visi\u00f3n, destac\u00f3 el <strong>apartado de Transparencia Fiscal<\/strong>, que concentra datos financieros, presupuestales y de evaluaci\u00f3n municipal. La claridad y organizaci\u00f3n de esta informaci\u00f3n han permitido que el Ayuntamiento de Puebla se consolide como un referente nacional en la materia.<\/p>\n\n\n\n<p>Visiblemente satisfecho, Chedraui dedic\u00f3 el reconocimiento a su equipo de trabajo:&nbsp;<\/p>\n\n\n\n<blockquote class=\"wp-block-quote is-layout-flow wp-block-quote-is-layout-flow\">\n<p>\u201cEstamos muy contentos por recibir este gran premio. Gracias a todos los que hicieron posible este logro tan importante para el municipio\u201d.<\/p>\n<\/blockquote>\n\n\n\n<p>Por su parte, la coordinadora de Transparencia y Gobierno Abierto, Laura Garc\u00eda Gonz\u00e1lez, destac\u00f3 que <strong>este es el segundo galard\u00f3n que obtienen en materia de transparencia proactiva<\/strong>, lo que reafirma el compromiso de la administraci\u00f3n por cumplir e incluso superar lo establecido por la ley, mediante la publicaci\u00f3n de informaci\u00f3n en formatos libres, accesibles y con enfoque de g\u00e9nero.<\/p>\n\n\n\n<p>El encuentro, que reuni\u00f3 a gobernadores, presidentes municipales, alcaldes y funcionarios de diversas entidades del pa\u00eds, reconoci\u00f3 programas, proyectos y pol\u00edticas p\u00fablicas que sobresalen por su innovaci\u00f3n, impacto social y capacidad de respuesta ante las necesidades de la poblaci\u00f3n.<\/p>\n\n\n\n<p>Fuente: <a href=\"https:\/\/www.telediario.mx\/politica\/pepe-chedraui-gana-premio-nacional-mejores-practicas-locales-2026\" target=\"_blank\" rel=\"noreferrer noopener\">Telediario<\/a><\/p>\n","protected":false},"excerpt":{"rendered":"<p>El presidente municipal de Puebla fue galardonado en la categor\u00eda de Transparencia Proactiva por impulsar un modelo preventivo, auditable y verdaderamente abierto a la ciudadan\u00eda.<\/p>\n","protected":false},"author":1,"featured_media":129450,"comment_status":"open","ping_status":"open","sticky":false,"template":"","format":"standard","meta":{"site-sidebar-layout":"default","site-content-layout":"","ast-site-content-layout":"default","site-content-style":"default","site-sidebar-style":"default","ast-global-header-display":"","ast-banner-title-visibility":"","ast-main-header-display":"","ast-hfb-above-header-display":"","ast-hfb-below-header-display":"","ast-hfb-mobile-header-display":"","site-post-title":"","ast-breadcrumbs-content":"","ast-featured-img":"","footer-sml-layout":"","theme-transparent-header-meta":"","adv-header-id-meta":"","stick-header-meta":"","header-above-stick-meta":"","header-main-stick-meta":"","header-below-stick-meta":"","astra-migrate-meta-layouts":"default","ast-page-background-enabled":"default","ast-page-background-meta":{"desktop":{"background-color":"var(--ast-global-color-4)","background-image":"","background-repeat":"repeat","background-position":"center center","background-size":"auto","background-attachment":"scroll","background-type":"","background-media":"","overlay-type":"","overlay-color":"","overlay-opacity":"","overlay-gradient":""},"tablet":{"background-color":"","background-image":"","background-repeat":"repeat","background-position":"center center","background-size":"auto","background-attachment":"scroll","background-type":"","background-media":"","overlay-type":"","overlay-color":"","overlay-opacity":"","overlay-gradient":""},"mobile":{"background-color":"","background-image":"","background-repeat":"repeat","background-position":"center center","background-size":"auto","background-attachment":"scroll","background-type":"","background-media":"","overlay-type":"","overlay-color":"","overlay-opacity":"","overlay-gradient":""}},"ast-content-background-meta":{"desktop":{"background-color":"var(--ast-global-color-5)","background-image":"","background-repeat":"repeat","background-position":"center center","background-size":"auto","background-attachment":"scroll","background-type":"","background-media":"","overlay-type":"","overlay-color":"","overlay-opacity":"","overlay-gradient":""},"tablet":{"background-color":"var(--ast-global-color-5)","background-image":"","background-repeat":"repeat","background-position":"center center","background-size":"auto","background-attachment":"scroll","background-type":"","background-media":"","overlay-type":"","overlay-color":"","overlay-opacity":"","overlay-gradient":""},"mobile":{"background-color":"var(--ast-global-color-5)","background-image":"","background-repeat":"repeat","background-position":"center center","background-size":"auto","background-attachment":"scroll","background-type":"","background-media":"","overlay-type":"","overlay-color":"","overlay-opacity":"","overlay-gradient":""}},"footnotes":""},"categories":[8],"tags":[52723,21110,52722,52721],"class_list":["post-129449","post","type-post","status-publish","format-standard","has-post-thumbnail","hentry","category-noticias","tag-alcaldes-de-mexico","tag-jose-chedraui-budib","tag-mejores-practicas-de-gobiernos-locales","tag-transparencia-proactiva"],"_links":{"self":[{"href":"https:\/\/losperiodistas.com.mx\/portal\/wp-json\/wp\/v2\/posts\/129449","targetHints":{"allow":["GET"]}}],"collection":[{"href":"https:\/\/losperiodistas.com.mx\/portal\/wp-json\/wp\/v2\/posts"}],"about":[{"href":"https:\/\/losperiodistas.com.mx\/portal\/wp-json\/wp\/v2\/types\/post"}],"author":[{"embeddable":true,"href":"https:\/\/losperiodistas.com.mx\/portal\/wp-json\/wp\/v2\/users\/1"}],"replies":[{"embeddable":true,"href":"https:\/\/losperiodistas.com.mx\/portal\/wp-json\/wp\/v2\/comments?post=129449"}],"version-history":[{"count":1,"href":"https:\/\/losperiodistas.com.mx\/portal\/wp-json\/wp\/v2\/posts\/129449\/revisions"}],"predecessor-version":[{"id":129451,"href":"https:\/\/losperiodistas.com.mx\/portal\/wp-json\/wp\/v2\/posts\/129449\/revisions\/129451"}],"wp:featuredmedia":[{"embeddable":true,"href":"https:\/\/losperiodistas.com.mx\/portal\/wp-json\/wp\/v2\/media\/129450"}],"wp:attachment":[{"href":"https:\/\/losperiodistas.com.mx\/portal\/wp-json\/wp\/v2\/media?parent=129449"}],"wp:term":[{"taxonomy":"category","embeddable":true,"href":"https:\/\/losperiodistas.com.mx\/portal\/wp-json\/wp\/v2\/categories?post=129449"},{"taxonomy":"post_tag","embeddable":true,"href":"https:\/\/losperiodistas.com.mx\/portal\/wp-json\/wp\/v2\/tags?post=129449"}],"curies":[{"name":"wp","href":"https:\/\/api.w.org\/{rel}","templated":true}]}}