{"id":129437,"date":"2026-08-27T18:57:59","date_gmt":"2026-08-28T00:57:59","guid":{"rendered":"https:\/\/losperiodistas.com.mx\/portal\/?p=129437"},"modified":"2026-08-27T18:58:01","modified_gmt":"2026-08-28T00:58:01","slug":"trump-firma-un-decreto-para-cambiar-el-nombre-del-lago-ontario-a-lago-america-cnn","status":"publish","type":"post","link":"https:\/\/losperiodistas.com.mx\/portal\/trump-firma-un-decreto-para-cambiar-el-nombre-del-lago-ontario-a-lago-america-cnn\/","title":{"rendered":"Trump firma un decreto para cambiar el nombre del lago Ontario a \u201clago Am\u00e9rica\u201d | CNN"},"content":{"rendered":"\n<figure class=\"wp-block-image size-large\"><img fetchpriority=\"high\" decoding=\"async\" width=\"1024\" height=\"576\" src=\"https:\/\/losperiodistas.com.mx\/portal\/wp-content\/uploads\/2026\/08\/TrumpLagoOntario-1024x576.png\" alt=\"\" class=\"wp-image-129439\" srcset=\"https:\/\/losperiodistas.com.mx\/portal\/wp-content\/uploads\/2026\/08\/TrumpLagoOntario-1024x576.png 1024w, https:\/\/losperiodistas.com.mx\/portal\/wp-content\/uploads\/2026\/08\/TrumpLagoOntario-300x169.png 300w, https:\/\/losperiodistas.com.mx\/portal\/wp-content\/uploads\/2026\/08\/TrumpLagoOntario-768x432.png 768w, https:\/\/losperiodistas.com.mx\/portal\/wp-content\/uploads\/2026\/08\/TrumpLagoOntario.png 1309w\" sizes=\"(max-width: 1024px) 100vw, 1024px\" \/><figcaption class=\"wp-element-caption\">\u201cAhora todo lo que necesitamos es un oc\u00e9ano\u201d, dice Trump tras cambiar el nombre del lago Ontario por \u201clago Am\u00e9rica\u201d<\/figcaption><\/figure>\n\n\n\n<p class=\"has-vivid-red-color has-text-color has-link-color wp-elements-d61bd66daf28986069b1968a61f8e2d6\">Kit Maher \/ CNN<\/p>\n\n\n\n<p>El presidente Donald Trump firm\u00f3 en la tarde de este jueves un decreto para cambiar el nombre del lago Ontario a \u201clago Am\u00e9rica\u201d, una nueva provocaci\u00f3n contra Canad\u00e1 en medio de una tensa guerra comercial con el vecino y aliado del norte de Estados Unidos.<\/p>\n\n\n\n<p>Flanqueado en la Oficina Oval por grandes mapas de los Grandes Lagos \u2014uno de ellos titulado \u201cHacer que los Grandes Lagos sean a\u00fan m\u00e1s grandes\u201d, con la etiqueta \u201clago Am\u00e9rica\u201d sobre el lago Ontario\u2014, Trump dijo que el cambio de nombre entrar\u00eda \u201cen vigor de inmediato\u201d.<\/p>\n\n\n\n<p>\u201c\u2018Lago Am\u00e9rica\u2019 es algo que he estado considerando desde hace tiempo\u201d, dijo Trump desde el Despacho Oval. \u201cTenemos un golfo y tenemos un lago. Ahora, solo nos falta un oc\u00e9ano. As\u00ed que, tal vez tengamos que cambiar el nombre del Atl\u00e1ntico y\/o del Pac\u00edfico. Tal vez cambiemos el nombre de ambos\u201d.<\/p>\n\n\n\n<p>Trump tiene un amplio margen para decidir c\u00f3mo se refiere el Gobierno de Estados Unidos a los accidentes geogr\u00e1ficos, aunque no puede obligar a otros pa\u00edses a adoptar esos nombres. Despu\u00e9s de que el a\u00f1o pasado tomara una medida ejecutiva similar para rebautizar el golfo de M\u00e9xico como \u201cgolfo de Am\u00e9rica\u201d, funcionarios mexicanos criticaron duramente la decisi\u00f3n y dejaron claro que seguir\u00edan usando el nombre anterior. Google anunci\u00f3 despu\u00e9s que sus mapas mostrar\u00edan \u201cgolfo de Am\u00e9rica\u201d a los usuarios de Estados Unidos, mientras que los usuarios de M\u00e9xico seguir\u00edan viendo \u201cgolfo de M\u00e9xico\u201d.<\/p>\n\n\n\n<p>Trump ven\u00eda planteando el cambio de nombre desde que las conversaciones comerciales entre Estados Unidos y Canad\u00e1 fracasaron la semana pasada. Durante el fin de semana, impuso aranceles del 50 % a productos canadienses por un valor aproximado de US$20.000 millones. Canad\u00e1 respondi\u00f3 r\u00e1pidamente con el anuncio de mayores aranceles sobre diversos productos estadounidenses. Trump ha amenazado con intensificar las medidas si Canad\u00e1 no da marcha atr\u00e1s.<\/p>\n\n\n\n<p>El martes, Trump dijo que estaba considerando seriamente rebautizar el lago Ontario \u201cdado que no esperamos seguir haciendo muchos negocios con Ontario\u201d. Canad\u00e1 es el segundo mayor socio comercial de Estados Unidos, despu\u00e9s de M\u00e9xico, seg\u00fan datos de la Oficina del Censo de Estados Unidos, y representa el 12,6 % de su comercio total.<\/p>\n\n\n\n<p>El primer ministro de Canad\u00e1, Mark Carney, no tard\u00f3 en responder. En una publicaci\u00f3n en X este jueves por la tarde, se\u00f1al\u00f3 que el origen del nombre del lago Ontario se remonta a m\u00e1s de 400 a\u00f1os y es anterior a la fundaci\u00f3n tanto de Estados Unidos como de Canad\u00e1. Concluy\u00f3 que su pa\u00eds lo llamar\u00eda \u201cpara siempre\u201d lago Ontario.<\/p>\n\n\n\n<p>\u201cEl nombre lago Ontario proviene de la palabra wendat Ontari\u2019io, que, apropiadamente, significa \u2018el lago es hermoso, el lago es grande\u2019\u201d, escribi\u00f3. \u201cSabemos que Estados Unidos est\u00e1 cambiando: sus relaciones comerciales, su pol\u00edtica exterior, sus monumentos nacionales, sus hidr\u00f3nimos. Las mujeres y los hombres de Canad\u00e1 tambi\u00e9n saben que las cosas deben llamarse por su nombre, y este lago se llama lago Ontario, hoy y para siempre\u201d.<\/p>\n\n\n\n<p>El primer ministro de Nueva Escocia, Tim Houston, fue m\u00e1s conciso en X poco despu\u00e9s de que Trump firmara el decreto: \u201cEsto ya es una aut\u00e9ntica tonter\u00eda. Es el lago Ontario, amigo\u201d.<\/p>\n\n\n\n<p>El nuevo decreto encomienda al secretario del Interior, Doug Burgum, y a la Junta de Nombres Geogr\u00e1ficos que rebauticen el lago Ontario como \u201clago Am\u00e9rica\u201d en un plazo de 30 d\u00edas. Esto incluye actualizar el Sistema de Informaci\u00f3n de Nombres Geogr\u00e1ficos y eliminar \u201ctodas las referencias al lago Ontario, de conformidad con la legislaci\u00f3n aplicable\u201d.<\/p>\n\n\n\n<p>Trump tambi\u00e9n orden\u00f3 a la Junta de Nombres Geogr\u00e1ficos que proporcionara directrices sobre el cambio dentro del Gobierno federal, para que los mapas, contratos, documentos y comunicaciones de los organismos federales usen \u201clago Am\u00e9rica\u201d.<\/p>\n\n\n\n<p>En su decreto, Trump afirma que el cambio refleja el hecho de que \u201clas partes m\u00e1s profundas de las aguas del lago\u201d y la mayor parte de su \u201cvolumen\u201d se encuentran en territorio estadounidense. Calific\u00f3 el cuerpo de agua \u2014que limita con la provincia canadiense de Ontario y el estado de Nueva York\u2014 como \u201cun activo formidable para Estados Unidos y parte del patrimonio de nuestra naci\u00f3n\u201d.<\/p>\n\n\n\n<figure class=\"wp-block-image size-large\"><img decoding=\"async\" width=\"1024\" height=\"576\" src=\"https:\/\/losperiodistas.com.mx\/portal\/wp-content\/uploads\/2026\/08\/imagen-110-1024x576.png\" alt=\"\" class=\"wp-image-129438\" srcset=\"https:\/\/losperiodistas.com.mx\/portal\/wp-content\/uploads\/2026\/08\/imagen-110-1024x576.png 1024w, https:\/\/losperiodistas.com.mx\/portal\/wp-content\/uploads\/2026\/08\/imagen-110-300x169.png 300w, https:\/\/losperiodistas.com.mx\/portal\/wp-content\/uploads\/2026\/08\/imagen-110-768x432.png 768w, https:\/\/losperiodistas.com.mx\/portal\/wp-content\/uploads\/2026\/08\/imagen-110.png 1110w\" sizes=\"(max-width: 1024px) 100vw, 1024px\" \/><figcaption class=\"wp-element-caption\">Se observa un mapa que muestra el lago Ontario como \u00ablake America\u00bb mientras el presidente Donald Trump firma un decreto en el Despacho Oval de la Casa Blanca, el 27 de agosto de 2026.<br>Andrew Harnik\/Getty Images<\/figcaption><\/figure>\n\n\n\n<p>En la Oficina Oval, Trump dijo repetidamente este jueves que Canad\u00e1 era el peor pa\u00eds para negociar asuntos comerciales y afirm\u00f3 que sus autoridades creen que merecen un trato especial.<\/p>\n\n\n\n<p>\u201cLos funcionarios canadienses nos han tratado muy mal. Son gente desagradable\u201d, dijo.<\/p>\n\n\n\n<p>Poco antes de que Trump firmara el decreto, la senadora republicana Susan Collins, de Maine, dijo en X que Canad\u00e1 hab\u00eda tomado la decisi\u00f3n de \u201cbuena fe\u201d de retirar los mariscos y productos pesqueros de su lista de aranceles de represalia. Inst\u00f3 a los funcionarios del Gobierno de Trump a responder \u201cvolviendo a la mesa de negociaciones y trabajando para resolver amistosamente esta disputa comercial\u201d. Minutos despu\u00e9s, se transmitieron en vivo im\u00e1genes de Trump junto a los mapas del \u201clago Am\u00e9rica\u201d.<\/p>\n\n\n\n<p>Collins es un objetivo prioritario de los dem\u00f3cratas en las elecciones intermedias, y los aranceles tendr\u00e1n efectos especialmente fuertes en su estado.<\/p>\n\n\n\n<p>Las conversaciones comerciales entre Estados Unidos y Canad\u00e1 parecen estar suspendidas por ahora. El representante comercial de Estados Unidos, Jamieson Greer, dijo el mi\u00e9rcoles que no mantiene conversaciones activas con su hom\u00f3logo canadiense, Dominic LeBlanc.<\/p>\n\n\n\n<p>\u201cDir\u00eda que en este momento no tenemos canales abiertos. Tengo una buena relaci\u00f3n con el ministro LeBlanc, pero ahora mismo creo que la parte canadiense est\u00e1, ya saben, hablando sobre sus pr\u00f3ximos pasos\u201d, dijo Greer a CBC News en una entrevista desde el jard\u00edn norte de la Casa Blanca.<\/p>\n\n\n\n<p>Las disputas por el cambio de nombre podr\u00edan no limitarse a Canad\u00e1. Despu\u00e9s de que el presidente firmara el decreto que establec\u00eda el \u201cgolfo de Am\u00e9rica\u201d, Associated Press \u2014cuyas pautas de redacci\u00f3n son utilizadas ampliamente por organizaciones de noticias\u2014 se neg\u00f3 a reconocer el nuevo nombre. Posteriormente, la Casa Blanca impidi\u00f3 que AP cubriera determinados actos en la Oficina Oval o viajara en el Air Force One.<\/p>\n\n\n\n<p>Finalmente, un juez federal determin\u00f3 que las medidas de la Casa Blanca eran inconstitucionales.<\/p>\n\n\n\n<p>Fuente: <a href=\"https:\/\/cnnespanol.cnn.com\/2026\/08\/27\/eeuu\/trump-decreto-lago-ontario-lake-america-trax\" target=\"_blank\" rel=\"noreferrer noopener\">CNN<\/a><\/p>\n\n\n\n<p><\/p>\n","protected":false},"excerpt":{"rendered":"<p>Kit Maher \/ CNN El presidente Donald Trump firm\u00f3 en la tarde de este jueves un decreto para cambiar el [&hellip;]<\/p>\n","protected":false},"author":1,"featured_media":129439,"comment_status":"open","ping_status":"open","sticky":false,"template":"","format":"standard","meta":{"site-sidebar-layout":"default","site-content-layout":"","ast-site-content-layout":"default","site-content-style":"default","site-sidebar-style":"default","ast-global-header-display":"","ast-banner-title-visibility":"","ast-main-header-display":"","ast-hfb-above-header-display":"","ast-hfb-below-header-display":"","ast-hfb-mobile-header-display":"","site-post-title":"","ast-breadcrumbs-content":"","ast-featured-img":"","footer-sml-layout":"","theme-transparent-header-meta":"","adv-header-id-meta":"","stick-header-meta":"","header-above-stick-meta":"","header-main-stick-meta":"","header-below-stick-meta":"","astra-migrate-meta-layouts":"default","ast-page-background-enabled":"default","ast-page-background-meta":{"desktop":{"background-color":"var(--ast-global-color-4)","background-image":"","background-repeat":"repeat","background-position":"center center","background-size":"auto","background-attachment":"scroll","background-type":"","background-media":"","overlay-type":"","overlay-color":"","overlay-opacity":"","overlay-gradient":""},"tablet":{"background-color":"","background-image":"","background-repeat":"repeat","background-position":"center center","background-size":"auto","background-attachment":"scroll","background-type":"","background-media":"","overlay-type":"","overlay-color":"","overlay-opacity":"","overlay-gradient":""},"mobile":{"background-color":"","background-image":"","background-repeat":"repeat","background-position":"center center","background-size":"auto","background-attachment":"scroll","background-type":"","background-media":"","overlay-type":"","overlay-color":"","overlay-opacity":"","overlay-gradient":""}},"ast-content-background-meta":{"desktop":{"background-color":"var(--ast-global-color-5)","background-image":"","background-repeat":"repeat","background-position":"center center","background-size":"auto","background-attachment":"scroll","background-type":"","background-media":"","overlay-type":"","overlay-color":"","overlay-opacity":"","overlay-gradient":""},"tablet":{"background-color":"var(--ast-global-color-5)","background-image":"","background-repeat":"repeat","background-position":"center center","background-size":"auto","background-attachment":"scroll","background-type":"","background-media":"","overlay-type":"","overlay-color":"","overlay-opacity":"","overlay-gradient":""},"mobile":{"background-color":"var(--ast-global-color-5)","background-image":"","background-repeat":"repeat","background-position":"center center","background-size":"auto","background-attachment":"scroll","background-type":"","background-media":"","overlay-type":"","overlay-color":"","overlay-opacity":"","overlay-gradient":""}},"footnotes":""},"categories":[8],"tags":[4686,5257,33474,52714,52713,36450],"class_list":["post-129437","post","type-post","status-publish","format-standard","has-post-thumbnail","hentry","category-noticias","tag-canada","tag-donald-trump","tag-guerra-comercial","tag-lago-america","tag-lago-ontario","tag-mark-carney"],"_links":{"self":[{"href":"https:\/\/losperiodistas.com.mx\/portal\/wp-json\/wp\/v2\/posts\/129437","targetHints":{"allow":["GET"]}}],"collection":[{"href":"https:\/\/losperiodistas.com.mx\/portal\/wp-json\/wp\/v2\/posts"}],"about":[{"href":"https:\/\/losperiodistas.com.mx\/portal\/wp-json\/wp\/v2\/types\/post"}],"author":[{"embeddable":true,"href":"https:\/\/losperiodistas.com.mx\/portal\/wp-json\/wp\/v2\/users\/1"}],"replies":[{"embeddable":true,"href":"https:\/\/losperiodistas.com.mx\/portal\/wp-json\/wp\/v2\/comments?post=129437"}],"version-history":[{"count":1,"href":"https:\/\/losperiodistas.com.mx\/portal\/wp-json\/wp\/v2\/posts\/129437\/revisions"}],"predecessor-version":[{"id":129440,"href":"https:\/\/losperiodistas.com.mx\/portal\/wp-json\/wp\/v2\/posts\/129437\/revisions\/129440"}],"wp:featuredmedia":[{"embeddable":true,"href":"https:\/\/losperiodistas.com.mx\/portal\/wp-json\/wp\/v2\/media\/129439"}],"wp:attachment":[{"href":"https:\/\/losperiodistas.com.mx\/portal\/wp-json\/wp\/v2\/media?parent=129437"}],"wp:term":[{"taxonomy":"category","embeddable":true,"href":"https:\/\/losperiodistas.com.mx\/portal\/wp-json\/wp\/v2\/categories?post=129437"},{"taxonomy":"post_tag","embeddable":true,"href":"https:\/\/losperiodistas.com.mx\/portal\/wp-json\/wp\/v2\/tags?post=129437"}],"curies":[{"name":"wp","href":"https:\/\/api.w.org\/{rel}","templated":true}]}}