{"id":129434,"date":"2026-08-27T18:48:09","date_gmt":"2026-08-28T00:48:09","guid":{"rendered":"https:\/\/losperiodistas.com.mx\/portal\/?p=129434"},"modified":"2026-08-27T18:48:11","modified_gmt":"2026-08-28T00:48:11","slug":"con-estrenos-y-retrospectiva-llega-el-tour-de-cine-frances-a-puebla-del-10-de-septiembre-al-14-de-octubre-la-jornada","status":"publish","type":"post","link":"https:\/\/losperiodistas.com.mx\/portal\/con-estrenos-y-retrospectiva-llega-el-tour-de-cine-frances-a-puebla-del-10-de-septiembre-al-14-de-octubre-la-jornada\/","title":{"rendered":"Con estrenos y retrospectiva, llega el Tour de Cine Franc\u00e9s a Puebla, del 10 de septiembre al 14 de octubre | La Jornada"},"content":{"rendered":"\n<figure class=\"wp-block-image size-large\"><img fetchpriority=\"high\" decoding=\"async\" width=\"1024\" height=\"599\" src=\"https:\/\/losperiodistas.com.mx\/portal\/wp-content\/uploads\/2026\/08\/Screenshot-2026-08-27-at-18-44-15-abandonado-tour-26.jpg-Imagen-JPEG-826-\u00d7-483-pixeles-1024x599.png\" alt=\"\" class=\"wp-image-129435\" srcset=\"https:\/\/losperiodistas.com.mx\/portal\/wp-content\/uploads\/2026\/08\/Screenshot-2026-08-27-at-18-44-15-abandonado-tour-26.jpg-Imagen-JPEG-826-\u00d7-483-pixeles-1024x599.png 1024w, https:\/\/losperiodistas.com.mx\/portal\/wp-content\/uploads\/2026\/08\/Screenshot-2026-08-27-at-18-44-15-abandonado-tour-26.jpg-Imagen-JPEG-826-\u00d7-483-pixeles-300x175.png 300w, https:\/\/losperiodistas.com.mx\/portal\/wp-content\/uploads\/2026\/08\/Screenshot-2026-08-27-at-18-44-15-abandonado-tour-26.jpg-Imagen-JPEG-826-\u00d7-483-pixeles-768x449.png 768w, https:\/\/losperiodistas.com.mx\/portal\/wp-content\/uploads\/2026\/08\/Screenshot-2026-08-27-at-18-44-15-abandonado-tour-26.jpg-Imagen-JPEG-826-\u00d7-483-pixeles.png 1339w\" sizes=\"(max-width: 1024px) 100vw, 1024px\" \/><figcaption class=\"wp-element-caption\">El Tour de Cine Franc\u00e9s llegar\u00e1 a Puebla del 10 de septiembre al 14 de octubre con siete pel\u00edculas francesas y una retrospectiva<\/figcaption><\/figure>\n\n\n\n<p class=\"has-vivid-red-color has-text-color has-link-color wp-elements-812a99cbb55f8a9dd1a374917990db72\">Paula Carrizosa \/ La Jornada<\/p>\n\n\n\n<p><strong>Puebla ser\u00e1 una de las m\u00e1s de 70 ciudades<\/strong> que este a\u00f1o, como parte de la edici\u00f3n 30, <strong>recibir\u00e1 al Tour de Cine Franc\u00e9s<\/strong> que llega cargado&nbsp;de una programaci\u00f3n concebida especialmente para conmemorar sus tres d\u00e9cadas de historia en M\u00e9xico.<\/p>\n\n\n\n<p>La selecci\u00f3n oficial reunir\u00e1 <strong>siete pel\u00edculas francesas de estreno en el pa\u00eds<\/strong> y, por primera vez, una retrospectiva que recuperar\u00e1 algunos de los t\u00edtulos m\u00e1s vistos por el p\u00fablico a lo largo de la historia del tour.<\/p>\n\n\n\n<p><strong>Programado del 10 de septiembre al 14 de octubre en m\u00e1s de 76 ciudades y 200 salas repartidas a lo largo y ancho del pa\u00eds<\/strong>, entre los filmes que integran el tour destacan <em>El desconocido del Gran Arco<\/em> de St\u00e9phane Demoustier; <em>La copia perfecta<\/em>, de Jean-Paul Salom\u00e9; <em>Abandonado<\/em>, de Vincent Garenq y <em>S\u00f3lo una ilusi\u00f3n<\/em>, la pel\u00edcula m\u00e1s reciente de los directores Eric Toledano y Olivier Nakache.<\/p>\n\n\n\n<p>Con 30 a\u00f1os de historia, el <strong>Tour de Cine Franc\u00e9s<\/strong> se consolida como el encuentro de cine franc\u00e9s m\u00e1s importante fuera de Francia.<\/p>\n\n\n\n<p>En el caso de M\u00e9xico, debido a la amplia audiencia que cada a\u00f1o acompa\u00f1a al festival, el pa\u00eds ocupa el primer lugar en distribuci\u00f3n mundial de cine franc\u00e9s, lo que le da al tour un papel protag\u00f3nico en la difusi\u00f3n de la cultura francesa.<\/p>\n\n\n\n<p>Fundado por Nueva Era Films, Cin\u00e9polis, la Embajada de Francia en M\u00e9xico y la Federaci\u00f3n de Alianzas Francesas, el <strong>Tour de Cine Franc\u00e9s<\/strong> ha sido, desde su primera edici\u00f3n en 1996, un punto de encuentro entre dos culturas a trav\u00e9s del cine.<\/p>\n\n\n\n<p>Como cada a\u00f1o, el <strong>Tour de Cine Franc\u00e9s<\/strong> <strong>tendr\u00e1 dos circuitos de exhibici\u00f3n<\/strong>. El primero, es el circuito presentado por en Cin\u00e9polis que se extender\u00e1 por 181 salas de cine en 75 ciudades de todo el pa\u00eds, siendo el caso de Puebla las salas ubicadas en Angel\u00f3polis, en donde se ofrecer\u00e1 un cinebono de 240 pesos.<\/p>\n\n\n\n<p>El otro es el circuito cultural que podr\u00e1 disfrutarse durante la temporalidad del festival en recintos como la Cineteca Nacional, para luego recorrer 36 salas de cine en 19 ciudades, en este caso, el auditorio de la <strong>Alianza Francesa de Puebla<\/strong>.<\/p>\n\n\n\n<p>Fuente: <a href=\"https:\/\/www.lajornadadeoriente.com.mx\/puebla\/con-estrenos-y-retrospectiva-llega-el-tour-de-cine-frances\/\" target=\"_blank\" rel=\"noreferrer noopener\">La Jornada<\/a><\/p>\n","protected":false},"excerpt":{"rendered":"<p>Paula Carrizosa \/ La Jornada Puebla ser\u00e1 una de las m\u00e1s de 70 ciudades que este a\u00f1o, como parte de [&hellip;]<\/p>\n","protected":false},"author":1,"featured_media":129435,"comment_status":"open","ping_status":"open","sticky":false,"template":"","format":"standard","meta":{"site-sidebar-layout":"default","site-content-layout":"","ast-site-content-layout":"default","site-content-style":"default","site-sidebar-style":"default","ast-global-header-display":"","ast-banner-title-visibility":"","ast-main-header-display":"","ast-hfb-above-header-display":"","ast-hfb-below-header-display":"","ast-hfb-mobile-header-display":"","site-post-title":"","ast-breadcrumbs-content":"","ast-featured-img":"","footer-sml-layout":"","theme-transparent-header-meta":"","adv-header-id-meta":"","stick-header-meta":"","header-above-stick-meta":"","header-main-stick-meta":"","header-below-stick-meta":"","astra-migrate-meta-layouts":"default","ast-page-background-enabled":"default","ast-page-background-meta":{"desktop":{"background-color":"var(--ast-global-color-4)","background-image":"","background-repeat":"repeat","background-position":"center center","background-size":"auto","background-attachment":"scroll","background-type":"","background-media":"","overlay-type":"","overlay-color":"","overlay-opacity":"","overlay-gradient":""},"tablet":{"background-color":"","background-image":"","background-repeat":"repeat","background-position":"center center","background-size":"auto","background-attachment":"scroll","background-type":"","background-media":"","overlay-type":"","overlay-color":"","overlay-opacity":"","overlay-gradient":""},"mobile":{"background-color":"","background-image":"","background-repeat":"repeat","background-position":"center center","background-size":"auto","background-attachment":"scroll","background-type":"","background-media":"","overlay-type":"","overlay-color":"","overlay-opacity":"","overlay-gradient":""}},"ast-content-background-meta":{"desktop":{"background-color":"var(--ast-global-color-5)","background-image":"","background-repeat":"repeat","background-position":"center center","background-size":"auto","background-attachment":"scroll","background-type":"","background-media":"","overlay-type":"","overlay-color":"","overlay-opacity":"","overlay-gradient":""},"tablet":{"background-color":"var(--ast-global-color-5)","background-image":"","background-repeat":"repeat","background-position":"center center","background-size":"auto","background-attachment":"scroll","background-type":"","background-media":"","overlay-type":"","overlay-color":"","overlay-opacity":"","overlay-gradient":""},"mobile":{"background-color":"var(--ast-global-color-5)","background-image":"","background-repeat":"repeat","background-position":"center center","background-size":"auto","background-attachment":"scroll","background-type":"","background-media":"","overlay-type":"","overlay-color":"","overlay-opacity":"","overlay-gradient":""}},"footnotes":""},"categories":[8],"tags":[2355,52711,52712,52710],"class_list":["post-129434","post","type-post","status-publish","format-standard","has-post-thumbnail","hentry","category-noticias","tag-alianza-francesa","tag-edicion-30","tag-retrospectiva","tag-tour-de-cine-frances"],"_links":{"self":[{"href":"https:\/\/losperiodistas.com.mx\/portal\/wp-json\/wp\/v2\/posts\/129434","targetHints":{"allow":["GET"]}}],"collection":[{"href":"https:\/\/losperiodistas.com.mx\/portal\/wp-json\/wp\/v2\/posts"}],"about":[{"href":"https:\/\/losperiodistas.com.mx\/portal\/wp-json\/wp\/v2\/types\/post"}],"author":[{"embeddable":true,"href":"https:\/\/losperiodistas.com.mx\/portal\/wp-json\/wp\/v2\/users\/1"}],"replies":[{"embeddable":true,"href":"https:\/\/losperiodistas.com.mx\/portal\/wp-json\/wp\/v2\/comments?post=129434"}],"version-history":[{"count":1,"href":"https:\/\/losperiodistas.com.mx\/portal\/wp-json\/wp\/v2\/posts\/129434\/revisions"}],"predecessor-version":[{"id":129436,"href":"https:\/\/losperiodistas.com.mx\/portal\/wp-json\/wp\/v2\/posts\/129434\/revisions\/129436"}],"wp:featuredmedia":[{"embeddable":true,"href":"https:\/\/losperiodistas.com.mx\/portal\/wp-json\/wp\/v2\/media\/129435"}],"wp:attachment":[{"href":"https:\/\/losperiodistas.com.mx\/portal\/wp-json\/wp\/v2\/media?parent=129434"}],"wp:term":[{"taxonomy":"category","embeddable":true,"href":"https:\/\/losperiodistas.com.mx\/portal\/wp-json\/wp\/v2\/categories?post=129434"},{"taxonomy":"post_tag","embeddable":true,"href":"https:\/\/losperiodistas.com.mx\/portal\/wp-json\/wp\/v2\/tags?post=129434"}],"curies":[{"name":"wp","href":"https:\/\/api.w.org\/{rel}","templated":true}]}}