{"id":129422,"date":"2026-08-27T18:15:46","date_gmt":"2026-08-28T00:15:46","guid":{"rendered":"https:\/\/losperiodistas.com.mx\/portal\/?p=129422"},"modified":"2026-08-27T18:15:48","modified_gmt":"2026-08-28T00:15:48","slug":"que-causo-la-avalancha-que-dejo-cientos-de-muertos-y-desaparecidos-en-nepal-y-tibet-bbc","status":"publish","type":"post","link":"https:\/\/losperiodistas.com.mx\/portal\/que-causo-la-avalancha-que-dejo-cientos-de-muertos-y-desaparecidos-en-nepal-y-tibet-bbc\/","title":{"rendered":"Qu\u00e9 caus\u00f3 la avalancha que dej\u00f3 cientos de muertos y desaparecidos en Nepal y T\u00edbet | BBC"},"content":{"rendered":"\n<figure class=\"wp-block-image size-large\"><img fetchpriority=\"high\" decoding=\"async\" width=\"1024\" height=\"576\" src=\"https:\/\/losperiodistas.com.mx\/portal\/wp-content\/uploads\/2026\/08\/AvalanchaTibet-1024x576.png\" alt=\"\" class=\"wp-image-129423\" srcset=\"https:\/\/losperiodistas.com.mx\/portal\/wp-content\/uploads\/2026\/08\/AvalanchaTibet-1024x576.png 1024w, https:\/\/losperiodistas.com.mx\/portal\/wp-content\/uploads\/2026\/08\/AvalanchaTibet-300x169.png 300w, https:\/\/losperiodistas.com.mx\/portal\/wp-content\/uploads\/2026\/08\/AvalanchaTibet-768x432.png 768w, https:\/\/losperiodistas.com.mx\/portal\/wp-content\/uploads\/2026\/08\/AvalanchaTibet.png 1297w\" sizes=\"(max-width: 1024px) 100vw, 1024px\" \/><figcaption class=\"wp-element-caption\">La avalancha dej\u00f3 m\u00e1s de 350 personas muertas y decenas de desaparecidos en la regi\u00f3n del T\u00edbet. <\/figcaption><\/figure>\n\n\n\n<p class=\"has-vivid-red-color has-text-color has-link-color wp-elements-01f436bfc08110478111dbc793911148\">Redacci\u00f3n \/ BBC<\/p>\n\n\n\n<p><strong>Los enormes deslizamientos de tierra y las inundaciones repentinas en la frontera entre Nepal y el T\u00edbet han causado da\u00f1os generalizados, m\u00e1s de 350 personas muertas y centenares de desaparecidos.<\/strong><\/p>\n\n\n\n<p>Las im\u00e1genes de lo sucedido muestran una ola de lodo y rocas arrasando edificios, carreteras y veh\u00edculos, mientras las personas hu\u00edan del r\u00e1pido avance del material en la regi\u00f3n de Nuwakot.<\/p>\n\n\n\n<p>En un video se observa una gigantesca masa de agua y barro descendiendo por un desfiladero a lo largo del r\u00edo Trishuli y golpeando el puesto fronterizo de Rasuvagadhi, un complejo de varios pisos.<\/p>\n\n\n\n<p>Tambi\u00e9n se han reportado grandes crecidas en los r\u00edos Bhote Koshi y Narayani.<\/p>\n\n\n\n<p>El Centro Internacional para el Desarrollo Integrado de las Monta\u00f1as en Nepal ha advertido que podr\u00edan producirse inundaciones secundarias en los pr\u00f3ximos d\u00edas debido a los escombros arrastrados hacia los sistemas fluviales.<\/p>\n\n\n\n<p>Entretanto, las autoridades y los cient\u00edficos contin\u00faan evaluando el tama\u00f1o, la ubicaci\u00f3n y la estabilidad de cualquier posible bloqueo.<\/p>\n\n\n\n<p>En esta nota, hacemos un recuento de lo que se sabe hasta ahora.<\/p>\n\n\n\n<h2 class=\"wp-block-heading\" id=\"1-Qu\u00e9-caus\u00f3-la-avalancha\">1. \u00bfQu\u00e9 caus\u00f3 la avalancha?<\/h2>\n\n\n\n<p>El ministro de Asuntos Exteriores de Nepal afirm\u00f3 inicialmente que se hab\u00eda registrado un terremoto en la frontera entre su pa\u00eds y el T\u00edbet poco antes del deslizamiento, lo que llev\u00f3 a pensar que el movimiento tel\u00farico podr\u00eda haber desencadenado la tragedia.<\/p>\n\n\n\n<p>De la misma forma, el Servicio Geol\u00f3gico de Estados Unidos (USGS, por sus siglas en ingl\u00e9s) tambi\u00e9n inform\u00f3 que el evento del mi\u00e9rcoles pod\u00eda haber sido un sismo de magnitud 4,4.<\/p>\n\n\n\n<p>Sin embargo, m\u00e1s adelante el organismo cient\u00edfico confirm\u00f3 que el incidente \u00abfue en realidad un colapso glaciar y un flujo de escombros\u00bb que \u00abprovoc\u00f3 impactos catastr\u00f3ficos aguas abajo\u00bb.<\/p>\n\n\n\n<figure class=\"wp-block-image size-full\"><img decoding=\"async\" width=\"757\" height=\"450\" src=\"https:\/\/losperiodistas.com.mx\/portal\/wp-content\/uploads\/2026\/08\/imagen-104.png\" alt=\"\" class=\"wp-image-129424\" srcset=\"https:\/\/losperiodistas.com.mx\/portal\/wp-content\/uploads\/2026\/08\/imagen-104.png 757w, https:\/\/losperiodistas.com.mx\/portal\/wp-content\/uploads\/2026\/08\/imagen-104-300x178.png 300w\" sizes=\"(max-width: 757px) 100vw, 757px\" \/><\/figure>\n\n\n\n<figure class=\"wp-block-image size-full\"><img decoding=\"async\" width=\"770\" height=\"448\" src=\"https:\/\/losperiodistas.com.mx\/portal\/wp-content\/uploads\/2026\/08\/imagen-105.png\" alt=\"\" class=\"wp-image-129425\" srcset=\"https:\/\/losperiodistas.com.mx\/portal\/wp-content\/uploads\/2026\/08\/imagen-105.png 770w, https:\/\/losperiodistas.com.mx\/portal\/wp-content\/uploads\/2026\/08\/imagen-105-300x175.png 300w, https:\/\/losperiodistas.com.mx\/portal\/wp-content\/uploads\/2026\/08\/imagen-105-768x447.png 768w\" sizes=\"(max-width: 770px) 100vw, 770px\" \/><figcaption class=\"wp-element-caption\">Fuente: Planet Labs PBC<\/figcaption><\/figure>\n\n\n\n<p>\u00abUn an\u00e1lisis adicional de estaciones s\u00edsmicas cercanas, ondas s\u00edsmicas de largo per\u00edodo e im\u00e1genes satelitales permiti\u00f3 determinar que el evento s\u00edsmico fue, en realidad, un colapso glaciar y un flujo de escombros, y que no se hab\u00eda producido ning\u00fan terremoto\u00bb, se\u00f1al\u00f3 el USGS el jueves.<\/p>\n\n\n\n<p>Se sabe que el cambio clim\u00e1tico est\u00e1 acelerando el deshielo de los glaciares en la regi\u00f3n del Hindu Kush-Himalaya y, mientras contin\u00faan las labores de rescate, los cient\u00edficos intentan reconstruir con exactitud la secuencia de acontecimientos.<\/p>\n\n\n\n<p>Simon Cook, profesor titular de Energ\u00eda, Medio Ambiente y Seguridad en la Universidad de Dundee (Reino Unido) y especialista en glaciolog\u00eda, afirm\u00f3 que \u00abel cambio clim\u00e1tico podr\u00eda tener un impacto\u00bb.<\/p>\n\n\n\n<p>\u00abEl permafrost mantiene parcialmente unidas algunas laderas monta\u00f1osas; este permafrost se est\u00e1 calentando, descongelando y degradando, por lo que se producir\u00e1n m\u00e1s deslizamientos de tierra\u00bb, explic\u00f3 a la BBC.<\/p>\n\n\n\n<p>Una posibilidad es que el agua procedente de las lluvias o del deshielo haya desestabilizado el terreno o el hielo en s\u00ed, provocando una reacci\u00f3n en cadena.<\/p>\n\n\n\n<p>Los cient\u00edficos analizar\u00e1n im\u00e1genes satelitales para determinar exactamente d\u00f3nde ocurri\u00f3 el deslizamiento, si alg\u00fan lago glaciar se vaci\u00f3 repentinamente y d\u00f3nde pudo haberse bloqueado el r\u00edo. Adem\u00e1s, estudiar\u00e1n datos sobre las precipitaciones recientes.<\/p>\n\n\n\n<figure class=\"wp-block-image size-full\"><img loading=\"lazy\" decoding=\"async\" width=\"800\" height=\"589\" src=\"https:\/\/losperiodistas.com.mx\/portal\/wp-content\/uploads\/2026\/08\/imagen-106.png\" alt=\"\" class=\"wp-image-129426\" srcset=\"https:\/\/losperiodistas.com.mx\/portal\/wp-content\/uploads\/2026\/08\/imagen-106.png 800w, https:\/\/losperiodistas.com.mx\/portal\/wp-content\/uploads\/2026\/08\/imagen-106-300x221.png 300w, https:\/\/losperiodistas.com.mx\/portal\/wp-content\/uploads\/2026\/08\/imagen-106-768x565.png 768w\" sizes=\"(max-width: 800px) 100vw, 800px\" \/><\/figure>\n\n\n\n<figure class=\"wp-block-image size-full\"><img loading=\"lazy\" decoding=\"async\" width=\"800\" height=\"533\" src=\"https:\/\/losperiodistas.com.mx\/portal\/wp-content\/uploads\/2026\/08\/imagen-107.png\" alt=\"\" class=\"wp-image-129427\" srcset=\"https:\/\/losperiodistas.com.mx\/portal\/wp-content\/uploads\/2026\/08\/imagen-107.png 800w, https:\/\/losperiodistas.com.mx\/portal\/wp-content\/uploads\/2026\/08\/imagen-107-300x200.png 300w, https:\/\/losperiodistas.com.mx\/portal\/wp-content\/uploads\/2026\/08\/imagen-107-768x512.png 768w\" sizes=\"(max-width: 800px) 100vw, 800px\" \/><figcaption class=\"wp-element-caption\">La avalancha tapi\u00f3 decenas de casas y dej\u00f3 miles de damnificados. <\/figcaption><\/figure>\n\n\n\n<h2 class=\"wp-block-heading\" id=\"2-Pueden-prevenirse-estos-eventos\">2. \u00bfPueden prevenirse estos eventos?<\/h2>\n\n\n\n<p>Los expertos se\u00f1alan que peligros como los deslizamientos de tierra, las avalanchas y los colapsos de glaciares no pueden prevenirse por completo, pero s\u00ed es posible reducir sus impactos.<\/p>\n\n\n\n<p>Cada vez se instalan m\u00e1s sistemas de alerta temprana en valles vulnerables y alrededor de lagos glaciares. Estos sistemas pueden monitorear los cambios en las condiciones del entorno y proporcionar un tiempo valioso para llevar a cabo evacuaciones.<\/p>\n\n\n\n<p>Los investigadores tambi\u00e9n sostienen que una mejor cooperaci\u00f3n transfronteriza es esencial, ya que muchos de estos peligros se originan en zonas remotas del T\u00edbet antes de afectar a Nepal.<\/p>\n\n\n\n<p>\u00abSi se hubiera originado en Nepal, podr\u00edamos haberlo visto desde aqu\u00ed. Pero en incidentes como este, el sistema de intercambio de informaci\u00f3n entre pa\u00edses necesita fortalecerse\u00bb, afirm\u00f3 Basanta Raj Adhikari, experto en desastres de la Universidad Tribhuvan en Nepal.<\/p>\n\n\n\n<p>A largo plazo, los expertos consideran que reducir la exposici\u00f3n al riesgo puede ser la defensa m\u00e1s eficaz.<\/p>\n\n\n\n<p>\u00abLos asentamientos ubicados en las riberas de los r\u00edos tambi\u00e9n pueden ser reubicados mediante la identificaci\u00f3n de las zonas de alto riesgo\u00bb, se\u00f1al\u00f3 el experto.<\/p>\n\n\n\n<h2 class=\"wp-block-heading\" id=\"3-Cu\u00e1l-es-el-n\u00famero-de-v\u00edctimas-\">3. \u00bfCu\u00e1l es el n\u00famero de v\u00edctimas?<\/h2>\n\n\n\n<p>El n\u00famero de fallecidos y desaparecidos todav\u00eda sigue variando.<\/p>\n\n\n\n<p>La polic\u00eda de Nepal afirm\u00f3 que m\u00e1s de 350 personas han muerto.<\/p>\n\n\n\n<p>En una actualizaci\u00f3n publicada el jueves por la ma\u00f1ana, la Autoridad Nacional para la Reducci\u00f3n y Gesti\u00f3n del Riesgo de Desastres de Nepal inform\u00f3 que 910 personas siguen desaparecidas, incluidas m\u00e1s de 517 turistas extranjeros.<\/p>\n\n\n\n<p>Mientras tanto, la cadena estatal china CCTV inform\u00f3 el jueves que el n\u00famero de desaparecidos en el desastre en el distrito tibetano de Gyirong hab\u00eda aumentado a 558.<\/p>\n\n\n\n<p>Seg\u00fan CCTV, entre ellos hay 260 ciudadanos extranjeros, y el n\u00famero de fallecidos permanec\u00eda en tres.<\/p>\n\n\n\n<p>No est\u00e1 claro si algunas de las personas desaparecidas contabilizadas por Nepal y China han sido registradas dos veces.<\/p>\n\n\n\n<p>La frontera de Gyirong es el principal paso para turistas y mercanc\u00edas entre China y Nepal.<\/p>\n\n\n\n<figure class=\"wp-block-image size-full\"><img loading=\"lazy\" decoding=\"async\" width=\"800\" height=\"450\" src=\"https:\/\/losperiodistas.com.mx\/portal\/wp-content\/uploads\/2026\/08\/imagen-108.png\" alt=\"\" class=\"wp-image-129428\" srcset=\"https:\/\/losperiodistas.com.mx\/portal\/wp-content\/uploads\/2026\/08\/imagen-108.png 800w, https:\/\/losperiodistas.com.mx\/portal\/wp-content\/uploads\/2026\/08\/imagen-108-300x169.png 300w, https:\/\/losperiodistas.com.mx\/portal\/wp-content\/uploads\/2026\/08\/imagen-108-768x432.png 768w\" sizes=\"(max-width: 800px) 100vw, 800px\" \/><figcaption class=\"wp-element-caption\">Un hombre es rescatado entre el lodo. Gobiernos de India y China se han puesto al frente de las labores de rescate en la zona. <\/figcaption><\/figure>\n\n\n\n<h2 class=\"wp-block-heading\" id=\"4-C\u00f3mo-est\u00e1n-respondiendo-los-gobiernos\">4. \u00bfC\u00f3mo est\u00e1n respondiendo los gobiernos?<\/h2>\n\n\n\n<p>El primer ministro de Nepal afirm\u00f3 que \u00abtoda la naci\u00f3n ha quedado conmocionada y profundamente consternada\u00bb y se\u00f1al\u00f3 que las autoridades coordinar\u00e1n la respuesta con China.<\/p>\n\n\n\n<p>El presidente chino Xi Jinping inst\u00f3 a realizar una b\u00fasqueda \u00abtotal\u00bb y prometi\u00f3 reforzar los sistemas de monitoreo y alerta temprana para prevenir impactos secundarios.<\/p>\n\n\n\n<p>En India, el primer ministro Narendra Modi declar\u00f3 que su gobierno estaba \u00abpreparado para proporcionar a Nepal toda la asistencia humanitaria posible\u00bb.<\/p>\n\n\n\n<p>El secretario general de la ONU, Ant\u00f3nio Guterres, dijo sentirse \u00abentristecido por las graves inundaciones\u00bb y a\u00f1adi\u00f3 que los equipos y socios de las Naciones Unidas est\u00e1n movilizando suministros y personal en Nepal para apoyar la respuesta liderada por el gobierno.<\/p>\n\n\n\n<p>EE.UU. ha prometido US$500.000 en ayuda, destinados a refugios de emergencia, agua potable, saneamiento y otros art\u00edculos de socorro para las comunidades afectadas.<\/p>\n\n\n\n<p>El primer ministro brit\u00e1nico, Andy Burnham, afirm\u00f3 que el gobierno del Reino Unido har\u00e1 \u00abtodo lo posible\u00bb para apoyar a los ciudadanos brit\u00e1nicos que se encuentran en Nepal.<\/p>\n\n\n\n<figure class=\"wp-block-image size-full\"><img loading=\"lazy\" decoding=\"async\" width=\"800\" height=\"533\" src=\"https:\/\/losperiodistas.com.mx\/portal\/wp-content\/uploads\/2026\/08\/imagen-109.png\" alt=\"\" class=\"wp-image-129429\" srcset=\"https:\/\/losperiodistas.com.mx\/portal\/wp-content\/uploads\/2026\/08\/imagen-109.png 800w, https:\/\/losperiodistas.com.mx\/portal\/wp-content\/uploads\/2026\/08\/imagen-109-300x200.png 300w, https:\/\/losperiodistas.com.mx\/portal\/wp-content\/uploads\/2026\/08\/imagen-109-768x512.png 768w\" sizes=\"(max-width: 800px) 100vw, 800px\" \/><figcaption class=\"wp-element-caption\">Las cifras oficiales indican que al menos 291 extranjeros figuran entre los desaparecidos.<\/figcaption><\/figure>\n\n\n\n<p>Fuente: <a href=\"https:\/\/www.bbc.com\/mundo\/articles\/c99dv957nj0o\" target=\"_blank\" rel=\"noreferrer noopener\">BBC<\/a><\/p>\n","protected":false},"excerpt":{"rendered":"<p>Redacci\u00f3n \/ BBC Los enormes deslizamientos de tierra y las inundaciones repentinas en la frontera entre Nepal y el T\u00edbet [&hellip;]<\/p>\n","protected":false},"author":1,"featured_media":129423,"comment_status":"open","ping_status":"open","sticky":false,"template":"","format":"standard","meta":{"site-sidebar-layout":"default","site-content-layout":"","ast-site-content-layout":"default","site-content-style":"default","site-sidebar-style":"default","ast-global-header-display":"","ast-banner-title-visibility":"","ast-main-header-display":"","ast-hfb-above-header-display":"","ast-hfb-below-header-display":"","ast-hfb-mobile-header-display":"","site-post-title":"","ast-breadcrumbs-content":"","ast-featured-img":"","footer-sml-layout":"","theme-transparent-header-meta":"","adv-header-id-meta":"","stick-header-meta":"","header-above-stick-meta":"","header-main-stick-meta":"","header-below-stick-meta":"","astra-migrate-meta-layouts":"default","ast-page-background-enabled":"default","ast-page-background-meta":{"desktop":{"background-color":"var(--ast-global-color-4)","background-image":"","background-repeat":"repeat","background-position":"center center","background-size":"auto","background-attachment":"scroll","background-type":"","background-media":"","overlay-type":"","overlay-color":"","overlay-opacity":"","overlay-gradient":""},"tablet":{"background-color":"","background-image":"","background-repeat":"repeat","background-position":"center center","background-size":"auto","background-attachment":"scroll","background-type":"","background-media":"","overlay-type":"","overlay-color":"","overlay-opacity":"","overlay-gradient":""},"mobile":{"background-color":"","background-image":"","background-repeat":"repeat","background-position":"center center","background-size":"auto","background-attachment":"scroll","background-type":"","background-media":"","overlay-type":"","overlay-color":"","overlay-opacity":"","overlay-gradient":""}},"ast-content-background-meta":{"desktop":{"background-color":"var(--ast-global-color-5)","background-image":"","background-repeat":"repeat","background-position":"center center","background-size":"auto","background-attachment":"scroll","background-type":"","background-media":"","overlay-type":"","overlay-color":"","overlay-opacity":"","overlay-gradient":""},"tablet":{"background-color":"var(--ast-global-color-5)","background-image":"","background-repeat":"repeat","background-position":"center center","background-size":"auto","background-attachment":"scroll","background-type":"","background-media":"","overlay-type":"","overlay-color":"","overlay-opacity":"","overlay-gradient":""},"mobile":{"background-color":"var(--ast-global-color-5)","background-image":"","background-repeat":"repeat","background-position":"center center","background-size":"auto","background-attachment":"scroll","background-type":"","background-media":"","overlay-type":"","overlay-color":"","overlay-opacity":"","overlay-gradient":""}},"footnotes":""},"categories":[8],"tags":[52708,12030,10982,52681],"class_list":["post-129422","post","type-post","status-publish","format-standard","has-post-thumbnail","hentry","category-noticias","tag-deslizamientos-de-tierra","tag-inundaciones","tag-nepal","tag-tibet-2"],"_links":{"self":[{"href":"https:\/\/losperiodistas.com.mx\/portal\/wp-json\/wp\/v2\/posts\/129422","targetHints":{"allow":["GET"]}}],"collection":[{"href":"https:\/\/losperiodistas.com.mx\/portal\/wp-json\/wp\/v2\/posts"}],"about":[{"href":"https:\/\/losperiodistas.com.mx\/portal\/wp-json\/wp\/v2\/types\/post"}],"author":[{"embeddable":true,"href":"https:\/\/losperiodistas.com.mx\/portal\/wp-json\/wp\/v2\/users\/1"}],"replies":[{"embeddable":true,"href":"https:\/\/losperiodistas.com.mx\/portal\/wp-json\/wp\/v2\/comments?post=129422"}],"version-history":[{"count":1,"href":"https:\/\/losperiodistas.com.mx\/portal\/wp-json\/wp\/v2\/posts\/129422\/revisions"}],"predecessor-version":[{"id":129430,"href":"https:\/\/losperiodistas.com.mx\/portal\/wp-json\/wp\/v2\/posts\/129422\/revisions\/129430"}],"wp:featuredmedia":[{"embeddable":true,"href":"https:\/\/losperiodistas.com.mx\/portal\/wp-json\/wp\/v2\/media\/129423"}],"wp:attachment":[{"href":"https:\/\/losperiodistas.com.mx\/portal\/wp-json\/wp\/v2\/media?parent=129422"}],"wp:term":[{"taxonomy":"category","embeddable":true,"href":"https:\/\/losperiodistas.com.mx\/portal\/wp-json\/wp\/v2\/categories?post=129422"},{"taxonomy":"post_tag","embeddable":true,"href":"https:\/\/losperiodistas.com.mx\/portal\/wp-json\/wp\/v2\/tags?post=129422"}],"curies":[{"name":"wp","href":"https:\/\/api.w.org\/{rel}","templated":true}]}}